{"id":4631,"date":"2026-09-02T16:16:11","date_gmt":"2026-09-02T14:16:11","guid":{"rendered":"https:\/\/seausasino.pl\/news\/2026\/09\/nocleg-sasino-mgla-las-stilo-0902\/"},"modified":"2026-09-02T16:16:11","modified_gmt":"2026-09-02T14:16:11","slug":"nocleg-sasino-mgla-las-stilo-0902","status":"publish","type":"post","link":"https:\/\/seausasino.pl\/news\/pl\/2026\/09\/nocleg-sasino-mgla-las-stilo-0902\/","title":{"rendered":"Nocleg w Sasinie, poranna mg\u0142a w lesie"},"content":{"rendered":"<figure style=\"margin:0 auto;max-width:720px;\"><img decoding=\"async\" src=\"https:\/\/riceayyncripijgnlhzv.supabase.co\/storage\/v1\/object\/public\/content-studio\/seausasino-biblioteka\/szuflada-20221015193841-DBAEDA.jpg\" alt=\"Nocleg w Sasinie, poranna mg\u0142a w lesie\" style=\"width:100%;aspect-ratio:4\/5;object-fit:cover;display:block;\" \/><\/figure>\n<p>Dzi\u015b rano las mi\u0119dzy naszymi domami a pla\u017c\u0105 Stilo wygl\u0105da\u0142 inaczej ni\u017c wczoraj. Nad \u015bci\u00f3\u0142k\u0105 z igie\u0142 i wrzos\u00f3w wisia\u0142a jeszcze cienka mgie\u0142ka, a s\u0142o\u0144ce przebija\u0142o si\u0119 przez korony sosen w w\u0105skich, z\u0142otych pasmach. \u015acie\u017cka, kt\u00f3r\u0105 go\u015bcie chodz\u0105 na pla\u017c\u0119, by\u0142a wilgotna od nocnej rosy, poszycie mieni\u0142o si\u0119 odcieniami zieleni i br\u0105zu. To jeden z tych porankow, kiedy warto wyj\u015b\u0107 z domu pi\u0119\u0107 minut wcze\u015bniej, tylko po to, by zobaczy\u0107, jak las si\u0119 budzi.<\/p>\n<p>W\u0142a\u015bnie o to chodzi w Sasinie &#8211; o zmienno\u015b\u0107, kt\u00f3ra nigdy nie jest nudna. Ka\u017cda pora dnia i ka\u017cda aura maluje ten sam kawa\u0142ek lasu na nowo. Rano mg\u0142a i cisza, w po\u0142udnie ostre \u015bwiat\u0142o przecinaj\u0105ce pnie, wieczorem d\u0142ugie cienie i ch\u0142odniejsze powietrze p\u0142yn\u0105ce od morza. Kto szuka dla siebie domu z kominkiem, wie, \u017ce po takiej porannej przechadzce dobrze jest wr\u00f3ci\u0107 do ciep\u0142ego wn\u0119trza i zaparzy\u0107 kaw\u0119 przy oknie.<\/p>\n<h2>Jak wygl\u0105da las mi\u0119dzy domem a pla\u017c\u0105 Stilo?<\/h2>\n<p>Trasa z Sasina do dzikiej pla\u017cy Stilo prowadzi przez fragment lasu, kt\u00f3ry zachowa\u0142 naturalny, niemal dziewiczy charakter. Sosny rosn\u0105 tu nier\u00f3wno, powyginane przez wiatr, a poszycie tworz\u0105 jagodniki i wrzosowiska. Nie ma tu prostych, wyr\u00f3wnanych alejek &#8211; jest \u015bcie\u017cka, kt\u00f3ra skr\u0119ca tam, gdzie kiedy\u015b skr\u0119ci\u0142 las. To w\u0142a\u015bnie ta nieregularno\u015b\u0107 sprawia, \u017ce ka\u017cde przej\u015bcie robi inne wra\u017cenie, w zale\u017cno\u015bci od godziny i pogody.<\/p>\n<p>W dni pochmurne las zyskuje intensywniejsz\u0105 ziele\u0144, a powietrze pachnie wilgotn\u0105 kor\u0105. W dni s\u0142oneczne mi\u0119dzy pniami pojawiaj\u0105 si\u0119 smugi \u015bwiat\u0142a, kt\u00f3re wy\u0142apuj\u0105 drobinki py\u0142ku i unosz\u0105cy si\u0119 py\u0142 le\u015bny. Dla go\u015bci, kt\u00f3rzy wybieraj\u0105 domy nad morzem do wynaj\u0119cia w\u0142a\u015bnie w tej cz\u0119\u015bci wybrze\u017ca, ten kawa\u0142ek lasu bywa jednym z najcz\u0119\u015bciej wspominanych element\u00f3w pobytu &#8211; spokojnym, powtarzalnym rytua\u0142em mi\u0119dzy domem a piaskiem.<\/p>\n<h2>Dlaczego ka\u017cda aura ma tu sw\u00f3j urok?<\/h2>\n<p>Ba\u0142tyk w tej okolicy nie ma jednego, ustalonego charakteru. Bywa spokojny i szklisty, bywa te\u017c szary i wzburzony, a las tu\u017c nad brzegiem odbija ten nastr\u00f3j niemal r\u00f3wnie mocno, jak sama pla\u017ca. Kiedy nad morzem wisi mg\u0142a, ona si\u0119ga te\u017c pierwszych rz\u0119d\u00f3w sosen, spowalniaj\u0105c wszystko wok\u00f3\u0142. Kiedy \u015bwieci s\u0142o\u0144ce, drzewa rzucaj\u0105 d\u0142ugie pasy cienia na \u015bcie\u017ck\u0119, a temperatura pod baldachimem koron jest zawsze o kilka stopni ni\u017csza ni\u017c na otwartej pla\u017cy.<\/p>\n<p>To w\u0142a\u015bnie z tego powodu warto wybiera\u0107 Sasino nie na jeden konkretny, wymarzony dzie\u0144, a na ca\u0142y pobyt &#8211; kilka dni z rz\u0119du, \u017ceby zobaczy\u0107 las w r\u00f3\u017cnych ods\u0142onach. Rano w mgle, w \u015brodku dnia w ostrym s\u0142o\u0144cu, wieczorem w ciszy i ch\u0142odzie. Ka\u017cda wersja jest inna i ka\u017cda daje pow\u00f3d, by wr\u00f3ci\u0107 na t\u0119 sam\u0105 \u015bcie\u017ck\u0119 jeszcze raz.<\/p>\n<p>Po takim spacerze najlepiej wraca si\u0119 do wn\u0119trza, gdzie czeka w pe\u0142ni wyposa\u017cona kuchnia, drewniane belki i widok na w\u0142asny ogr\u00f3d. To kontrast, kt\u00f3ry dobrze oddaje charakter tego miejsca &#8211; dzika przyroda po jednej stronie, spokojny dom po drugiej.<\/p>\n<h2>Wolne terminy w SeaUSasino<\/h2>\n<p>\ud83d\udccd Najbli\u017cszy wolny termin: <strong>02.09.2026<\/strong><\/p>\n<p>Cztery ca\u0142oroczne, luksusowe domy z drewna w Sasinie \u2014 ka\u017cdy dla o\u015bmiu os\u00f3b, z kominkiem i prywatnym ogrodem, spacer sosnowym lasem od pla\u017cy Stilo. Sprawd\u017a dost\u0119pno\u015b\u0107 i <a href=\"https:\/\/seausasino.pl\">zarezerwuj na seausasino.pl<\/a>.<\/p>\n","protected":false},"excerpt":{"rendered":"<p>Sosnowy las mi\u0119dzy domem a pla\u017c\u0105 Stilo zmienia si\u0119 z ka\u017cd\u0105 godzin\u0105. Zobacz, jak wygl\u0105da o \u015bwicie i zarezerwuj dom w Sasinie nad morzem.<\/p>\n","protected":false},"author":1,"featured_media":4630,"comment_status":"closed","ping_status":"closed","sticky":false,"template":"","format":"standard","meta":{"_yoast_wpseo_focuskw":"","_yoast_wpseo_title":"SEAUSASINO.PL - Nocleg w Sasinie, mg\u0142a w sosnowym lesie","_yoast_wpseo_metadesc":"Sosnowy las mi\u0119dzy domem a pla\u017c\u0105 Stilo zmienia si\u0119 z ka\u017cd\u0105 godzin\u0105. Zobacz, jak wygl\u0105da o \u015bwicie i zarezerwuj dom w Sasinie nad morzem.","seau_keywords":"Sasino noclegi, pla\u017ca Stilo, dom do wynajecia Sasino, domy nad morzem w okolicach \u0141eby, Stilo domki, Kopalino, las sosnowy Sasino","footnotes":""},"categories":[12],"tags":[],"class_list":["post-4631","post","type-post","status-publish","format-standard","has-post-thumbnail","hentry","category-bez-kategorii-pl"],"yoast_head":"<!-- This site is optimized with the Yoast SEO plugin v22.6 - https:\/\/yoast.com\/wordpress\/plugins\/seo\/ -->\n<title>SEAUSASINO.PL - Nocleg w Sasinie, mg\u0142a w sosnowym lesie<\/title>\n<meta name=\"description\" content=\"Sosnowy las mi\u0119dzy domem a pla\u017c\u0105 Stilo zmienia si\u0119 z ka\u017cd\u0105 godzin\u0105. Zobacz, jak wygl\u0105da o \u015bwicie i zarezerwuj dom w Sasinie nad morzem.\" \/>\n<meta name=\"robots\" content=\"index, follow, max-snippet:-1, max-image-preview:large, max-video-preview:-1\" \/>\n<link rel=\"canonical\" href=\"https:\/\/seausasino.pl\/news\/pl\/2026\/09\/nocleg-sasino-mgla-las-stilo-0902\/\" \/>\n<meta property=\"og:locale\" content=\"pl_PL\" \/>\n<meta property=\"og:type\" content=\"article\" \/>\n<meta property=\"og:title\" content=\"SEAUSASINO.PL - Nocleg w Sasinie, mg\u0142a w sosnowym lesie\" \/>\n<meta property=\"og:description\" content=\"Sosnowy las mi\u0119dzy domem a pla\u017c\u0105 Stilo zmienia si\u0119 z ka\u017cd\u0105 godzin\u0105. Zobacz, jak wygl\u0105da o \u015bwicie i zarezerwuj dom w Sasinie nad morzem.\" \/>\n<meta property=\"og:url\" content=\"https:\/\/seausasino.pl\/news\/pl\/2026\/09\/nocleg-sasino-mgla-las-stilo-0902\/\" \/>\n<meta property=\"og:site_name\" content=\"SeaUSasino\" \/>\n<meta property=\"article:publisher\" content=\"https:\/\/www.facebook.com\/sasinoapartments4rent\" \/>\n<meta property=\"article:published_time\" content=\"2026-09-02T14:16:11+00:00\" \/>\n<meta property=\"og:image\" content=\"https:\/\/seausasino.pl\/news\/wp-content\/uploads\/2026\/09\/seau-nocleg-sasino-mgla-las-stilo-0902.jpg\" \/>\n\t<meta property=\"og:image:width\" content=\"1536\" \/>\n\t<meta property=\"og:image:height\" content=\"2048\" \/>\n\t<meta property=\"og:image:type\" content=\"image\/jpeg\" \/>\n<meta name=\"author\" content=\"admin\" \/>\n<meta name=\"twitter:card\" content=\"summary_large_image\" \/>\n<meta name=\"twitter:label1\" content=\"Napisane przez\" \/>\n\t<meta name=\"twitter:data1\" content=\"admin\" \/>\n\t<meta name=\"twitter:label2\" content=\"Szacowany czas czytania\" \/>\n\t<meta name=\"twitter:data2\" content=\"3 minuty\" \/>\n<script type=\"application\/ld+json\" class=\"yoast-schema-graph\">{\"@context\":\"https:\/\/schema.org\",\"@graph\":[{\"@type\":\"Article\",\"@id\":\"https:\/\/seausasino.pl\/news\/pl\/2026\/09\/nocleg-sasino-mgla-las-stilo-0902\/#article\",\"isPartOf\":{\"@id\":\"https:\/\/seausasino.pl\/news\/pl\/2026\/09\/nocleg-sasino-mgla-las-stilo-0902\/\"},\"author\":{\"name\":\"admin\",\"@id\":\"https:\/\/seausasino.pl\/news\/#\/schema\/person\/83768b5304ac25a7aec12584e5bafa66\"},\"headline\":\"Nocleg w Sasinie, poranna mg\u0142a w lesie\",\"datePublished\":\"2026-09-02T14:16:11+00:00\",\"dateModified\":\"2026-09-02T14:16:11+00:00\",\"mainEntityOfPage\":{\"@id\":\"https:\/\/seausasino.pl\/news\/pl\/2026\/09\/nocleg-sasino-mgla-las-stilo-0902\/\"},\"wordCount\":614,\"publisher\":{\"@id\":\"https:\/\/seausasino.pl\/news\/#organization\"},\"image\":{\"@id\":\"https:\/\/seausasino.pl\/news\/pl\/2026\/09\/nocleg-sasino-mgla-las-stilo-0902\/#primaryimage\"},\"thumbnailUrl\":\"https:\/\/seausasino.pl\/news\/wp-content\/uploads\/2026\/09\/seau-nocleg-sasino-mgla-las-stilo-0902.jpg\",\"inLanguage\":\"pl-PL\"},{\"@type\":\"WebPage\",\"@id\":\"https:\/\/seausasino.pl\/news\/pl\/2026\/09\/nocleg-sasino-mgla-las-stilo-0902\/\",\"url\":\"https:\/\/seausasino.pl\/news\/pl\/2026\/09\/nocleg-sasino-mgla-las-stilo-0902\/\",\"name\":\"SEAUSASINO.PL - Nocleg w Sasinie, mg\u0142a w sosnowym lesie\",\"isPartOf\":{\"@id\":\"https:\/\/seausasino.pl\/news\/#website\"},\"primaryImageOfPage\":{\"@id\":\"https:\/\/seausasino.pl\/news\/pl\/2026\/09\/nocleg-sasino-mgla-las-stilo-0902\/#primaryimage\"},\"image\":{\"@id\":\"https:\/\/seausasino.pl\/news\/pl\/2026\/09\/nocleg-sasino-mgla-las-stilo-0902\/#primaryimage\"},\"thumbnailUrl\":\"https:\/\/seausasino.pl\/news\/wp-content\/uploads\/2026\/09\/seau-nocleg-sasino-mgla-las-stilo-0902.jpg\",\"datePublished\":\"2026-09-02T14:16:11+00:00\",\"dateModified\":\"2026-09-02T14:16:11+00:00\",\"description\":\"Sosnowy las mi\u0119dzy domem a pla\u017c\u0105 Stilo zmienia si\u0119 z ka\u017cd\u0105 godzin\u0105. Zobacz, jak wygl\u0105da o \u015bwicie i zarezerwuj dom w Sasinie nad morzem.\",\"breadcrumb\":{\"@id\":\"https:\/\/seausasino.pl\/news\/pl\/2026\/09\/nocleg-sasino-mgla-las-stilo-0902\/#breadcrumb\"},\"inLanguage\":\"pl-PL\",\"potentialAction\":[{\"@type\":\"ReadAction\",\"target\":[\"https:\/\/seausasino.pl\/news\/pl\/2026\/09\/nocleg-sasino-mgla-las-stilo-0902\/\"]}]},{\"@type\":\"ImageObject\",\"inLanguage\":\"pl-PL\",\"@id\":\"https:\/\/seausasino.pl\/news\/pl\/2026\/09\/nocleg-sasino-mgla-las-stilo-0902\/#primaryimage\",\"url\":\"https:\/\/seausasino.pl\/news\/wp-content\/uploads\/2026\/09\/seau-nocleg-sasino-mgla-las-stilo-0902.jpg\",\"contentUrl\":\"https:\/\/seausasino.pl\/news\/wp-content\/uploads\/2026\/09\/seau-nocleg-sasino-mgla-las-stilo-0902.jpg\",\"width\":1536,\"height\":2048},{\"@type\":\"BreadcrumbList\",\"@id\":\"https:\/\/seausasino.pl\/news\/pl\/2026\/09\/nocleg-sasino-mgla-las-stilo-0902\/#breadcrumb\",\"itemListElement\":[{\"@type\":\"ListItem\",\"position\":1,\"name\":\"Strona g\u0142\u00f3wna\",\"item\":\"https:\/\/seausasino.pl\/news\/pl\/\"},{\"@type\":\"ListItem\",\"position\":2,\"name\":\"Nocleg w Sasinie, poranna mg\u0142a w lesie\"}]},{\"@type\":\"WebSite\",\"@id\":\"https:\/\/seausasino.pl\/news\/#website\",\"url\":\"https:\/\/seausasino.pl\/news\/\",\"name\":\"SeaUSasino\",\"description\":\"Blog\",\"publisher\":{\"@id\":\"https:\/\/seausasino.pl\/news\/#organization\"},\"potentialAction\":[{\"@type\":\"SearchAction\",\"target\":{\"@type\":\"EntryPoint\",\"urlTemplate\":\"https:\/\/seausasino.pl\/news\/?s={search_term_string}\"},\"query-input\":\"required name=search_term_string\"}],\"inLanguage\":\"pl-PL\"},{\"@type\":\"Organization\",\"@id\":\"https:\/\/seausasino.pl\/news\/#organization\",\"name\":\"SeaUSasino\",\"url\":\"https:\/\/seausasino.pl\/news\/\",\"logo\":{\"@type\":\"ImageObject\",\"inLanguage\":\"pl-PL\",\"@id\":\"https:\/\/seausasino.pl\/news\/#\/schema\/logo\/image\/\",\"url\":\"https:\/\/seausasino.pl\/news\/wp-content\/uploads\/2022\/09\/06-2.jpg\",\"contentUrl\":\"https:\/\/seausasino.pl\/news\/wp-content\/uploads\/2022\/09\/06-2.jpg\",\"width\":853,\"height\":1280,\"caption\":\"SeaUSasino\"},\"image\":{\"@id\":\"https:\/\/seausasino.pl\/news\/#\/schema\/logo\/image\/\"},\"sameAs\":[\"https:\/\/www.facebook.com\/sasinoapartments4rent\",\"https:\/\/www.instagram.com\/seausasino\"]},{\"@type\":\"Person\",\"@id\":\"https:\/\/seausasino.pl\/news\/#\/schema\/person\/83768b5304ac25a7aec12584e5bafa66\",\"name\":\"admin\",\"image\":{\"@type\":\"ImageObject\",\"inLanguage\":\"pl-PL\",\"@id\":\"https:\/\/seausasino.pl\/news\/#\/schema\/person\/image\/\",\"url\":\"https:\/\/secure.gravatar.com\/avatar\/fc9bb3bac2b6959872cb274c84c62cf23e37f06526382b7da0d744fac7f387cb?s=96&d=mm&r=g\",\"contentUrl\":\"https:\/\/secure.gravatar.com\/avatar\/fc9bb3bac2b6959872cb274c84c62cf23e37f06526382b7da0d744fac7f387cb?s=96&d=mm&r=g\",\"caption\":\"admin\"},\"url\":\"https:\/\/seausasino.pl\/news\/author\/admin\/\"}]}<\/script>\n<!-- \/ Yoast SEO plugin. -->","yoast_head_json":{"title":"SEAUSASINO.PL - Nocleg w Sasinie, mg\u0142a w sosnowym lesie","description":"Sosnowy las mi\u0119dzy domem a pla\u017c\u0105 Stilo zmienia si\u0119 z ka\u017cd\u0105 godzin\u0105. Zobacz, jak wygl\u0105da o \u015bwicie i zarezerwuj dom w Sasinie nad morzem.","robots":{"index":"index","follow":"follow","max-snippet":"max-snippet:-1","max-image-preview":"max-image-preview:large","max-video-preview":"max-video-preview:-1"},"canonical":"https:\/\/seausasino.pl\/news\/pl\/2026\/09\/nocleg-sasino-mgla-las-stilo-0902\/","og_locale":"pl_PL","og_type":"article","og_title":"SEAUSASINO.PL - Nocleg w Sasinie, mg\u0142a w sosnowym lesie","og_description":"Sosnowy las mi\u0119dzy domem a pla\u017c\u0105 Stilo zmienia si\u0119 z ka\u017cd\u0105 godzin\u0105. Zobacz, jak wygl\u0105da o \u015bwicie i zarezerwuj dom w Sasinie nad morzem.","og_url":"https:\/\/seausasino.pl\/news\/pl\/2026\/09\/nocleg-sasino-mgla-las-stilo-0902\/","og_site_name":"SeaUSasino","article_publisher":"https:\/\/www.facebook.com\/sasinoapartments4rent","article_published_time":"2026-09-02T14:16:11+00:00","og_image":[{"width":1536,"height":2048,"url":"https:\/\/seausasino.pl\/news\/wp-content\/uploads\/2026\/09\/seau-nocleg-sasino-mgla-las-stilo-0902.jpg","type":"image\/jpeg"}],"author":"admin","twitter_card":"summary_large_image","twitter_misc":{"Napisane przez":"admin","Szacowany czas czytania":"3 minuty"},"schema":{"@context":"https:\/\/schema.org","@graph":[{"@type":"Article","@id":"https:\/\/seausasino.pl\/news\/pl\/2026\/09\/nocleg-sasino-mgla-las-stilo-0902\/#article","isPartOf":{"@id":"https:\/\/seausasino.pl\/news\/pl\/2026\/09\/nocleg-sasino-mgla-las-stilo-0902\/"},"author":{"name":"admin","@id":"https:\/\/seausasino.pl\/news\/#\/schema\/person\/83768b5304ac25a7aec12584e5bafa66"},"headline":"Nocleg w Sasinie, poranna mg\u0142a w lesie","datePublished":"2026-09-02T14:16:11+00:00","dateModified":"2026-09-02T14:16:11+00:00","mainEntityOfPage":{"@id":"https:\/\/seausasino.pl\/news\/pl\/2026\/09\/nocleg-sasino-mgla-las-stilo-0902\/"},"wordCount":614,"publisher":{"@id":"https:\/\/seausasino.pl\/news\/#organization"},"image":{"@id":"https:\/\/seausasino.pl\/news\/pl\/2026\/09\/nocleg-sasino-mgla-las-stilo-0902\/#primaryimage"},"thumbnailUrl":"https:\/\/seausasino.pl\/news\/wp-content\/uploads\/2026\/09\/seau-nocleg-sasino-mgla-las-stilo-0902.jpg","inLanguage":"pl-PL"},{"@type":"WebPage","@id":"https:\/\/seausasino.pl\/news\/pl\/2026\/09\/nocleg-sasino-mgla-las-stilo-0902\/","url":"https:\/\/seausasino.pl\/news\/pl\/2026\/09\/nocleg-sasino-mgla-las-stilo-0902\/","name":"SEAUSASINO.PL - Nocleg w Sasinie, mg\u0142a w sosnowym lesie","isPartOf":{"@id":"https:\/\/seausasino.pl\/news\/#website"},"primaryImageOfPage":{"@id":"https:\/\/seausasino.pl\/news\/pl\/2026\/09\/nocleg-sasino-mgla-las-stilo-0902\/#primaryimage"},"image":{"@id":"https:\/\/seausasino.pl\/news\/pl\/2026\/09\/nocleg-sasino-mgla-las-stilo-0902\/#primaryimage"},"thumbnailUrl":"https:\/\/seausasino.pl\/news\/wp-content\/uploads\/2026\/09\/seau-nocleg-sasino-mgla-las-stilo-0902.jpg","datePublished":"2026-09-02T14:16:11+00:00","dateModified":"2026-09-02T14:16:11+00:00","description":"Sosnowy las mi\u0119dzy domem a pla\u017c\u0105 Stilo zmienia si\u0119 z ka\u017cd\u0105 godzin\u0105. Zobacz, jak wygl\u0105da o \u015bwicie i zarezerwuj dom w Sasinie nad morzem.","breadcrumb":{"@id":"https:\/\/seausasino.pl\/news\/pl\/2026\/09\/nocleg-sasino-mgla-las-stilo-0902\/#breadcrumb"},"inLanguage":"pl-PL","potentialAction":[{"@type":"ReadAction","target":["https:\/\/seausasino.pl\/news\/pl\/2026\/09\/nocleg-sasino-mgla-las-stilo-0902\/"]}]},{"@type":"ImageObject","inLanguage":"pl-PL","@id":"https:\/\/seausasino.pl\/news\/pl\/2026\/09\/nocleg-sasino-mgla-las-stilo-0902\/#primaryimage","url":"https:\/\/seausasino.pl\/news\/wp-content\/uploads\/2026\/09\/seau-nocleg-sasino-mgla-las-stilo-0902.jpg","contentUrl":"https:\/\/seausasino.pl\/news\/wp-content\/uploads\/2026\/09\/seau-nocleg-sasino-mgla-las-stilo-0902.jpg","width":1536,"height":2048},{"@type":"BreadcrumbList","@id":"https:\/\/seausasino.pl\/news\/pl\/2026\/09\/nocleg-sasino-mgla-las-stilo-0902\/#breadcrumb","itemListElement":[{"@type":"ListItem","position":1,"name":"Strona g\u0142\u00f3wna","item":"https:\/\/seausasino.pl\/news\/pl\/"},{"@type":"ListItem","position":2,"name":"Nocleg w Sasinie, poranna mg\u0142a w lesie"}]},{"@type":"WebSite","@id":"https:\/\/seausasino.pl\/news\/#website","url":"https:\/\/seausasino.pl\/news\/","name":"SeaUSasino","description":"Blog","publisher":{"@id":"https:\/\/seausasino.pl\/news\/#organization"},"potentialAction":[{"@type":"SearchAction","target":{"@type":"EntryPoint","urlTemplate":"https:\/\/seausasino.pl\/news\/?s={search_term_string}"},"query-input":"required name=search_term_string"}],"inLanguage":"pl-PL"},{"@type":"Organization","@id":"https:\/\/seausasino.pl\/news\/#organization","name":"SeaUSasino","url":"https:\/\/seausasino.pl\/news\/","logo":{"@type":"ImageObject","inLanguage":"pl-PL","@id":"https:\/\/seausasino.pl\/news\/#\/schema\/logo\/image\/","url":"https:\/\/seausasino.pl\/news\/wp-content\/uploads\/2022\/09\/06-2.jpg","contentUrl":"https:\/\/seausasino.pl\/news\/wp-content\/uploads\/2022\/09\/06-2.jpg","width":853,"height":1280,"caption":"SeaUSasino"},"image":{"@id":"https:\/\/seausasino.pl\/news\/#\/schema\/logo\/image\/"},"sameAs":["https:\/\/www.facebook.com\/sasinoapartments4rent","https:\/\/www.instagram.com\/seausasino"]},{"@type":"Person","@id":"https:\/\/seausasino.pl\/news\/#\/schema\/person\/83768b5304ac25a7aec12584e5bafa66","name":"admin","image":{"@type":"ImageObject","inLanguage":"pl-PL","@id":"https:\/\/seausasino.pl\/news\/#\/schema\/person\/image\/","url":"https:\/\/secure.gravatar.com\/avatar\/fc9bb3bac2b6959872cb274c84c62cf23e37f06526382b7da0d744fac7f387cb?s=96&d=mm&r=g","contentUrl":"https:\/\/secure.gravatar.com\/avatar\/fc9bb3bac2b6959872cb274c84c62cf23e37f06526382b7da0d744fac7f387cb?s=96&d=mm&r=g","caption":"admin"},"url":"https:\/\/seausasino.pl\/news\/author\/admin\/"}]}},"_links":{"self":[{"href":"https:\/\/seausasino.pl\/news\/wp-json\/wp\/v2\/posts\/4631","targetHints":{"allow":["GET"]}}],"collection":[{"href":"https:\/\/seausasino.pl\/news\/wp-json\/wp\/v2\/posts"}],"about":[{"href":"https:\/\/seausasino.pl\/news\/wp-json\/wp\/v2\/types\/post"}],"author":[{"embeddable":true,"href":"https:\/\/seausasino.pl\/news\/wp-json\/wp\/v2\/users\/1"}],"replies":[{"embeddable":true,"href":"https:\/\/seausasino.pl\/news\/wp-json\/wp\/v2\/comments?post=4631"}],"version-history":[{"count":0,"href":"https:\/\/seausasino.pl\/news\/wp-json\/wp\/v2\/posts\/4631\/revisions"}],"wp:featuredmedia":[{"embeddable":true,"href":"https:\/\/seausasino.pl\/news\/wp-json\/wp\/v2\/media\/4630"}],"wp:attachment":[{"href":"https:\/\/seausasino.pl\/news\/wp-json\/wp\/v2\/media?parent=4631"}],"wp:term":[{"taxonomy":"category","embeddable":true,"href":"https:\/\/seausasino.pl\/news\/wp-json\/wp\/v2\/categories?post=4631"},{"taxonomy":"post_tag","embeddable":true,"href":"https:\/\/seausasino.pl\/news\/wp-json\/wp\/v2\/tags?post=4631"}],"curies":[{"name":"wp","href":"https:\/\/api.w.org\/{rel}","templated":true}]}}