{"id":4616,"date":"2026-09-01T19:34:37","date_gmt":"2026-09-01T17:34:37","guid":{"rendered":"https:\/\/seausasino.pl\/news\/2026\/09\/wydmy-przy-plazy-stilo-sasino-0901\/"},"modified":"2026-09-01T19:34:37","modified_gmt":"2026-09-01T17:34:37","slug":"wydmy-przy-plazy-stilo-sasino-0901","status":"publish","type":"post","link":"https:\/\/seausasino.pl\/news\/pl\/2026\/09\/wydmy-przy-plazy-stilo-sasino-0901\/","title":{"rendered":"Nocleg nad morzem, wydmy przy pla\u017cy Stilo"},"content":{"rendered":"<figure style=\"margin:0 auto;max-width:720px;\"><img decoding=\"async\" src=\"https:\/\/riceayyncripijgnlhzv.supabase.co\/storage\/v1\/object\/public\/content-studio\/seausasino-biblioteka\/zdjecia-wzdmz_IMG_7586.jpg\" alt=\"Nocleg nad morzem, wydmy przy pla\u017cy Stilo\" style=\"width:100%;aspect-ratio:4\/5;object-fit:cover;display:block;\" \/><\/figure>\n<p>Wiatr od morza porusza tu ka\u017cdym \u017ad\u017ab\u0142em trawy wydmowej, a piasek pod ni\u0105 l\u015bni w s\u0142o\u0144cu jak jasny obrus roz\u0142o\u017cony mi\u0119dzy lasem i wod\u0105. To w\u0142a\u015bnie ten pas wydmy, poro\u015bni\u0119ty piaskownic\u0105, chroni przed erozj\u0105 najcenniejszy fragment wybrze\u017ca &#8211; doj\u015bcie do pla\u017cy Stilo, dzikiej i wci\u0105\u017c niezabudowanej. Kilkana\u015bcie krok\u00f3w dalej piasek robi si\u0119 drobniejszy, a szum sosen ust\u0119puje szumowi fal.<\/p>\n<h2>Sasino nad morzem &#8211; co wida\u0107 z wydmy przy Stilo?<\/h2>\n<p>Z tego miejsca, jeszcze zanim wyjdzie si\u0119 na otwart\u0105 pla\u017c\u0119, wida\u0107 ciemn\u0105, poszarpan\u0105 lini\u0119 sosnowego lasu, kt\u00f3ry oddziela Sasino nad morzem od wydm. To w\u0142a\u015bnie przez ten las prowadzi \u015bcie\u017cka, kt\u00f3r\u0105 go\u015bcie naszych dom\u00f3w przechodz\u0105 codziennie &#8211; najpierw cie\u0144 i zapach \u017cywicy, potem piasek coraz ja\u015bniejszy, a\u017c w ko\u0144cu otwiera si\u0119 widok na horyzont. Trawa wydmowa, kt\u00f3r\u0105 wida\u0107 na zdj\u0119ciu, ro\u015bnie tu g\u0119\u015bciej ni\u017c gdzie indziej, bo to w\u0142a\u015bnie ona utrzymuje wydm\u0119 w jednym miejscu i nie pozwala jej w\u0119drowa\u0107 w stron\u0119 lasu. Jesieni\u0105 jej z\u0142ociste, wysuszone s\u0142o\u0144cem p\u0119dy kontrastuj\u0105 z zieleni\u0105, kt\u00f3ra trzyma si\u0119 jeszcze u podstawy &#8211; i to w\u0142a\u015bnie ten moment, mi\u0119dzy latem a jesieni\u0105, wygl\u0105da najbardziej malowniczo.<\/p>\n<h3>Piasek, s\u00f3l i cisza<\/h3>\n<p>Pla\u017ca Stilo nie ma tu nic sztucznego &#8211; nie ma pomost\u00f3w, kiosk\u00f3w, nic, co przypomina\u0142oby o t\u0142umie. Jest tylko piasek, woda i pas wydm poro\u015bni\u0119tych traw\u0105, kt\u00f3ra latem jest zielona, a jesieni\u0105 zmienia kolor na piaskowy i miodowy, prawie taki sam jak sam piasek pod ni\u0105. Ten kontrast dobrze wida\u0107 w\u0142a\u015bnie teraz, gdy s\u0142o\u0144ce jest ni\u017cej i \u015bwiat\u0142o pada bardziej p\u0142asko, podkre\u015blaj\u0105c ka\u017cde \u017ad\u017ab\u0142o.<\/p>\n<h2>Stilo domki i droga, kt\u00f3ra nie m\u0119czy<\/h2>\n<p>Do tego samego miejsca da si\u0119 doj\u015b\u0107 z ka\u017cdego z naszych czterech dom\u00f3w &#8211; drewnianych, ca\u0142orocznych, z kominkiem, prywatnym ogrodem i tarasem. Stilo domki, o kt\u00f3rych piszemy najcz\u0119\u015bciej, to w\u0142a\u015bnie te budynki w Sasinie, sk\u0105d na dzik\u0105 pla\u017c\u0119 idzie si\u0119 spokojnym, le\u015bnym spacerem, bez konieczno\u015bci wsiadania do samochodu. Droga wiedzie przez sosnowy las, cichy i pachn\u0105cy \u017cywic\u0105, a ko\u0144czy si\u0119 dok\u0142adnie tam, gdzie zaczyna si\u0119 wydma z traw\u0105 uchwycon\u0105 na zdj\u0119ciu. To kr\u00f3tki, ale bardzo wyra\u017any kontrast &#8211; z ch\u0142odnego lasu wychodzi si\u0119 w pe\u0142ne s\u0142o\u0144ce, piasek i przestrze\u0144.<\/p>\n<p>Po powrocie z takiej w\u0119dr\u00f3wki dobrze wraca si\u0119 do domu z kominkiem, gdzie mo\u017cna rozpali\u0107 ogie\u0144, ugotowa\u0107 kolacj\u0119 samodzielnie w w pe\u0142ni wyposa\u017conej kuchni i usi\u0105\u015b\u0107 na tarasie, s\u0142uchaj\u0105c, jak wiatr wci\u0105\u017c porusza si\u0119 gdzie\u015b w koronach sosen. To rytm, kt\u00f3ry powtarza si\u0119 tu ka\u017cdego dnia, niezale\u017cnie od pory roku &#8211; rano cisza i mg\u0142a nad wydmami, w \u015brodku dnia s\u0142o\u0144ce i piasek, wieczorem spok\u00f3j ogrodu.<\/p>\n<h2>Kiedy trawa wydmowa wygl\u0105da najlepiej?<\/h2>\n<p>Najwi\u0119cej takich kadr\u00f3w, jak ten na zdj\u0119ciu, powstaje na prze\u0142omie lata i jesieni, kiedy trawa piaskownica zaczyna \u017c\u00f3\u0142kn\u0105\u0107, a s\u0142o\u0144ce \u015bwieci ju\u017c ni\u017cej nad horyzontem. To te\u017c dobry moment, \u017ceby szuka\u0107 domu do wynaj\u0119cia w Sasinie na d\u0142u\u017cszy pobyt &#8211; bez t\u0142um\u00f3w, z pe\u0142nym dost\u0119pem do pla\u017cy i lasu, w kameralnym otoczeniu, gdzie s\u0142ycha\u0107 tylko wiatr i ptaki. Domy nad morzem w okolicach \u0141eby cz\u0119sto kojarz\u0105 si\u0119 z ruchem i sezonowym t\u0142okiem, tymczasem tutaj, mi\u0119dzy \u0141eb\u0105 a Kopalinem, wci\u0105\u017c mo\u017cna znale\u017a\u0107 fragment wybrze\u017ca, gdzie wydma i las zosta\u0142y praktycznie nienaruszone.<\/p>\n<p>Je\u015bli szukacie miejsca, kt\u00f3re \u0142\u0105czy blisko\u015b\u0107 dzikiej pla\u017cy z komfortem drewnianego domu z kominkiem, warto zapami\u0119ta\u0107 w\u0142a\u015bnie ten obrazek &#8211; piaskownica na wydmie, ciemna linia lasu w tle i b\u0142\u0119kitne niebo bez \u017cadnej chmurki. To dok\u0142adnie to, co czeka po kilkuminutowym spacerze od furtki ogrodu.<\/p>\n<h2>Wolne terminy w SeaUSasino<\/h2>\n<p>\ud83d\udccd Najbli\u017cszy wolny termin: <strong>01.09.2026<\/strong><\/p>\n<p>Cztery ca\u0142oroczne, luksusowe domy z drewna w Sasinie \u2014 ka\u017cdy dla o\u015bmiu os\u00f3b, z kominkiem i prywatnym ogrodem, spacer sosnowym lasem od pla\u017cy Stilo. Sprawd\u017a dost\u0119pno\u015b\u0107 i <a href=\"https:\/\/seausasino.pl\">zarezerwuj na seausasino.pl<\/a>.<\/p>\n","protected":false},"excerpt":{"rendered":"<p>Wydmy poro\u015bni\u0119te traw\u0105, sosnowy las i cisza tu\u017c przed pla\u017c\u0105 Stilo &#8211; zobacz domy w Sasinie nad morzem i zarezerwuj pobyt na seausasino.pl ju\u017c teraz.<\/p>\n","protected":false},"author":1,"featured_media":4615,"comment_status":"closed","ping_status":"closed","sticky":false,"template":"","format":"standard","meta":{"_yoast_wpseo_focuskw":"","_yoast_wpseo_title":"SEAUSASINO.PL - Nocleg nad morzem, wydmy przy Stilo","_yoast_wpseo_metadesc":"Wydmy poro\u015bni\u0119te traw\u0105, sosnowy las i cisza tu\u017c przed pla\u017c\u0105 Stilo - zobacz domy w Sasinie nad morzem i zarezerwuj pobyt na seausasino.pl ju\u017c teraz.","seau_keywords":"pla\u017ca Stilo, Stilo domki, Sasino nad morzem, dom z kominkiem, domy nad morzem w okolicach \u0141eby, Sasino noclegi, dom do wynaj\u0119cia Sasino","footnotes":""},"categories":[12],"tags":[],"class_list":["post-4616","post","type-post","status-publish","format-standard","has-post-thumbnail","hentry","category-bez-kategorii-pl"],"yoast_head":"<!-- This site is optimized with the Yoast SEO plugin v22.6 - https:\/\/yoast.com\/wordpress\/plugins\/seo\/ -->\n<title>SEAUSASINO.PL - Nocleg nad morzem, wydmy przy Stilo<\/title>\n<meta name=\"description\" content=\"Wydmy poro\u015bni\u0119te traw\u0105, sosnowy las i cisza tu\u017c przed pla\u017c\u0105 Stilo - zobacz domy w Sasinie nad morzem i zarezerwuj pobyt na seausasino.pl ju\u017c teraz.\" \/>\n<meta name=\"robots\" content=\"index, follow, max-snippet:-1, max-image-preview:large, max-video-preview:-1\" \/>\n<link rel=\"canonical\" href=\"https:\/\/seausasino.pl\/news\/pl\/2026\/09\/wydmy-przy-plazy-stilo-sasino-0901\/\" \/>\n<meta property=\"og:locale\" content=\"pl_PL\" \/>\n<meta property=\"og:type\" content=\"article\" \/>\n<meta property=\"og:title\" content=\"SEAUSASINO.PL - Nocleg nad morzem, wydmy przy Stilo\" \/>\n<meta property=\"og:description\" content=\"Wydmy poro\u015bni\u0119te traw\u0105, sosnowy las i cisza tu\u017c przed pla\u017c\u0105 Stilo - zobacz domy w Sasinie nad morzem i zarezerwuj pobyt na seausasino.pl ju\u017c teraz.\" \/>\n<meta property=\"og:url\" content=\"https:\/\/seausasino.pl\/news\/pl\/2026\/09\/wydmy-przy-plazy-stilo-sasino-0901\/\" \/>\n<meta property=\"og:site_name\" content=\"SeaUSasino\" \/>\n<meta property=\"article:publisher\" content=\"https:\/\/www.facebook.com\/sasinoapartments4rent\" \/>\n<meta property=\"article:published_time\" content=\"2026-09-01T17:34:37+00:00\" \/>\n<meta property=\"og:image\" content=\"https:\/\/seausasino.pl\/news\/wp-content\/uploads\/2026\/09\/seau-wydmy-przy-plazy-stilo-sasino-0901.jpg\" \/>\n\t<meta property=\"og:image:width\" content=\"2048\" \/>\n\t<meta property=\"og:image:height\" content=\"1366\" \/>\n\t<meta property=\"og:image:type\" content=\"image\/jpeg\" \/>\n<meta name=\"author\" content=\"admin\" \/>\n<meta name=\"twitter:card\" content=\"summary_large_image\" \/>\n<meta name=\"twitter:label1\" content=\"Napisane przez\" \/>\n\t<meta name=\"twitter:data1\" content=\"admin\" \/>\n\t<meta name=\"twitter:label2\" content=\"Szacowany czas czytania\" \/>\n\t<meta name=\"twitter:data2\" content=\"4 minuty\" \/>\n<script type=\"application\/ld+json\" class=\"yoast-schema-graph\">{\"@context\":\"https:\/\/schema.org\",\"@graph\":[{\"@type\":\"Article\",\"@id\":\"https:\/\/seausasino.pl\/news\/pl\/2026\/09\/wydmy-przy-plazy-stilo-sasino-0901\/#article\",\"isPartOf\":{\"@id\":\"https:\/\/seausasino.pl\/news\/pl\/2026\/09\/wydmy-przy-plazy-stilo-sasino-0901\/\"},\"author\":{\"name\":\"admin\",\"@id\":\"https:\/\/seausasino.pl\/news\/#\/schema\/person\/83768b5304ac25a7aec12584e5bafa66\"},\"headline\":\"Nocleg nad morzem, wydmy przy pla\u017cy Stilo\",\"datePublished\":\"2026-09-01T17:34:37+00:00\",\"dateModified\":\"2026-09-01T17:34:37+00:00\",\"mainEntityOfPage\":{\"@id\":\"https:\/\/seausasino.pl\/news\/pl\/2026\/09\/wydmy-przy-plazy-stilo-sasino-0901\/\"},\"wordCount\":734,\"publisher\":{\"@id\":\"https:\/\/seausasino.pl\/news\/#organization\"},\"image\":{\"@id\":\"https:\/\/seausasino.pl\/news\/pl\/2026\/09\/wydmy-przy-plazy-stilo-sasino-0901\/#primaryimage\"},\"thumbnailUrl\":\"https:\/\/seausasino.pl\/news\/wp-content\/uploads\/2026\/09\/seau-wydmy-przy-plazy-stilo-sasino-0901.jpg\",\"inLanguage\":\"pl-PL\"},{\"@type\":\"WebPage\",\"@id\":\"https:\/\/seausasino.pl\/news\/pl\/2026\/09\/wydmy-przy-plazy-stilo-sasino-0901\/\",\"url\":\"https:\/\/seausasino.pl\/news\/pl\/2026\/09\/wydmy-przy-plazy-stilo-sasino-0901\/\",\"name\":\"SEAUSASINO.PL - Nocleg nad morzem, wydmy przy Stilo\",\"isPartOf\":{\"@id\":\"https:\/\/seausasino.pl\/news\/#website\"},\"primaryImageOfPage\":{\"@id\":\"https:\/\/seausasino.pl\/news\/pl\/2026\/09\/wydmy-przy-plazy-stilo-sasino-0901\/#primaryimage\"},\"image\":{\"@id\":\"https:\/\/seausasino.pl\/news\/pl\/2026\/09\/wydmy-przy-plazy-stilo-sasino-0901\/#primaryimage\"},\"thumbnailUrl\":\"https:\/\/seausasino.pl\/news\/wp-content\/uploads\/2026\/09\/seau-wydmy-przy-plazy-stilo-sasino-0901.jpg\",\"datePublished\":\"2026-09-01T17:34:37+00:00\",\"dateModified\":\"2026-09-01T17:34:37+00:00\",\"description\":\"Wydmy poro\u015bni\u0119te traw\u0105, sosnowy las i cisza tu\u017c przed pla\u017c\u0105 Stilo - zobacz domy w Sasinie nad morzem i zarezerwuj pobyt na seausasino.pl ju\u017c teraz.\",\"breadcrumb\":{\"@id\":\"https:\/\/seausasino.pl\/news\/pl\/2026\/09\/wydmy-przy-plazy-stilo-sasino-0901\/#breadcrumb\"},\"inLanguage\":\"pl-PL\",\"potentialAction\":[{\"@type\":\"ReadAction\",\"target\":[\"https:\/\/seausasino.pl\/news\/pl\/2026\/09\/wydmy-przy-plazy-stilo-sasino-0901\/\"]}]},{\"@type\":\"ImageObject\",\"inLanguage\":\"pl-PL\",\"@id\":\"https:\/\/seausasino.pl\/news\/pl\/2026\/09\/wydmy-przy-plazy-stilo-sasino-0901\/#primaryimage\",\"url\":\"https:\/\/seausasino.pl\/news\/wp-content\/uploads\/2026\/09\/seau-wydmy-przy-plazy-stilo-sasino-0901.jpg\",\"contentUrl\":\"https:\/\/seausasino.pl\/news\/wp-content\/uploads\/2026\/09\/seau-wydmy-przy-plazy-stilo-sasino-0901.jpg\",\"width\":2048,\"height\":1366},{\"@type\":\"BreadcrumbList\",\"@id\":\"https:\/\/seausasino.pl\/news\/pl\/2026\/09\/wydmy-przy-plazy-stilo-sasino-0901\/#breadcrumb\",\"itemListElement\":[{\"@type\":\"ListItem\",\"position\":1,\"name\":\"Strona g\u0142\u00f3wna\",\"item\":\"https:\/\/seausasino.pl\/news\/pl\/\"},{\"@type\":\"ListItem\",\"position\":2,\"name\":\"Nocleg nad morzem, wydmy przy pla\u017cy Stilo\"}]},{\"@type\":\"WebSite\",\"@id\":\"https:\/\/seausasino.pl\/news\/#website\",\"url\":\"https:\/\/seausasino.pl\/news\/\",\"name\":\"SeaUSasino\",\"description\":\"Blog\",\"publisher\":{\"@id\":\"https:\/\/seausasino.pl\/news\/#organization\"},\"potentialAction\":[{\"@type\":\"SearchAction\",\"target\":{\"@type\":\"EntryPoint\",\"urlTemplate\":\"https:\/\/seausasino.pl\/news\/?s={search_term_string}\"},\"query-input\":\"required name=search_term_string\"}],\"inLanguage\":\"pl-PL\"},{\"@type\":\"Organization\",\"@id\":\"https:\/\/seausasino.pl\/news\/#organization\",\"name\":\"SeaUSasino\",\"url\":\"https:\/\/seausasino.pl\/news\/\",\"logo\":{\"@type\":\"ImageObject\",\"inLanguage\":\"pl-PL\",\"@id\":\"https:\/\/seausasino.pl\/news\/#\/schema\/logo\/image\/\",\"url\":\"https:\/\/seausasino.pl\/news\/wp-content\/uploads\/2022\/09\/06-2.jpg\",\"contentUrl\":\"https:\/\/seausasino.pl\/news\/wp-content\/uploads\/2022\/09\/06-2.jpg\",\"width\":853,\"height\":1280,\"caption\":\"SeaUSasino\"},\"image\":{\"@id\":\"https:\/\/seausasino.pl\/news\/#\/schema\/logo\/image\/\"},\"sameAs\":[\"https:\/\/www.facebook.com\/sasinoapartments4rent\",\"https:\/\/www.instagram.com\/seausasino\"]},{\"@type\":\"Person\",\"@id\":\"https:\/\/seausasino.pl\/news\/#\/schema\/person\/83768b5304ac25a7aec12584e5bafa66\",\"name\":\"admin\",\"image\":{\"@type\":\"ImageObject\",\"inLanguage\":\"pl-PL\",\"@id\":\"https:\/\/seausasino.pl\/news\/#\/schema\/person\/image\/\",\"url\":\"https:\/\/secure.gravatar.com\/avatar\/fc9bb3bac2b6959872cb274c84c62cf23e37f06526382b7da0d744fac7f387cb?s=96&d=mm&r=g\",\"contentUrl\":\"https:\/\/secure.gravatar.com\/avatar\/fc9bb3bac2b6959872cb274c84c62cf23e37f06526382b7da0d744fac7f387cb?s=96&d=mm&r=g\",\"caption\":\"admin\"},\"url\":\"https:\/\/seausasino.pl\/news\/author\/admin\/\"}]}<\/script>\n<!-- \/ Yoast SEO plugin. -->","yoast_head_json":{"title":"SEAUSASINO.PL - Nocleg nad morzem, wydmy przy Stilo","description":"Wydmy poro\u015bni\u0119te traw\u0105, sosnowy las i cisza tu\u017c przed pla\u017c\u0105 Stilo - zobacz domy w Sasinie nad morzem i zarezerwuj pobyt na seausasino.pl ju\u017c teraz.","robots":{"index":"index","follow":"follow","max-snippet":"max-snippet:-1","max-image-preview":"max-image-preview:large","max-video-preview":"max-video-preview:-1"},"canonical":"https:\/\/seausasino.pl\/news\/pl\/2026\/09\/wydmy-przy-plazy-stilo-sasino-0901\/","og_locale":"pl_PL","og_type":"article","og_title":"SEAUSASINO.PL - Nocleg nad morzem, wydmy przy Stilo","og_description":"Wydmy poro\u015bni\u0119te traw\u0105, sosnowy las i cisza tu\u017c przed pla\u017c\u0105 Stilo - zobacz domy w Sasinie nad morzem i zarezerwuj pobyt na seausasino.pl ju\u017c teraz.","og_url":"https:\/\/seausasino.pl\/news\/pl\/2026\/09\/wydmy-przy-plazy-stilo-sasino-0901\/","og_site_name":"SeaUSasino","article_publisher":"https:\/\/www.facebook.com\/sasinoapartments4rent","article_published_time":"2026-09-01T17:34:37+00:00","og_image":[{"width":2048,"height":1366,"url":"https:\/\/seausasino.pl\/news\/wp-content\/uploads\/2026\/09\/seau-wydmy-przy-plazy-stilo-sasino-0901.jpg","type":"image\/jpeg"}],"author":"admin","twitter_card":"summary_large_image","twitter_misc":{"Napisane przez":"admin","Szacowany czas czytania":"4 minuty"},"schema":{"@context":"https:\/\/schema.org","@graph":[{"@type":"Article","@id":"https:\/\/seausasino.pl\/news\/pl\/2026\/09\/wydmy-przy-plazy-stilo-sasino-0901\/#article","isPartOf":{"@id":"https:\/\/seausasino.pl\/news\/pl\/2026\/09\/wydmy-przy-plazy-stilo-sasino-0901\/"},"author":{"name":"admin","@id":"https:\/\/seausasino.pl\/news\/#\/schema\/person\/83768b5304ac25a7aec12584e5bafa66"},"headline":"Nocleg nad morzem, wydmy przy pla\u017cy Stilo","datePublished":"2026-09-01T17:34:37+00:00","dateModified":"2026-09-01T17:34:37+00:00","mainEntityOfPage":{"@id":"https:\/\/seausasino.pl\/news\/pl\/2026\/09\/wydmy-przy-plazy-stilo-sasino-0901\/"},"wordCount":734,"publisher":{"@id":"https:\/\/seausasino.pl\/news\/#organization"},"image":{"@id":"https:\/\/seausasino.pl\/news\/pl\/2026\/09\/wydmy-przy-plazy-stilo-sasino-0901\/#primaryimage"},"thumbnailUrl":"https:\/\/seausasino.pl\/news\/wp-content\/uploads\/2026\/09\/seau-wydmy-przy-plazy-stilo-sasino-0901.jpg","inLanguage":"pl-PL"},{"@type":"WebPage","@id":"https:\/\/seausasino.pl\/news\/pl\/2026\/09\/wydmy-przy-plazy-stilo-sasino-0901\/","url":"https:\/\/seausasino.pl\/news\/pl\/2026\/09\/wydmy-przy-plazy-stilo-sasino-0901\/","name":"SEAUSASINO.PL - Nocleg nad morzem, wydmy przy Stilo","isPartOf":{"@id":"https:\/\/seausasino.pl\/news\/#website"},"primaryImageOfPage":{"@id":"https:\/\/seausasino.pl\/news\/pl\/2026\/09\/wydmy-przy-plazy-stilo-sasino-0901\/#primaryimage"},"image":{"@id":"https:\/\/seausasino.pl\/news\/pl\/2026\/09\/wydmy-przy-plazy-stilo-sasino-0901\/#primaryimage"},"thumbnailUrl":"https:\/\/seausasino.pl\/news\/wp-content\/uploads\/2026\/09\/seau-wydmy-przy-plazy-stilo-sasino-0901.jpg","datePublished":"2026-09-01T17:34:37+00:00","dateModified":"2026-09-01T17:34:37+00:00","description":"Wydmy poro\u015bni\u0119te traw\u0105, sosnowy las i cisza tu\u017c przed pla\u017c\u0105 Stilo - zobacz domy w Sasinie nad morzem i zarezerwuj pobyt na seausasino.pl ju\u017c teraz.","breadcrumb":{"@id":"https:\/\/seausasino.pl\/news\/pl\/2026\/09\/wydmy-przy-plazy-stilo-sasino-0901\/#breadcrumb"},"inLanguage":"pl-PL","potentialAction":[{"@type":"ReadAction","target":["https:\/\/seausasino.pl\/news\/pl\/2026\/09\/wydmy-przy-plazy-stilo-sasino-0901\/"]}]},{"@type":"ImageObject","inLanguage":"pl-PL","@id":"https:\/\/seausasino.pl\/news\/pl\/2026\/09\/wydmy-przy-plazy-stilo-sasino-0901\/#primaryimage","url":"https:\/\/seausasino.pl\/news\/wp-content\/uploads\/2026\/09\/seau-wydmy-przy-plazy-stilo-sasino-0901.jpg","contentUrl":"https:\/\/seausasino.pl\/news\/wp-content\/uploads\/2026\/09\/seau-wydmy-przy-plazy-stilo-sasino-0901.jpg","width":2048,"height":1366},{"@type":"BreadcrumbList","@id":"https:\/\/seausasino.pl\/news\/pl\/2026\/09\/wydmy-przy-plazy-stilo-sasino-0901\/#breadcrumb","itemListElement":[{"@type":"ListItem","position":1,"name":"Strona g\u0142\u00f3wna","item":"https:\/\/seausasino.pl\/news\/pl\/"},{"@type":"ListItem","position":2,"name":"Nocleg nad morzem, wydmy przy pla\u017cy Stilo"}]},{"@type":"WebSite","@id":"https:\/\/seausasino.pl\/news\/#website","url":"https:\/\/seausasino.pl\/news\/","name":"SeaUSasino","description":"Blog","publisher":{"@id":"https:\/\/seausasino.pl\/news\/#organization"},"potentialAction":[{"@type":"SearchAction","target":{"@type":"EntryPoint","urlTemplate":"https:\/\/seausasino.pl\/news\/?s={search_term_string}"},"query-input":"required name=search_term_string"}],"inLanguage":"pl-PL"},{"@type":"Organization","@id":"https:\/\/seausasino.pl\/news\/#organization","name":"SeaUSasino","url":"https:\/\/seausasino.pl\/news\/","logo":{"@type":"ImageObject","inLanguage":"pl-PL","@id":"https:\/\/seausasino.pl\/news\/#\/schema\/logo\/image\/","url":"https:\/\/seausasino.pl\/news\/wp-content\/uploads\/2022\/09\/06-2.jpg","contentUrl":"https:\/\/seausasino.pl\/news\/wp-content\/uploads\/2022\/09\/06-2.jpg","width":853,"height":1280,"caption":"SeaUSasino"},"image":{"@id":"https:\/\/seausasino.pl\/news\/#\/schema\/logo\/image\/"},"sameAs":["https:\/\/www.facebook.com\/sasinoapartments4rent","https:\/\/www.instagram.com\/seausasino"]},{"@type":"Person","@id":"https:\/\/seausasino.pl\/news\/#\/schema\/person\/83768b5304ac25a7aec12584e5bafa66","name":"admin","image":{"@type":"ImageObject","inLanguage":"pl-PL","@id":"https:\/\/seausasino.pl\/news\/#\/schema\/person\/image\/","url":"https:\/\/secure.gravatar.com\/avatar\/fc9bb3bac2b6959872cb274c84c62cf23e37f06526382b7da0d744fac7f387cb?s=96&d=mm&r=g","contentUrl":"https:\/\/secure.gravatar.com\/avatar\/fc9bb3bac2b6959872cb274c84c62cf23e37f06526382b7da0d744fac7f387cb?s=96&d=mm&r=g","caption":"admin"},"url":"https:\/\/seausasino.pl\/news\/author\/admin\/"}]}},"_links":{"self":[{"href":"https:\/\/seausasino.pl\/news\/wp-json\/wp\/v2\/posts\/4616","targetHints":{"allow":["GET"]}}],"collection":[{"href":"https:\/\/seausasino.pl\/news\/wp-json\/wp\/v2\/posts"}],"about":[{"href":"https:\/\/seausasino.pl\/news\/wp-json\/wp\/v2\/types\/post"}],"author":[{"embeddable":true,"href":"https:\/\/seausasino.pl\/news\/wp-json\/wp\/v2\/users\/1"}],"replies":[{"embeddable":true,"href":"https:\/\/seausasino.pl\/news\/wp-json\/wp\/v2\/comments?post=4616"}],"version-history":[{"count":0,"href":"https:\/\/seausasino.pl\/news\/wp-json\/wp\/v2\/posts\/4616\/revisions"}],"wp:featuredmedia":[{"embeddable":true,"href":"https:\/\/seausasino.pl\/news\/wp-json\/wp\/v2\/media\/4615"}],"wp:attachment":[{"href":"https:\/\/seausasino.pl\/news\/wp-json\/wp\/v2\/media?parent=4616"}],"wp:term":[{"taxonomy":"category","embeddable":true,"href":"https:\/\/seausasino.pl\/news\/wp-json\/wp\/v2\/categories?post=4616"},{"taxonomy":"post_tag","embeddable":true,"href":"https:\/\/seausasino.pl\/news\/wp-json\/wp\/v2\/tags?post=4616"}],"curies":[{"name":"wp","href":"https:\/\/api.w.org\/{rel}","templated":true}]}}