{"id":4614,"date":"2026-09-01T19:30:46","date_gmt":"2026-09-01T17:30:46","guid":{"rendered":"https:\/\/seausasino.pl\/news\/2026\/09\/wydma-trawa-plaza-stilo-sasino-0901\/"},"modified":"2026-09-01T19:30:46","modified_gmt":"2026-09-01T17:30:46","slug":"wydma-trawa-plaza-stilo-sasino-0901","status":"publish","type":"post","link":"https:\/\/seausasino.pl\/news\/pl\/2026\/09\/wydma-trawa-plaza-stilo-sasino-0901\/","title":{"rendered":"Dom w Sasinie, trawa wydmowa przy Stilo"},"content":{"rendered":"<figure style=\"margin:0 auto;max-width:720px;\"><img decoding=\"async\" src=\"https:\/\/riceayyncripijgnlhzv.supabase.co\/storage\/v1\/object\/public\/content-studio\/seausasino-biblioteka\/szuflada-20230106131046-838B89.jpg\" alt=\"Dom w Sasinie, trawa wydmowa przy Stilo\" style=\"width:100%;aspect-ratio:4\/5;object-fit:cover;display:block;\" \/><\/figure>\n<p>Tam, gdzie sosnowy las ko\u0144czy si\u0119 i zaczyna piasek, ro\u015bnie piaskownica &#8211; twarda, sucha trawa, kt\u00f3ra trzyma wydm\u0119 w miejscu od lat. Wystarczy zej\u015b\u0107 ze \u015bcie\u017cki o kilka metr\u00f3w, \u017ceby poczu\u0107, jak zmienia si\u0119 grunt pod stopami: najpierw korzenie i igliwie, potem coraz lu\u017aniejszy piasek, a\u017c w ko\u0144cu otwiera si\u0119 widok na lini\u0119 horyzontu. To ostatni etap drogi z domu na pla\u017c\u0119 Stilo &#8211; moment, w kt\u00f3rym las robi miejsce dla \u015bwiat\u0142a i przestrzeni.<\/p>\n<h2>Co ro\u015bnie na wydmie przy pla\u017cy Stilo<\/h2>\n<p>Piaskownica zwyczajna to ro\u015blina, bez kt\u00f3rej ten krajobraz wygl\u0105da\u0142by zupe\u0142nie inaczej. Jej d\u0142ugie, cienkie \u017ad\u017ab\u0142a wyginaj\u0105 si\u0119 na wietrze, a system korzeniowy si\u0119ga g\u0142\u0119boko w piasek, spajaj\u0105c wydm\u0119 i chroni\u0105c j\u0105 przed rozwiewaniem. Jesieni\u0105 trawa przybiera z\u0142ocisty odcie\u0144 &#8211; taki, jaki wida\u0107 teraz na skraju wydmy, gdy s\u0142o\u0144ce pada z boku i podkre\u015bla ka\u017cde \u017ad\u017ab\u0142o osobno. W tle, za pasem traw, majaczy ciemna linia lasu, przez kt\u00f3ry prowadzi \u015bcie\u017cka od dom\u00f3w w Sasinie.<\/p>\n<p>To w\u0142a\u015bnie ten fragment trasy &#8211; kilkadziesi\u0105t metr\u00f3w piasku i traw mi\u0119dzy lasem a pla\u017c\u0105 &#8211; najbardziej zapada w pami\u0119\u0107 go\u015bciom, kt\u00f3rzy wracaj\u0105 tu po raz kolejny. Nie ma tu nic sztucznego: \u017cadnych barierek, tablic czy wydeptanych alejek. Tylko naturalna wydma, jaka od pokole\u0144 chroni to wybrze\u017ce mi\u0119dzy \u0141eb\u0105 a Kopalinem.<\/p>\n<h2>Sasino nad morzem &#8211; blisko lasu i blisko pla\u017cy<\/h2>\n<p>Sasino le\u017cy w takim miejscu, \u017ce droga z domu do piasku zajmuje tyle, ile trwa spokojny spacer &#8211; bez samochodu, bez parkingu, bez po\u015bpiechu. Wystarczy wyj\u015b\u0107 z ogrodu, wej\u015b\u0107 mi\u0119dzy sosny, min\u0105\u0107 kilka wydm poro\u015bni\u0119tych piaskownic\u0105 i ju\u017c s\u0142ycha\u0107 szum fal. Dla go\u015bci, kt\u00f3rzy szukaj\u0105 domu nad morzem do wynaj\u0119cia w\u0142a\u015bnie z takim doj\u015bciem &#8211; pieszo, przez las, bez t\u0142umu &#8211; Sasino sprawdza si\u0119 lepiej ni\u017c niejeden kurort z d\u0142ug\u0105 promenad\u0105.<\/p>\n<p>Nasze Stilo domki stoj\u0105 po tej samej stronie lasu co opisywana wydma, wi\u0119c trasa na pla\u017c\u0119 jest zawsze ta sama: najpierw cie\u0144 drzew, potem piasek i trawa, na ko\u0144cu woda. Rano ta droga bywa spokojna i kameralna, po po\u0142udniu cz\u0119\u015bciej mija si\u0119 kogo\u015b ze spacerowym psem albo rowerem opartym o pie\u0144 sosny.<\/p>\n<h2>Jesienna wydma &#8211; inny rytm dnia<\/h2>\n<p>Jesieni\u0105 kolory na wydmie zmieniaj\u0105 si\u0119 z tygodnia na tydzie\u0144. Zielone \u017ad\u017ab\u0142a piaskownicy stopniowo \u017c\u00f3\u0142kn\u0105, piasek robi si\u0119 ch\u0142odniejszy w dotyku, a niebo cz\u0119\u015bciej bywa czyste i wysokie, jak na zdj\u0119ciu robionym w bezwietrzny dzie\u0144. To dobry czas, \u017ceby wr\u00f3ci\u0107 z lasu do domu z kominkiem &#8211; rozpali\u0107 ogie\u0144, zaparzy\u0107 co\u015b ciep\u0142ego i patrze\u0107 przez okno na ogr\u00f3d, wiedz\u0105c, \u017ce pla\u017ca Stilo jest kilka minut st\u0105d, gdyby jeszcze zachcia\u0142o si\u0119 wyj\u015b\u0107 na wieczorny spacer.<\/p>\n<p>Domy w Sasinie zaprojektowano tak, by ten rytm dnia &#8211; las, wydma, pla\u017ca, powr\u00f3t do ciep\u0142a &#8211; by\u0142 jak najprostszy. Bez po\u015bpiechu, bez t\u0142um\u00f3w, w otoczeniu, kt\u00f3re samo dyktuje tempo.<\/p>\n<h2>Wolne terminy w SeaUSasino<\/h2>\n<p>\ud83d\udccd Najbli\u017cszy wolny termin: <strong>01.09.2026<\/strong><\/p>\n<p>Cztery ca\u0142oroczne, luksusowe domy z drewna w Sasinie \u2014 ka\u017cdy dla o\u015bmiu os\u00f3b, z kominkiem i prywatnym ogrodem, spacer sosnowym lasem od pla\u017cy Stilo. Sprawd\u017a dost\u0119pno\u015b\u0107 i <a href=\"https:\/\/seausasino.pl\">zarezerwuj na seausasino.pl<\/a>.<\/p>\n","protected":false},"excerpt":{"rendered":"<p>Ostatni odcinek \u015bcie\u017cki, wydma i piaskownica przed pla\u017c\u0105 Stilo. Dom z kominkiem w Sasinie jako baza na spacery i cisz\u0119 nad morzem. Sprawd\u017a terminy.<\/p>\n","protected":false},"author":1,"featured_media":4613,"comment_status":"closed","ping_status":"closed","sticky":false,"template":"","format":"standard","meta":{"_yoast_wpseo_focuskw":"","_yoast_wpseo_title":"SEAUSASINO.PL - Dom w Sasinie, wydmy przy Stilo","_yoast_wpseo_metadesc":"Ostatni odcinek \u015bcie\u017cki, wydma i piaskownica przed pla\u017c\u0105 Stilo. Dom z kominkiem w Sasinie jako baza na spacery i cisz\u0119 nad morzem. Sprawd\u017a terminy.","seau_keywords":"pla\u017ca Stilo, Stilo domki, Sasino nad morzem, dom z kominkiem, Sasino domki, domy nad morzem do wynaj\u0119cia, Stilo noclegi","footnotes":""},"categories":[12],"tags":[],"class_list":["post-4614","post","type-post","status-publish","format-standard","has-post-thumbnail","hentry","category-bez-kategorii-pl"],"yoast_head":"<!-- This site is optimized with the Yoast SEO plugin v22.6 - https:\/\/yoast.com\/wordpress\/plugins\/seo\/ -->\n<title>SEAUSASINO.PL - Dom w Sasinie, wydmy przy Stilo<\/title>\n<meta name=\"description\" content=\"Ostatni odcinek \u015bcie\u017cki, wydma i piaskownica przed pla\u017c\u0105 Stilo. Dom z kominkiem w Sasinie jako baza na spacery i cisz\u0119 nad morzem. Sprawd\u017a terminy.\" \/>\n<meta name=\"robots\" content=\"index, follow, max-snippet:-1, max-image-preview:large, max-video-preview:-1\" \/>\n<link rel=\"canonical\" href=\"https:\/\/seausasino.pl\/news\/pl\/2026\/09\/wydma-trawa-plaza-stilo-sasino-0901\/\" \/>\n<meta property=\"og:locale\" content=\"pl_PL\" \/>\n<meta property=\"og:type\" content=\"article\" \/>\n<meta property=\"og:title\" content=\"SEAUSASINO.PL - Dom w Sasinie, wydmy przy Stilo\" \/>\n<meta property=\"og:description\" content=\"Ostatni odcinek \u015bcie\u017cki, wydma i piaskownica przed pla\u017c\u0105 Stilo. Dom z kominkiem w Sasinie jako baza na spacery i cisz\u0119 nad morzem. Sprawd\u017a terminy.\" \/>\n<meta property=\"og:url\" content=\"https:\/\/seausasino.pl\/news\/pl\/2026\/09\/wydma-trawa-plaza-stilo-sasino-0901\/\" \/>\n<meta property=\"og:site_name\" content=\"SeaUSasino\" \/>\n<meta property=\"article:publisher\" content=\"https:\/\/www.facebook.com\/sasinoapartments4rent\" \/>\n<meta property=\"article:published_time\" content=\"2026-09-01T17:30:46+00:00\" \/>\n<meta property=\"og:image\" content=\"https:\/\/seausasino.pl\/news\/wp-content\/uploads\/2026\/09\/seau-wydma-trawa-plaza-stilo-sasino-0901.jpg\" \/>\n\t<meta property=\"og:image:width\" content=\"1536\" \/>\n\t<meta property=\"og:image:height\" content=\"2048\" \/>\n\t<meta property=\"og:image:type\" content=\"image\/jpeg\" \/>\n<meta name=\"author\" content=\"admin\" \/>\n<meta name=\"twitter:card\" content=\"summary_large_image\" \/>\n<meta name=\"twitter:label1\" content=\"Napisane przez\" \/>\n\t<meta name=\"twitter:data1\" content=\"admin\" \/>\n\t<meta name=\"twitter:label2\" content=\"Szacowany czas czytania\" \/>\n\t<meta name=\"twitter:data2\" content=\"3 minuty\" \/>\n<script type=\"application\/ld+json\" class=\"yoast-schema-graph\">{\"@context\":\"https:\/\/schema.org\",\"@graph\":[{\"@type\":\"Article\",\"@id\":\"https:\/\/seausasino.pl\/news\/pl\/2026\/09\/wydma-trawa-plaza-stilo-sasino-0901\/#article\",\"isPartOf\":{\"@id\":\"https:\/\/seausasino.pl\/news\/pl\/2026\/09\/wydma-trawa-plaza-stilo-sasino-0901\/\"},\"author\":{\"name\":\"admin\",\"@id\":\"https:\/\/seausasino.pl\/news\/#\/schema\/person\/83768b5304ac25a7aec12584e5bafa66\"},\"headline\":\"Dom w Sasinie, trawa wydmowa przy Stilo\",\"datePublished\":\"2026-09-01T17:30:46+00:00\",\"dateModified\":\"2026-09-01T17:30:46+00:00\",\"mainEntityOfPage\":{\"@id\":\"https:\/\/seausasino.pl\/news\/pl\/2026\/09\/wydma-trawa-plaza-stilo-sasino-0901\/\"},\"wordCount\":578,\"publisher\":{\"@id\":\"https:\/\/seausasino.pl\/news\/#organization\"},\"image\":{\"@id\":\"https:\/\/seausasino.pl\/news\/pl\/2026\/09\/wydma-trawa-plaza-stilo-sasino-0901\/#primaryimage\"},\"thumbnailUrl\":\"https:\/\/seausasino.pl\/news\/wp-content\/uploads\/2026\/09\/seau-wydma-trawa-plaza-stilo-sasino-0901.jpg\",\"inLanguage\":\"pl-PL\"},{\"@type\":\"WebPage\",\"@id\":\"https:\/\/seausasino.pl\/news\/pl\/2026\/09\/wydma-trawa-plaza-stilo-sasino-0901\/\",\"url\":\"https:\/\/seausasino.pl\/news\/pl\/2026\/09\/wydma-trawa-plaza-stilo-sasino-0901\/\",\"name\":\"SEAUSASINO.PL - Dom w Sasinie, wydmy przy Stilo\",\"isPartOf\":{\"@id\":\"https:\/\/seausasino.pl\/news\/#website\"},\"primaryImageOfPage\":{\"@id\":\"https:\/\/seausasino.pl\/news\/pl\/2026\/09\/wydma-trawa-plaza-stilo-sasino-0901\/#primaryimage\"},\"image\":{\"@id\":\"https:\/\/seausasino.pl\/news\/pl\/2026\/09\/wydma-trawa-plaza-stilo-sasino-0901\/#primaryimage\"},\"thumbnailUrl\":\"https:\/\/seausasino.pl\/news\/wp-content\/uploads\/2026\/09\/seau-wydma-trawa-plaza-stilo-sasino-0901.jpg\",\"datePublished\":\"2026-09-01T17:30:46+00:00\",\"dateModified\":\"2026-09-01T17:30:46+00:00\",\"description\":\"Ostatni odcinek \u015bcie\u017cki, wydma i piaskownica przed pla\u017c\u0105 Stilo. Dom z kominkiem w Sasinie jako baza na spacery i cisz\u0119 nad morzem. Sprawd\u017a terminy.\",\"breadcrumb\":{\"@id\":\"https:\/\/seausasino.pl\/news\/pl\/2026\/09\/wydma-trawa-plaza-stilo-sasino-0901\/#breadcrumb\"},\"inLanguage\":\"pl-PL\",\"potentialAction\":[{\"@type\":\"ReadAction\",\"target\":[\"https:\/\/seausasino.pl\/news\/pl\/2026\/09\/wydma-trawa-plaza-stilo-sasino-0901\/\"]}]},{\"@type\":\"ImageObject\",\"inLanguage\":\"pl-PL\",\"@id\":\"https:\/\/seausasino.pl\/news\/pl\/2026\/09\/wydma-trawa-plaza-stilo-sasino-0901\/#primaryimage\",\"url\":\"https:\/\/seausasino.pl\/news\/wp-content\/uploads\/2026\/09\/seau-wydma-trawa-plaza-stilo-sasino-0901.jpg\",\"contentUrl\":\"https:\/\/seausasino.pl\/news\/wp-content\/uploads\/2026\/09\/seau-wydma-trawa-plaza-stilo-sasino-0901.jpg\",\"width\":1536,\"height\":2048},{\"@type\":\"BreadcrumbList\",\"@id\":\"https:\/\/seausasino.pl\/news\/pl\/2026\/09\/wydma-trawa-plaza-stilo-sasino-0901\/#breadcrumb\",\"itemListElement\":[{\"@type\":\"ListItem\",\"position\":1,\"name\":\"Strona g\u0142\u00f3wna\",\"item\":\"https:\/\/seausasino.pl\/news\/pl\/\"},{\"@type\":\"ListItem\",\"position\":2,\"name\":\"Dom w Sasinie, trawa wydmowa przy Stilo\"}]},{\"@type\":\"WebSite\",\"@id\":\"https:\/\/seausasino.pl\/news\/#website\",\"url\":\"https:\/\/seausasino.pl\/news\/\",\"name\":\"SeaUSasino\",\"description\":\"Blog\",\"publisher\":{\"@id\":\"https:\/\/seausasino.pl\/news\/#organization\"},\"potentialAction\":[{\"@type\":\"SearchAction\",\"target\":{\"@type\":\"EntryPoint\",\"urlTemplate\":\"https:\/\/seausasino.pl\/news\/?s={search_term_string}\"},\"query-input\":\"required name=search_term_string\"}],\"inLanguage\":\"pl-PL\"},{\"@type\":\"Organization\",\"@id\":\"https:\/\/seausasino.pl\/news\/#organization\",\"name\":\"SeaUSasino\",\"url\":\"https:\/\/seausasino.pl\/news\/\",\"logo\":{\"@type\":\"ImageObject\",\"inLanguage\":\"pl-PL\",\"@id\":\"https:\/\/seausasino.pl\/news\/#\/schema\/logo\/image\/\",\"url\":\"https:\/\/seausasino.pl\/news\/wp-content\/uploads\/2022\/09\/06-2.jpg\",\"contentUrl\":\"https:\/\/seausasino.pl\/news\/wp-content\/uploads\/2022\/09\/06-2.jpg\",\"width\":853,\"height\":1280,\"caption\":\"SeaUSasino\"},\"image\":{\"@id\":\"https:\/\/seausasino.pl\/news\/#\/schema\/logo\/image\/\"},\"sameAs\":[\"https:\/\/www.facebook.com\/sasinoapartments4rent\",\"https:\/\/www.instagram.com\/seausasino\"]},{\"@type\":\"Person\",\"@id\":\"https:\/\/seausasino.pl\/news\/#\/schema\/person\/83768b5304ac25a7aec12584e5bafa66\",\"name\":\"admin\",\"image\":{\"@type\":\"ImageObject\",\"inLanguage\":\"pl-PL\",\"@id\":\"https:\/\/seausasino.pl\/news\/#\/schema\/person\/image\/\",\"url\":\"https:\/\/secure.gravatar.com\/avatar\/fc9bb3bac2b6959872cb274c84c62cf23e37f06526382b7da0d744fac7f387cb?s=96&d=mm&r=g\",\"contentUrl\":\"https:\/\/secure.gravatar.com\/avatar\/fc9bb3bac2b6959872cb274c84c62cf23e37f06526382b7da0d744fac7f387cb?s=96&d=mm&r=g\",\"caption\":\"admin\"},\"url\":\"https:\/\/seausasino.pl\/news\/author\/admin\/\"}]}<\/script>\n<!-- \/ Yoast SEO plugin. -->","yoast_head_json":{"title":"SEAUSASINO.PL - Dom w Sasinie, wydmy przy Stilo","description":"Ostatni odcinek \u015bcie\u017cki, wydma i piaskownica przed pla\u017c\u0105 Stilo. Dom z kominkiem w Sasinie jako baza na spacery i cisz\u0119 nad morzem. Sprawd\u017a terminy.","robots":{"index":"index","follow":"follow","max-snippet":"max-snippet:-1","max-image-preview":"max-image-preview:large","max-video-preview":"max-video-preview:-1"},"canonical":"https:\/\/seausasino.pl\/news\/pl\/2026\/09\/wydma-trawa-plaza-stilo-sasino-0901\/","og_locale":"pl_PL","og_type":"article","og_title":"SEAUSASINO.PL - Dom w Sasinie, wydmy przy Stilo","og_description":"Ostatni odcinek \u015bcie\u017cki, wydma i piaskownica przed pla\u017c\u0105 Stilo. Dom z kominkiem w Sasinie jako baza na spacery i cisz\u0119 nad morzem. Sprawd\u017a terminy.","og_url":"https:\/\/seausasino.pl\/news\/pl\/2026\/09\/wydma-trawa-plaza-stilo-sasino-0901\/","og_site_name":"SeaUSasino","article_publisher":"https:\/\/www.facebook.com\/sasinoapartments4rent","article_published_time":"2026-09-01T17:30:46+00:00","og_image":[{"width":1536,"height":2048,"url":"https:\/\/seausasino.pl\/news\/wp-content\/uploads\/2026\/09\/seau-wydma-trawa-plaza-stilo-sasino-0901.jpg","type":"image\/jpeg"}],"author":"admin","twitter_card":"summary_large_image","twitter_misc":{"Napisane przez":"admin","Szacowany czas czytania":"3 minuty"},"schema":{"@context":"https:\/\/schema.org","@graph":[{"@type":"Article","@id":"https:\/\/seausasino.pl\/news\/pl\/2026\/09\/wydma-trawa-plaza-stilo-sasino-0901\/#article","isPartOf":{"@id":"https:\/\/seausasino.pl\/news\/pl\/2026\/09\/wydma-trawa-plaza-stilo-sasino-0901\/"},"author":{"name":"admin","@id":"https:\/\/seausasino.pl\/news\/#\/schema\/person\/83768b5304ac25a7aec12584e5bafa66"},"headline":"Dom w Sasinie, trawa wydmowa przy Stilo","datePublished":"2026-09-01T17:30:46+00:00","dateModified":"2026-09-01T17:30:46+00:00","mainEntityOfPage":{"@id":"https:\/\/seausasino.pl\/news\/pl\/2026\/09\/wydma-trawa-plaza-stilo-sasino-0901\/"},"wordCount":578,"publisher":{"@id":"https:\/\/seausasino.pl\/news\/#organization"},"image":{"@id":"https:\/\/seausasino.pl\/news\/pl\/2026\/09\/wydma-trawa-plaza-stilo-sasino-0901\/#primaryimage"},"thumbnailUrl":"https:\/\/seausasino.pl\/news\/wp-content\/uploads\/2026\/09\/seau-wydma-trawa-plaza-stilo-sasino-0901.jpg","inLanguage":"pl-PL"},{"@type":"WebPage","@id":"https:\/\/seausasino.pl\/news\/pl\/2026\/09\/wydma-trawa-plaza-stilo-sasino-0901\/","url":"https:\/\/seausasino.pl\/news\/pl\/2026\/09\/wydma-trawa-plaza-stilo-sasino-0901\/","name":"SEAUSASINO.PL - Dom w Sasinie, wydmy przy Stilo","isPartOf":{"@id":"https:\/\/seausasino.pl\/news\/#website"},"primaryImageOfPage":{"@id":"https:\/\/seausasino.pl\/news\/pl\/2026\/09\/wydma-trawa-plaza-stilo-sasino-0901\/#primaryimage"},"image":{"@id":"https:\/\/seausasino.pl\/news\/pl\/2026\/09\/wydma-trawa-plaza-stilo-sasino-0901\/#primaryimage"},"thumbnailUrl":"https:\/\/seausasino.pl\/news\/wp-content\/uploads\/2026\/09\/seau-wydma-trawa-plaza-stilo-sasino-0901.jpg","datePublished":"2026-09-01T17:30:46+00:00","dateModified":"2026-09-01T17:30:46+00:00","description":"Ostatni odcinek \u015bcie\u017cki, wydma i piaskownica przed pla\u017c\u0105 Stilo. Dom z kominkiem w Sasinie jako baza na spacery i cisz\u0119 nad morzem. Sprawd\u017a terminy.","breadcrumb":{"@id":"https:\/\/seausasino.pl\/news\/pl\/2026\/09\/wydma-trawa-plaza-stilo-sasino-0901\/#breadcrumb"},"inLanguage":"pl-PL","potentialAction":[{"@type":"ReadAction","target":["https:\/\/seausasino.pl\/news\/pl\/2026\/09\/wydma-trawa-plaza-stilo-sasino-0901\/"]}]},{"@type":"ImageObject","inLanguage":"pl-PL","@id":"https:\/\/seausasino.pl\/news\/pl\/2026\/09\/wydma-trawa-plaza-stilo-sasino-0901\/#primaryimage","url":"https:\/\/seausasino.pl\/news\/wp-content\/uploads\/2026\/09\/seau-wydma-trawa-plaza-stilo-sasino-0901.jpg","contentUrl":"https:\/\/seausasino.pl\/news\/wp-content\/uploads\/2026\/09\/seau-wydma-trawa-plaza-stilo-sasino-0901.jpg","width":1536,"height":2048},{"@type":"BreadcrumbList","@id":"https:\/\/seausasino.pl\/news\/pl\/2026\/09\/wydma-trawa-plaza-stilo-sasino-0901\/#breadcrumb","itemListElement":[{"@type":"ListItem","position":1,"name":"Strona g\u0142\u00f3wna","item":"https:\/\/seausasino.pl\/news\/pl\/"},{"@type":"ListItem","position":2,"name":"Dom w Sasinie, trawa wydmowa przy Stilo"}]},{"@type":"WebSite","@id":"https:\/\/seausasino.pl\/news\/#website","url":"https:\/\/seausasino.pl\/news\/","name":"SeaUSasino","description":"Blog","publisher":{"@id":"https:\/\/seausasino.pl\/news\/#organization"},"potentialAction":[{"@type":"SearchAction","target":{"@type":"EntryPoint","urlTemplate":"https:\/\/seausasino.pl\/news\/?s={search_term_string}"},"query-input":"required name=search_term_string"}],"inLanguage":"pl-PL"},{"@type":"Organization","@id":"https:\/\/seausasino.pl\/news\/#organization","name":"SeaUSasino","url":"https:\/\/seausasino.pl\/news\/","logo":{"@type":"ImageObject","inLanguage":"pl-PL","@id":"https:\/\/seausasino.pl\/news\/#\/schema\/logo\/image\/","url":"https:\/\/seausasino.pl\/news\/wp-content\/uploads\/2022\/09\/06-2.jpg","contentUrl":"https:\/\/seausasino.pl\/news\/wp-content\/uploads\/2022\/09\/06-2.jpg","width":853,"height":1280,"caption":"SeaUSasino"},"image":{"@id":"https:\/\/seausasino.pl\/news\/#\/schema\/logo\/image\/"},"sameAs":["https:\/\/www.facebook.com\/sasinoapartments4rent","https:\/\/www.instagram.com\/seausasino"]},{"@type":"Person","@id":"https:\/\/seausasino.pl\/news\/#\/schema\/person\/83768b5304ac25a7aec12584e5bafa66","name":"admin","image":{"@type":"ImageObject","inLanguage":"pl-PL","@id":"https:\/\/seausasino.pl\/news\/#\/schema\/person\/image\/","url":"https:\/\/secure.gravatar.com\/avatar\/fc9bb3bac2b6959872cb274c84c62cf23e37f06526382b7da0d744fac7f387cb?s=96&d=mm&r=g","contentUrl":"https:\/\/secure.gravatar.com\/avatar\/fc9bb3bac2b6959872cb274c84c62cf23e37f06526382b7da0d744fac7f387cb?s=96&d=mm&r=g","caption":"admin"},"url":"https:\/\/seausasino.pl\/news\/author\/admin\/"}]}},"_links":{"self":[{"href":"https:\/\/seausasino.pl\/news\/wp-json\/wp\/v2\/posts\/4614","targetHints":{"allow":["GET"]}}],"collection":[{"href":"https:\/\/seausasino.pl\/news\/wp-json\/wp\/v2\/posts"}],"about":[{"href":"https:\/\/seausasino.pl\/news\/wp-json\/wp\/v2\/types\/post"}],"author":[{"embeddable":true,"href":"https:\/\/seausasino.pl\/news\/wp-json\/wp\/v2\/users\/1"}],"replies":[{"embeddable":true,"href":"https:\/\/seausasino.pl\/news\/wp-json\/wp\/v2\/comments?post=4614"}],"version-history":[{"count":0,"href":"https:\/\/seausasino.pl\/news\/wp-json\/wp\/v2\/posts\/4614\/revisions"}],"wp:featuredmedia":[{"embeddable":true,"href":"https:\/\/seausasino.pl\/news\/wp-json\/wp\/v2\/media\/4613"}],"wp:attachment":[{"href":"https:\/\/seausasino.pl\/news\/wp-json\/wp\/v2\/media?parent=4614"}],"wp:term":[{"taxonomy":"category","embeddable":true,"href":"https:\/\/seausasino.pl\/news\/wp-json\/wp\/v2\/categories?post=4614"},{"taxonomy":"post_tag","embeddable":true,"href":"https:\/\/seausasino.pl\/news\/wp-json\/wp\/v2\/tags?post=4614"}],"curies":[{"name":"wp","href":"https:\/\/api.w.org\/{rel}","templated":true}]}}