{"id":4584,"date":"2026-08-27T08:16:06","date_gmt":"2026-08-27T06:16:06","guid":{"rendered":"https:\/\/blog.seausasino.pl\/2026\/08\/poranek-sciezka-lesna-do-stilo-0827\/"},"modified":"2026-08-27T08:16:06","modified_gmt":"2026-08-27T06:16:06","slug":"poranek-sciezka-lesna-do-stilo-0827","status":"publish","type":"post","link":"https:\/\/seausasino.pl\/news\/pl\/2026\/08\/poranek-sciezka-lesna-do-stilo-0827\/","title":{"rendered":"Dom w Sasinie, \u015bcie\u017cka le\u015bna do Stilo rankiem"},"content":{"rendered":"<figure style=\"margin:0 auto;max-width:720px;\"><img decoding=\"async\" src=\"https:\/\/riceayyncripijgnlhzv.supabase.co\/storage\/v1\/object\/public\/content-studio\/seausasino-biblioteka\/szuflada-20260826181351-4C9C15.jpg\" alt=\"Dom w Sasinie, \u015bcie\u017cka le\u015bna do Stilo rankiem\" style=\"width:100%;aspect-ratio:4\/5;object-fit:cover;display:block;\" \/><\/figure>\n<p>Kiedy s\u0142o\u0144ce dopiero wychodzi zza horyzontu, piaszczysta skarpa nad Sasinem zmienia kolor razem z niebem. Korzenie starych sosen, odkryte przez lata wiatru i deszczu, \u0142api\u0105 pierwsze promienie i rzucaj\u0105 d\u0142ugie cienie na \u015bcie\u017ck\u0119 prowadz\u0105c\u0105 w stron\u0119 pla\u017cy Stilo. To jedna z tych chwil, kt\u00f3re trudno opisa\u0107 s\u0142owami &#8211; trzeba tu po prostu stan\u0105\u0107, poczu\u0107 ch\u0142odne powietrze i pos\u0142ucha\u0107, jak las budzi si\u0119 wraz z dniem.<\/p>\n<p>Sosnowy las mi\u0119dzy Sasinem a Kopalinem ma sw\u00f3j rytm. Wczesnym rankiem, kiedy wi\u0119kszo\u015b\u0107 go\u015bci dom\u00f3w jeszcze \u015bpi, \u015bcie\u017cka biegn\u0105ca po grzbiecie wydmy nale\u017cy w\u0142a\u015bciwie tylko do tych, kt\u00f3rzy zdecyduj\u0105 si\u0119 wsta\u0107 przed \u015bwitem. Piach pod stopami jest jeszcze wilgotny od nocnej rosy, a ga\u0142\u0119zie brz\u00f3z, dopiero rozwijaj\u0105ce pierwsze listki, tworz\u0105 delikatn\u0105, prze\u015bwituj\u0105c\u0105 koron\u0119 nad g\u0142ow\u0105.<\/p>\n<h2>Co wida\u0107 z le\u015bnej skarpy nad Sasinem?<\/h2>\n<p>Z g\u00f3ry skarpy, mi\u0119dzy pniami wysokich sosen, rozci\u0105ga si\u0119 widok na okolic\u0119 &#8211; dachy dom\u00f3w, kawa\u0142ek asfaltowej drogi i ziele\u0144 \u0142\u0105k si\u0119gaj\u0105cych w stron\u0119 S\u0142ajszewa. To miejsce, w kt\u00f3rym las sosnowy Sasina \u0142\u0105czy si\u0119 z otwartym krajobrazem p\u00f3l, a \u015bcie\u017cka prowadzi dalej, przez wydmy, a\u017c do szerokiego pasa dzikiej pla\u017cy Stilo. Mech porastaj\u0105cy korzenie i piaszczyste zbocze podkre\u015bla, jak \u017cywa jest ta ziemia &#8211; nawet wczesnym rankiem, kiedy wi\u0119kszo\u015b\u0107 okolicy trwa jeszcze w spokoju.<\/p>\n<h2>Dlaczego warto wyj\u015b\u0107 na t\u0119 \u015bcie\u017ck\u0119 o \u015bwicie?<\/h2>\n<p>Poranny spacer t\u0105 tras\u0105 to okazja, by zobaczy\u0107 las w innym \u015bwietle ni\u017c w ci\u0105gu dnia. Promienie s\u0142o\u0144ca wpadaj\u0105 mi\u0119dzy pnie pod niskim k\u0105tem, podkre\u015blaj\u0105c tekstur\u0119 kory, piasku i splecionych korzeni. Powietrze pachnie \u017cywic\u0105 i wilgotn\u0105 ziemi\u0105, a jedyne d\u017awi\u0119ki to szum wierzcho\u0142k\u00f3w sosen i \u015bpiew ptak\u00f3w budz\u0105cych si\u0119 w g\u0119stwinie. Dla go\u015bci wypoczywaj\u0105cych w domach nad morzem w okolicach \u0141eby taki poranek bywa najspokojniejszym momentem ca\u0142ego dnia &#8211; zanim pla\u017ca zape\u0142ni si\u0119 lud\u017ami, zanim zacznie si\u0119 ruch na drodze do \u0141eby.<\/p>\n<p>Wracaj\u0105c z takiego spaceru do drewnianego domu w Sasinie, warto zaparzy\u0107 kaw\u0119 i usi\u0105\u015b\u0107 na tarasie, patrz\u0105c jeszcze przez chwil\u0119 w stron\u0119 lasu, z kt\u00f3rego si\u0119 w\u0142a\u015bnie wysz\u0142o. To codzienny rytua\u0142, kt\u00f3ry dla wielu go\u015bci staje si\u0119 najmilszym wspomnieniem z pobytu nad Ba\u0142tykiem &#8211; prosty, bez po\u015bpiechu, w rytmie natury.<\/p>\n<h2>Wolne terminy w SeaUSasino<\/h2>\n<p>\ud83d\udccd Najbli\u017cszy wolny termin: <strong>31.08.2026<\/strong><\/p>\n<p>Cztery ca\u0142oroczne, luksusowe domy z drewna w Sasinie \u2014 ka\u017cdy dla o\u015bmiu os\u00f3b, z kominkiem i prywatnym ogrodem, spacer sosnowym lasem od pla\u017cy Stilo. Sprawd\u017a dost\u0119pno\u015b\u0107 i <a href=\"https:\/\/seausasino.pl\">zarezerwuj na seausasino.pl<\/a>.<\/p>\n","protected":false},"excerpt":{"rendered":"<p>Poranne \u015bwiat\u0142o na piaszczystej skarpie w drodze do pla\u017cy Stilo. Sosnowy las, cisza i pierwszy blask dnia. Sprawd\u017a wolne terminy w Sasinie.<\/p>\n","protected":false},"author":1,"featured_media":4583,"comment_status":"closed","ping_status":"closed","sticky":false,"template":"","format":"standard","meta":{"_yoast_wpseo_focuskw":"","_yoast_wpseo_title":"SEAUSASINO.PL - Dom w Sasinie, \u015bcie\u017cka do Stilo o \u015bwicie","_yoast_wpseo_metadesc":"Poranne \u015bwiat\u0142o na piaszczystej skarpie w drodze do pla\u017cy Stilo. Sosnowy las, cisza i pierwszy blask dnia. Sprawd\u017a wolne terminy w Sasinie.","seau_keywords":"Sasino noclegi, pla\u017ca Stilo, Stilo noclegi, dom do wynajecia Sasino, domy nad morzem w okolicach Leby, Kopalino, dom z kominkiem","footnotes":""},"categories":[12],"tags":[],"class_list":["post-4584","post","type-post","status-publish","format-standard","has-post-thumbnail","hentry","category-bez-kategorii-pl"],"yoast_head":"<!-- This site is optimized with the Yoast SEO plugin v22.6 - https:\/\/yoast.com\/wordpress\/plugins\/seo\/ -->\n<title>SEAUSASINO.PL - Dom w Sasinie, \u015bcie\u017cka do Stilo o \u015bwicie<\/title>\n<meta name=\"description\" content=\"Poranne \u015bwiat\u0142o na piaszczystej skarpie w drodze do pla\u017cy Stilo. Sosnowy las, cisza i pierwszy blask dnia. Sprawd\u017a wolne terminy w Sasinie.\" \/>\n<meta name=\"robots\" content=\"index, follow, max-snippet:-1, max-image-preview:large, max-video-preview:-1\" \/>\n<link rel=\"canonical\" href=\"https:\/\/seausasino.pl\/news\/pl\/2026\/08\/poranek-sciezka-lesna-do-stilo-0827\/\" \/>\n<meta property=\"og:locale\" content=\"pl_PL\" \/>\n<meta property=\"og:type\" content=\"article\" \/>\n<meta property=\"og:title\" content=\"SEAUSASINO.PL - Dom w Sasinie, \u015bcie\u017cka do Stilo o \u015bwicie\" \/>\n<meta property=\"og:description\" content=\"Poranne \u015bwiat\u0142o na piaszczystej skarpie w drodze do pla\u017cy Stilo. Sosnowy las, cisza i pierwszy blask dnia. Sprawd\u017a wolne terminy w Sasinie.\" \/>\n<meta property=\"og:url\" content=\"https:\/\/seausasino.pl\/news\/pl\/2026\/08\/poranek-sciezka-lesna-do-stilo-0827\/\" \/>\n<meta property=\"og:site_name\" content=\"SeaUSasino\" \/>\n<meta property=\"article:publisher\" content=\"https:\/\/www.facebook.com\/sasinoapartments4rent\" \/>\n<meta property=\"article:published_time\" content=\"2026-08-27T06:16:06+00:00\" \/>\n<meta property=\"og:image\" content=\"https:\/\/seausasino.pl\/news\/wp-content\/uploads\/2026\/08\/seau-poranek-sciezka-lesna-do-stilo-0827-742x768.jpg\" \/>\n\t<meta property=\"og:image:width\" content=\"742\" \/>\n\t<meta property=\"og:image:height\" content=\"768\" \/>\n\t<meta property=\"og:image:type\" content=\"image\/jpeg\" \/>\n<meta name=\"author\" content=\"admin\" \/>\n<meta name=\"twitter:card\" content=\"summary_large_image\" \/>\n<meta name=\"twitter:label1\" content=\"Napisane przez\" \/>\n\t<meta name=\"twitter:data1\" content=\"admin\" \/>\n\t<meta name=\"twitter:label2\" content=\"Szacowany czas czytania\" \/>\n\t<meta name=\"twitter:data2\" content=\"2 minuty\" \/>\n<script type=\"application\/ld+json\" class=\"yoast-schema-graph\">{\"@context\":\"https:\/\/schema.org\",\"@graph\":[{\"@type\":\"Article\",\"@id\":\"https:\/\/seausasino.pl\/news\/pl\/2026\/08\/poranek-sciezka-lesna-do-stilo-0827\/#article\",\"isPartOf\":{\"@id\":\"https:\/\/seausasino.pl\/news\/pl\/2026\/08\/poranek-sciezka-lesna-do-stilo-0827\/\"},\"author\":{\"name\":\"admin\",\"@id\":\"https:\/\/seausasino.pl\/news\/#\/schema\/person\/83768b5304ac25a7aec12584e5bafa66\"},\"headline\":\"Dom w Sasinie, \u015bcie\u017cka le\u015bna do Stilo rankiem\",\"datePublished\":\"2026-08-27T06:16:06+00:00\",\"dateModified\":\"2026-08-27T06:16:06+00:00\",\"mainEntityOfPage\":{\"@id\":\"https:\/\/seausasino.pl\/news\/pl\/2026\/08\/poranek-sciezka-lesna-do-stilo-0827\/\"},\"wordCount\":469,\"publisher\":{\"@id\":\"https:\/\/seausasino.pl\/news\/#organization\"},\"image\":{\"@id\":\"https:\/\/seausasino.pl\/news\/pl\/2026\/08\/poranek-sciezka-lesna-do-stilo-0827\/#primaryimage\"},\"thumbnailUrl\":\"https:\/\/seausasino.pl\/news\/wp-content\/uploads\/2026\/08\/seau-poranek-sciezka-lesna-do-stilo-0827.jpg\",\"inLanguage\":\"pl-PL\"},{\"@type\":\"WebPage\",\"@id\":\"https:\/\/seausasino.pl\/news\/pl\/2026\/08\/poranek-sciezka-lesna-do-stilo-0827\/\",\"url\":\"https:\/\/seausasino.pl\/news\/pl\/2026\/08\/poranek-sciezka-lesna-do-stilo-0827\/\",\"name\":\"SEAUSASINO.PL - Dom w Sasinie, \u015bcie\u017cka do Stilo o \u015bwicie\",\"isPartOf\":{\"@id\":\"https:\/\/seausasino.pl\/news\/#website\"},\"primaryImageOfPage\":{\"@id\":\"https:\/\/seausasino.pl\/news\/pl\/2026\/08\/poranek-sciezka-lesna-do-stilo-0827\/#primaryimage\"},\"image\":{\"@id\":\"https:\/\/seausasino.pl\/news\/pl\/2026\/08\/poranek-sciezka-lesna-do-stilo-0827\/#primaryimage\"},\"thumbnailUrl\":\"https:\/\/seausasino.pl\/news\/wp-content\/uploads\/2026\/08\/seau-poranek-sciezka-lesna-do-stilo-0827.jpg\",\"datePublished\":\"2026-08-27T06:16:06+00:00\",\"dateModified\":\"2026-08-27T06:16:06+00:00\",\"description\":\"Poranne \u015bwiat\u0142o na piaszczystej skarpie w drodze do pla\u017cy Stilo. Sosnowy las, cisza i pierwszy blask dnia. Sprawd\u017a wolne terminy w Sasinie.\",\"breadcrumb\":{\"@id\":\"https:\/\/seausasino.pl\/news\/pl\/2026\/08\/poranek-sciezka-lesna-do-stilo-0827\/#breadcrumb\"},\"inLanguage\":\"pl-PL\",\"potentialAction\":[{\"@type\":\"ReadAction\",\"target\":[\"https:\/\/seausasino.pl\/news\/pl\/2026\/08\/poranek-sciezka-lesna-do-stilo-0827\/\"]}]},{\"@type\":\"ImageObject\",\"inLanguage\":\"pl-PL\",\"@id\":\"https:\/\/seausasino.pl\/news\/pl\/2026\/08\/poranek-sciezka-lesna-do-stilo-0827\/#primaryimage\",\"url\":\"https:\/\/seausasino.pl\/news\/wp-content\/uploads\/2026\/08\/seau-poranek-sciezka-lesna-do-stilo-0827.jpg\",\"contentUrl\":\"https:\/\/seausasino.pl\/news\/wp-content\/uploads\/2026\/08\/seau-poranek-sciezka-lesna-do-stilo-0827.jpg\",\"width\":1978,\"height\":2048},{\"@type\":\"BreadcrumbList\",\"@id\":\"https:\/\/seausasino.pl\/news\/pl\/2026\/08\/poranek-sciezka-lesna-do-stilo-0827\/#breadcrumb\",\"itemListElement\":[{\"@type\":\"ListItem\",\"position\":1,\"name\":\"Strona g\u0142\u00f3wna\",\"item\":\"https:\/\/seausasino.pl\/news\/pl\/\"},{\"@type\":\"ListItem\",\"position\":2,\"name\":\"Dom w Sasinie, \u015bcie\u017cka le\u015bna do Stilo rankiem\"}]},{\"@type\":\"WebSite\",\"@id\":\"https:\/\/seausasino.pl\/news\/#website\",\"url\":\"https:\/\/seausasino.pl\/news\/\",\"name\":\"SeaUSasino\",\"description\":\"Blog\",\"publisher\":{\"@id\":\"https:\/\/seausasino.pl\/news\/#organization\"},\"potentialAction\":[{\"@type\":\"SearchAction\",\"target\":{\"@type\":\"EntryPoint\",\"urlTemplate\":\"https:\/\/seausasino.pl\/news\/?s={search_term_string}\"},\"query-input\":\"required name=search_term_string\"}],\"inLanguage\":\"pl-PL\"},{\"@type\":\"Organization\",\"@id\":\"https:\/\/seausasino.pl\/news\/#organization\",\"name\":\"SeaUSasino\",\"url\":\"https:\/\/seausasino.pl\/news\/\",\"logo\":{\"@type\":\"ImageObject\",\"inLanguage\":\"pl-PL\",\"@id\":\"https:\/\/seausasino.pl\/news\/#\/schema\/logo\/image\/\",\"url\":\"https:\/\/seausasino.pl\/news\/wp-content\/uploads\/2022\/09\/06-2.jpg\",\"contentUrl\":\"https:\/\/seausasino.pl\/news\/wp-content\/uploads\/2022\/09\/06-2.jpg\",\"width\":853,\"height\":1280,\"caption\":\"SeaUSasino\"},\"image\":{\"@id\":\"https:\/\/seausasino.pl\/news\/#\/schema\/logo\/image\/\"},\"sameAs\":[\"https:\/\/www.facebook.com\/sasinoapartments4rent\",\"https:\/\/www.instagram.com\/seausasino\"]},{\"@type\":\"Person\",\"@id\":\"https:\/\/seausasino.pl\/news\/#\/schema\/person\/83768b5304ac25a7aec12584e5bafa66\",\"name\":\"admin\",\"image\":{\"@type\":\"ImageObject\",\"inLanguage\":\"pl-PL\",\"@id\":\"https:\/\/seausasino.pl\/news\/#\/schema\/person\/image\/\",\"url\":\"https:\/\/secure.gravatar.com\/avatar\/fc9bb3bac2b6959872cb274c84c62cf23e37f06526382b7da0d744fac7f387cb?s=96&d=mm&r=g\",\"contentUrl\":\"https:\/\/secure.gravatar.com\/avatar\/fc9bb3bac2b6959872cb274c84c62cf23e37f06526382b7da0d744fac7f387cb?s=96&d=mm&r=g\",\"caption\":\"admin\"},\"url\":\"https:\/\/seausasino.pl\/news\/author\/admin\/\"}]}<\/script>\n<!-- \/ Yoast SEO plugin. -->","yoast_head_json":{"title":"SEAUSASINO.PL - Dom w Sasinie, \u015bcie\u017cka do Stilo o \u015bwicie","description":"Poranne \u015bwiat\u0142o na piaszczystej skarpie w drodze do pla\u017cy Stilo. Sosnowy las, cisza i pierwszy blask dnia. Sprawd\u017a wolne terminy w Sasinie.","robots":{"index":"index","follow":"follow","max-snippet":"max-snippet:-1","max-image-preview":"max-image-preview:large","max-video-preview":"max-video-preview:-1"},"canonical":"https:\/\/seausasino.pl\/news\/pl\/2026\/08\/poranek-sciezka-lesna-do-stilo-0827\/","og_locale":"pl_PL","og_type":"article","og_title":"SEAUSASINO.PL - Dom w Sasinie, \u015bcie\u017cka do Stilo o \u015bwicie","og_description":"Poranne \u015bwiat\u0142o na piaszczystej skarpie w drodze do pla\u017cy Stilo. Sosnowy las, cisza i pierwszy blask dnia. Sprawd\u017a wolne terminy w Sasinie.","og_url":"https:\/\/seausasino.pl\/news\/pl\/2026\/08\/poranek-sciezka-lesna-do-stilo-0827\/","og_site_name":"SeaUSasino","article_publisher":"https:\/\/www.facebook.com\/sasinoapartments4rent","article_published_time":"2026-08-27T06:16:06+00:00","og_image":[{"width":742,"height":768,"url":"https:\/\/seausasino.pl\/news\/wp-content\/uploads\/2026\/08\/seau-poranek-sciezka-lesna-do-stilo-0827-742x768.jpg","type":"image\/jpeg"}],"author":"admin","twitter_card":"summary_large_image","twitter_misc":{"Napisane przez":"admin","Szacowany czas czytania":"2 minuty"},"schema":{"@context":"https:\/\/schema.org","@graph":[{"@type":"Article","@id":"https:\/\/seausasino.pl\/news\/pl\/2026\/08\/poranek-sciezka-lesna-do-stilo-0827\/#article","isPartOf":{"@id":"https:\/\/seausasino.pl\/news\/pl\/2026\/08\/poranek-sciezka-lesna-do-stilo-0827\/"},"author":{"name":"admin","@id":"https:\/\/seausasino.pl\/news\/#\/schema\/person\/83768b5304ac25a7aec12584e5bafa66"},"headline":"Dom w Sasinie, \u015bcie\u017cka le\u015bna do Stilo rankiem","datePublished":"2026-08-27T06:16:06+00:00","dateModified":"2026-08-27T06:16:06+00:00","mainEntityOfPage":{"@id":"https:\/\/seausasino.pl\/news\/pl\/2026\/08\/poranek-sciezka-lesna-do-stilo-0827\/"},"wordCount":469,"publisher":{"@id":"https:\/\/seausasino.pl\/news\/#organization"},"image":{"@id":"https:\/\/seausasino.pl\/news\/pl\/2026\/08\/poranek-sciezka-lesna-do-stilo-0827\/#primaryimage"},"thumbnailUrl":"https:\/\/seausasino.pl\/news\/wp-content\/uploads\/2026\/08\/seau-poranek-sciezka-lesna-do-stilo-0827.jpg","inLanguage":"pl-PL"},{"@type":"WebPage","@id":"https:\/\/seausasino.pl\/news\/pl\/2026\/08\/poranek-sciezka-lesna-do-stilo-0827\/","url":"https:\/\/seausasino.pl\/news\/pl\/2026\/08\/poranek-sciezka-lesna-do-stilo-0827\/","name":"SEAUSASINO.PL - Dom w Sasinie, \u015bcie\u017cka do Stilo o \u015bwicie","isPartOf":{"@id":"https:\/\/seausasino.pl\/news\/#website"},"primaryImageOfPage":{"@id":"https:\/\/seausasino.pl\/news\/pl\/2026\/08\/poranek-sciezka-lesna-do-stilo-0827\/#primaryimage"},"image":{"@id":"https:\/\/seausasino.pl\/news\/pl\/2026\/08\/poranek-sciezka-lesna-do-stilo-0827\/#primaryimage"},"thumbnailUrl":"https:\/\/seausasino.pl\/news\/wp-content\/uploads\/2026\/08\/seau-poranek-sciezka-lesna-do-stilo-0827.jpg","datePublished":"2026-08-27T06:16:06+00:00","dateModified":"2026-08-27T06:16:06+00:00","description":"Poranne \u015bwiat\u0142o na piaszczystej skarpie w drodze do pla\u017cy Stilo. Sosnowy las, cisza i pierwszy blask dnia. Sprawd\u017a wolne terminy w Sasinie.","breadcrumb":{"@id":"https:\/\/seausasino.pl\/news\/pl\/2026\/08\/poranek-sciezka-lesna-do-stilo-0827\/#breadcrumb"},"inLanguage":"pl-PL","potentialAction":[{"@type":"ReadAction","target":["https:\/\/seausasino.pl\/news\/pl\/2026\/08\/poranek-sciezka-lesna-do-stilo-0827\/"]}]},{"@type":"ImageObject","inLanguage":"pl-PL","@id":"https:\/\/seausasino.pl\/news\/pl\/2026\/08\/poranek-sciezka-lesna-do-stilo-0827\/#primaryimage","url":"https:\/\/seausasino.pl\/news\/wp-content\/uploads\/2026\/08\/seau-poranek-sciezka-lesna-do-stilo-0827.jpg","contentUrl":"https:\/\/seausasino.pl\/news\/wp-content\/uploads\/2026\/08\/seau-poranek-sciezka-lesna-do-stilo-0827.jpg","width":1978,"height":2048},{"@type":"BreadcrumbList","@id":"https:\/\/seausasino.pl\/news\/pl\/2026\/08\/poranek-sciezka-lesna-do-stilo-0827\/#breadcrumb","itemListElement":[{"@type":"ListItem","position":1,"name":"Strona g\u0142\u00f3wna","item":"https:\/\/seausasino.pl\/news\/pl\/"},{"@type":"ListItem","position":2,"name":"Dom w Sasinie, \u015bcie\u017cka le\u015bna do Stilo rankiem"}]},{"@type":"WebSite","@id":"https:\/\/seausasino.pl\/news\/#website","url":"https:\/\/seausasino.pl\/news\/","name":"SeaUSasino","description":"Blog","publisher":{"@id":"https:\/\/seausasino.pl\/news\/#organization"},"potentialAction":[{"@type":"SearchAction","target":{"@type":"EntryPoint","urlTemplate":"https:\/\/seausasino.pl\/news\/?s={search_term_string}"},"query-input":"required name=search_term_string"}],"inLanguage":"pl-PL"},{"@type":"Organization","@id":"https:\/\/seausasino.pl\/news\/#organization","name":"SeaUSasino","url":"https:\/\/seausasino.pl\/news\/","logo":{"@type":"ImageObject","inLanguage":"pl-PL","@id":"https:\/\/seausasino.pl\/news\/#\/schema\/logo\/image\/","url":"https:\/\/seausasino.pl\/news\/wp-content\/uploads\/2022\/09\/06-2.jpg","contentUrl":"https:\/\/seausasino.pl\/news\/wp-content\/uploads\/2022\/09\/06-2.jpg","width":853,"height":1280,"caption":"SeaUSasino"},"image":{"@id":"https:\/\/seausasino.pl\/news\/#\/schema\/logo\/image\/"},"sameAs":["https:\/\/www.facebook.com\/sasinoapartments4rent","https:\/\/www.instagram.com\/seausasino"]},{"@type":"Person","@id":"https:\/\/seausasino.pl\/news\/#\/schema\/person\/83768b5304ac25a7aec12584e5bafa66","name":"admin","image":{"@type":"ImageObject","inLanguage":"pl-PL","@id":"https:\/\/seausasino.pl\/news\/#\/schema\/person\/image\/","url":"https:\/\/secure.gravatar.com\/avatar\/fc9bb3bac2b6959872cb274c84c62cf23e37f06526382b7da0d744fac7f387cb?s=96&d=mm&r=g","contentUrl":"https:\/\/secure.gravatar.com\/avatar\/fc9bb3bac2b6959872cb274c84c62cf23e37f06526382b7da0d744fac7f387cb?s=96&d=mm&r=g","caption":"admin"},"url":"https:\/\/seausasino.pl\/news\/author\/admin\/"}]}},"_links":{"self":[{"href":"https:\/\/seausasino.pl\/news\/wp-json\/wp\/v2\/posts\/4584","targetHints":{"allow":["GET"]}}],"collection":[{"href":"https:\/\/seausasino.pl\/news\/wp-json\/wp\/v2\/posts"}],"about":[{"href":"https:\/\/seausasino.pl\/news\/wp-json\/wp\/v2\/types\/post"}],"author":[{"embeddable":true,"href":"https:\/\/seausasino.pl\/news\/wp-json\/wp\/v2\/users\/1"}],"replies":[{"embeddable":true,"href":"https:\/\/seausasino.pl\/news\/wp-json\/wp\/v2\/comments?post=4584"}],"version-history":[{"count":0,"href":"https:\/\/seausasino.pl\/news\/wp-json\/wp\/v2\/posts\/4584\/revisions"}],"wp:featuredmedia":[{"embeddable":true,"href":"https:\/\/seausasino.pl\/news\/wp-json\/wp\/v2\/media\/4583"}],"wp:attachment":[{"href":"https:\/\/seausasino.pl\/news\/wp-json\/wp\/v2\/media?parent=4584"}],"wp:term":[{"taxonomy":"category","embeddable":true,"href":"https:\/\/seausasino.pl\/news\/wp-json\/wp\/v2\/categories?post=4584"},{"taxonomy":"post_tag","embeddable":true,"href":"https:\/\/seausasino.pl\/news\/wp-json\/wp\/v2\/tags?post=4584"}],"curies":[{"name":"wp","href":"https:\/\/api.w.org\/{rel}","templated":true}]}}