{"id":4580,"date":"2026-08-26T12:16:24","date_gmt":"2026-08-26T10:16:24","guid":{"rendered":"https:\/\/blog.seausasino.pl\/2026\/08\/plaza-stilo-sloneczny-dzien-0826\/"},"modified":"2026-08-26T12:16:24","modified_gmt":"2026-08-26T10:16:24","slug":"plaza-stilo-sloneczny-dzien-0826","status":"publish","type":"post","link":"https:\/\/seausasino.pl\/news\/pl\/2026\/08\/plaza-stilo-sloneczny-dzien-0826\/","title":{"rendered":"Dom nad morzem, s\u0142oneczny dzie\u0144 na pla\u017cy Stilo"},"content":{"rendered":"<figure style=\"margin:0 auto;max-width:720px;\"><img decoding=\"async\" src=\"https:\/\/riceayyncripijgnlhzv.supabase.co\/storage\/v1\/object\/public\/content-studio\/seausasino-biblioteka\/szuflada-20230826173812-0674B7.jpg\" alt=\"Dom nad morzem, s\u0142oneczny dzie\u0144 na pla\u017cy Stilo\" style=\"width:100%;aspect-ratio:4\/5;object-fit:cover;display:block;\" \/><\/figure>\n<p>Dzie\u0144 zacz\u0105\u0142 si\u0119 od bezchmurnego nieba nad Sasinem i sko\u0144czy\u0142 si\u0119 rz\u0119dem sosen odbitych w bia\u0142ym piasku pla\u017cy Stilo. \u015awiat\u0142o by\u0142o ostre, cienie drzew d\u0142ugie i wyra\u017ane, a morze spokojne &#8211; taki dzie\u0144, kiedy warto wyj\u015b\u0107 z domu wcze\u015bnie i zostawi\u0107 telefon w kieszeni na d\u0142u\u017cej ni\u017c zwykle.<\/p>\n<p>Wydma przy Stilo w takie popo\u0142udnie wygl\u0105da inaczej ni\u017c o \u015bwicie. Piasek jest jasny, prawie bia\u0142y, a wiatr od morza uk\u0142ada go w drobne, regularne fale. Mi\u0119dzy traw\u0105 i suchymi konarami wida\u0107 kawa\u0142ki wyrzuconego drewna &#8211; pieniek, ga\u0142\u0119zie, resztki po sztormach z zimy &#8211; kt\u00f3re teraz le\u017c\u0105 w s\u0142o\u0144cu jak cz\u0119\u015b\u0107 krajobrazu, nie przypadek.<\/p>\n<h2>Co dzi\u015b wida\u0107 na pla\u017cy Stilo?<\/h2>\n<p>Linia lasu ci\u0105gnie si\u0119 r\u00f3wno po prawej stronie pla\u017cy, sosny stoj\u0105 g\u0119sto, miejscami przewr\u00f3cone, z korzeniami odkrytymi przez wiatr i wod\u0119. Dalej, przy samej wodzie, sterczy drewniany s\u0142upek &#8211; pozosta\u0142o\u015b\u0107 po jakim\u015b oznaczeniu, dzi\u015b s\u0142u\u017cy tylko jako punkt, na kt\u00f3rym mo\u017cna zawiesi\u0107 wzrok, patrz\u0105c w stron\u0119 horyzontu. Niebo jest niebieskie z delikatnymi, wysoko podwieszonymi ob\u0142okami, bez \u015bladu deszczu.<\/p>\n<ul>\n<li>bia\u0142y, sypki piasek bez odcisk\u00f3w &#8211; w tygodniu bywa tu kameralnie<\/li>\n<li>sosnowy las jako naturalna granica pla\u017cy i wydmy<\/li>\n<li>drewno wyrzucone przez morze, wtopione w krajobraz<\/li>\n<li>spokojna tafla wody, delikatne fale przy brzegu<\/li>\n<\/ul>\n<h2>Las sosnowy mi\u0119dzy Sasinem a dzik\u0105 pla\u017c\u0105<\/h2>\n<p>Droga z Sasina do Stilo prowadzi przez sosnowy las, w kt\u00f3rym latem jest cie\u0144 i zapach \u017cywicy, a przy wyj\u015bciu na wydm\u0119 \u015bwiat\u0142o robi si\u0119 nagle ostre i szerokie. To ta chwila, kiedy z lasu wychodzi si\u0119 prosto na piasek i morze, bez parking\u00f3w, bez t\u0142umu &#8211; tylko las, wydma i woda. Okolica Sasina, Kopalina i S\u0142ajszewa ma t\u0119 sam\u0105, surow\u0105 lini\u0119 wybrze\u017ca, dlatego domy nad morzem do wynaj\u0119cia w tym pasie cenione s\u0105 w\u0142a\u015bnie za blisko\u015b\u0107 takiej dzikiej pla\u017cy.<\/p>\n<h2>Wiecz\u00f3r po dniu sp\u0119dzonym nad wod\u0105<\/h2>\n<p>Po takim dniu dobrze wraca si\u0119 do drewnianego domu z prywatnym ogrodem i tarasem, gdzie da si\u0119 jeszcze posiedzie\u0107 na powietrzu, zanim zrobi si\u0119 ch\u0142odniej. <a href=\"https:\/\/seausasino.pl\">Sasino noclegi<\/a> w tej cz\u0119\u015bci wybrze\u017ca to zawsze blisko\u015b\u0107 lasu i pla\u017cy, a wieczorem &#8211; dom z kominkiem, w kt\u00f3rym mo\u017cna rozgrza\u0107 si\u0119 po ch\u0142odniejszym wietrze od morza. To codzienno\u015b\u0107 Sasina poza sezonem szczytowym: spok\u00f3j, cisza lasu i piasek, kt\u00f3ry jeszcze pami\u0119ta ciep\u0142o dnia.<\/p>\n<h2>Wolne terminy w SeaUSasino<\/h2>\n<p>\ud83d\udccd Najbli\u017cszy wolny termin: <strong>26.08.2026<\/strong><\/p>\n<p>Cztery ca\u0142oroczne, luksusowe domy z drewna w Sasinie \u2014 ka\u017cdy dla o\u015bmiu os\u00f3b, z kominkiem i prywatnym ogrodem, spacer sosnowym lasem od pla\u017cy Stilo. Sprawd\u017a dost\u0119pno\u015b\u0107 i <a href=\"https:\/\/seausasino.pl\">zarezerwuj na seausasino.pl<\/a>.<\/p>\n","protected":false},"excerpt":{"rendered":"<p>Bia\u0142y piasek pla\u017cy Stilo i sosnowy las w pe\u0142nym s\u0142o\u0144cu &#8211; zobacz, jak wygl\u0105da okolica. Sprawd\u017a domy nad morzem do wynaj\u0119cia w Sasinie i zarezerwuj pobyt.<\/p>\n","protected":false},"author":1,"featured_media":4579,"comment_status":"closed","ping_status":"closed","sticky":false,"template":"","format":"standard","meta":{"_yoast_wpseo_focuskw":"","_yoast_wpseo_title":"SEAUSASINO.PL - Dom nad morzem przy pla\u017cy Stilo","_yoast_wpseo_metadesc":"Bia\u0142y piasek pla\u017cy Stilo i sosnowy las w pe\u0142nym s\u0142o\u0144cu - zobacz, jak wygl\u0105da okolica. Sprawd\u017a domy nad morzem do wynaj\u0119cia w Sasinie i zarezerwuj pobyt.","seau_keywords":"pla\u017ca Stilo, domy nad morzem do wynaj\u0119cia, Sasino noclegi, dom z kominkiem, Sasino domki, dom do wynaj\u0119cia Sasino, Kopalino","footnotes":""},"categories":[12],"tags":[],"class_list":["post-4580","post","type-post","status-publish","format-standard","has-post-thumbnail","hentry","category-bez-kategorii-pl"],"yoast_head":"<!-- This site is optimized with the Yoast SEO plugin v22.6 - https:\/\/yoast.com\/wordpress\/plugins\/seo\/ -->\n<title>SEAUSASINO.PL - Dom nad morzem przy pla\u017cy Stilo<\/title>\n<meta name=\"description\" content=\"Bia\u0142y piasek pla\u017cy Stilo i sosnowy las w pe\u0142nym s\u0142o\u0144cu - zobacz, jak wygl\u0105da okolica. Sprawd\u017a domy nad morzem do wynaj\u0119cia w Sasinie i zarezerwuj pobyt.\" \/>\n<meta name=\"robots\" content=\"index, follow, max-snippet:-1, max-image-preview:large, max-video-preview:-1\" \/>\n<link rel=\"canonical\" href=\"https:\/\/seausasino.pl\/news\/pl\/2026\/08\/plaza-stilo-sloneczny-dzien-0826\/\" \/>\n<meta property=\"og:locale\" content=\"pl_PL\" \/>\n<meta property=\"og:type\" content=\"article\" \/>\n<meta property=\"og:title\" content=\"SEAUSASINO.PL - Dom nad morzem przy pla\u017cy Stilo\" \/>\n<meta property=\"og:description\" content=\"Bia\u0142y piasek pla\u017cy Stilo i sosnowy las w pe\u0142nym s\u0142o\u0144cu - zobacz, jak wygl\u0105da okolica. Sprawd\u017a domy nad morzem do wynaj\u0119cia w Sasinie i zarezerwuj pobyt.\" \/>\n<meta property=\"og:url\" content=\"https:\/\/seausasino.pl\/news\/pl\/2026\/08\/plaza-stilo-sloneczny-dzien-0826\/\" \/>\n<meta property=\"og:site_name\" content=\"SeaUSasino\" \/>\n<meta property=\"article:publisher\" content=\"https:\/\/www.facebook.com\/sasinoapartments4rent\" \/>\n<meta property=\"article:published_time\" content=\"2026-08-26T10:16:24+00:00\" \/>\n<meta property=\"og:image\" content=\"https:\/\/seausasino.pl\/news\/wp-content\/uploads\/2026\/08\/seau-plaza-stilo-sloneczny-dzien-0826.jpg\" \/>\n\t<meta property=\"og:image:width\" content=\"2048\" \/>\n\t<meta property=\"og:image:height\" content=\"1536\" \/>\n\t<meta property=\"og:image:type\" content=\"image\/jpeg\" \/>\n<meta name=\"author\" content=\"admin\" \/>\n<meta name=\"twitter:card\" content=\"summary_large_image\" \/>\n<meta name=\"twitter:label1\" content=\"Napisane przez\" \/>\n\t<meta name=\"twitter:data1\" content=\"admin\" \/>\n\t<meta name=\"twitter:label2\" content=\"Szacowany czas czytania\" \/>\n\t<meta name=\"twitter:data2\" content=\"2 minuty\" \/>\n<script type=\"application\/ld+json\" class=\"yoast-schema-graph\">{\"@context\":\"https:\/\/schema.org\",\"@graph\":[{\"@type\":\"Article\",\"@id\":\"https:\/\/seausasino.pl\/news\/pl\/2026\/08\/plaza-stilo-sloneczny-dzien-0826\/#article\",\"isPartOf\":{\"@id\":\"https:\/\/seausasino.pl\/news\/pl\/2026\/08\/plaza-stilo-sloneczny-dzien-0826\/\"},\"author\":{\"name\":\"admin\",\"@id\":\"https:\/\/seausasino.pl\/news\/#\/schema\/person\/83768b5304ac25a7aec12584e5bafa66\"},\"headline\":\"Dom nad morzem, s\u0142oneczny dzie\u0144 na pla\u017cy Stilo\",\"datePublished\":\"2026-08-26T10:16:24+00:00\",\"dateModified\":\"2026-08-26T10:16:24+00:00\",\"mainEntityOfPage\":{\"@id\":\"https:\/\/seausasino.pl\/news\/pl\/2026\/08\/plaza-stilo-sloneczny-dzien-0826\/\"},\"wordCount\":478,\"publisher\":{\"@id\":\"https:\/\/seausasino.pl\/news\/#organization\"},\"image\":{\"@id\":\"https:\/\/seausasino.pl\/news\/pl\/2026\/08\/plaza-stilo-sloneczny-dzien-0826\/#primaryimage\"},\"thumbnailUrl\":\"https:\/\/seausasino.pl\/news\/wp-content\/uploads\/2026\/08\/seau-plaza-stilo-sloneczny-dzien-0826.jpg\",\"inLanguage\":\"pl-PL\"},{\"@type\":\"WebPage\",\"@id\":\"https:\/\/seausasino.pl\/news\/pl\/2026\/08\/plaza-stilo-sloneczny-dzien-0826\/\",\"url\":\"https:\/\/seausasino.pl\/news\/pl\/2026\/08\/plaza-stilo-sloneczny-dzien-0826\/\",\"name\":\"SEAUSASINO.PL - Dom nad morzem przy pla\u017cy Stilo\",\"isPartOf\":{\"@id\":\"https:\/\/seausasino.pl\/news\/#website\"},\"primaryImageOfPage\":{\"@id\":\"https:\/\/seausasino.pl\/news\/pl\/2026\/08\/plaza-stilo-sloneczny-dzien-0826\/#primaryimage\"},\"image\":{\"@id\":\"https:\/\/seausasino.pl\/news\/pl\/2026\/08\/plaza-stilo-sloneczny-dzien-0826\/#primaryimage\"},\"thumbnailUrl\":\"https:\/\/seausasino.pl\/news\/wp-content\/uploads\/2026\/08\/seau-plaza-stilo-sloneczny-dzien-0826.jpg\",\"datePublished\":\"2026-08-26T10:16:24+00:00\",\"dateModified\":\"2026-08-26T10:16:24+00:00\",\"description\":\"Bia\u0142y piasek pla\u017cy Stilo i sosnowy las w pe\u0142nym s\u0142o\u0144cu - zobacz, jak wygl\u0105da okolica. Sprawd\u017a domy nad morzem do wynaj\u0119cia w Sasinie i zarezerwuj pobyt.\",\"breadcrumb\":{\"@id\":\"https:\/\/seausasino.pl\/news\/pl\/2026\/08\/plaza-stilo-sloneczny-dzien-0826\/#breadcrumb\"},\"inLanguage\":\"pl-PL\",\"potentialAction\":[{\"@type\":\"ReadAction\",\"target\":[\"https:\/\/seausasino.pl\/news\/pl\/2026\/08\/plaza-stilo-sloneczny-dzien-0826\/\"]}]},{\"@type\":\"ImageObject\",\"inLanguage\":\"pl-PL\",\"@id\":\"https:\/\/seausasino.pl\/news\/pl\/2026\/08\/plaza-stilo-sloneczny-dzien-0826\/#primaryimage\",\"url\":\"https:\/\/seausasino.pl\/news\/wp-content\/uploads\/2026\/08\/seau-plaza-stilo-sloneczny-dzien-0826.jpg\",\"contentUrl\":\"https:\/\/seausasino.pl\/news\/wp-content\/uploads\/2026\/08\/seau-plaza-stilo-sloneczny-dzien-0826.jpg\",\"width\":2048,\"height\":1536},{\"@type\":\"BreadcrumbList\",\"@id\":\"https:\/\/seausasino.pl\/news\/pl\/2026\/08\/plaza-stilo-sloneczny-dzien-0826\/#breadcrumb\",\"itemListElement\":[{\"@type\":\"ListItem\",\"position\":1,\"name\":\"Strona g\u0142\u00f3wna\",\"item\":\"https:\/\/seausasino.pl\/news\/pl\/\"},{\"@type\":\"ListItem\",\"position\":2,\"name\":\"Dom nad morzem, s\u0142oneczny dzie\u0144 na pla\u017cy Stilo\"}]},{\"@type\":\"WebSite\",\"@id\":\"https:\/\/seausasino.pl\/news\/#website\",\"url\":\"https:\/\/seausasino.pl\/news\/\",\"name\":\"SeaUSasino\",\"description\":\"Blog\",\"publisher\":{\"@id\":\"https:\/\/seausasino.pl\/news\/#organization\"},\"potentialAction\":[{\"@type\":\"SearchAction\",\"target\":{\"@type\":\"EntryPoint\",\"urlTemplate\":\"https:\/\/seausasino.pl\/news\/?s={search_term_string}\"},\"query-input\":\"required name=search_term_string\"}],\"inLanguage\":\"pl-PL\"},{\"@type\":\"Organization\",\"@id\":\"https:\/\/seausasino.pl\/news\/#organization\",\"name\":\"SeaUSasino\",\"url\":\"https:\/\/seausasino.pl\/news\/\",\"logo\":{\"@type\":\"ImageObject\",\"inLanguage\":\"pl-PL\",\"@id\":\"https:\/\/seausasino.pl\/news\/#\/schema\/logo\/image\/\",\"url\":\"https:\/\/seausasino.pl\/news\/wp-content\/uploads\/2022\/09\/06-2.jpg\",\"contentUrl\":\"https:\/\/seausasino.pl\/news\/wp-content\/uploads\/2022\/09\/06-2.jpg\",\"width\":853,\"height\":1280,\"caption\":\"SeaUSasino\"},\"image\":{\"@id\":\"https:\/\/seausasino.pl\/news\/#\/schema\/logo\/image\/\"},\"sameAs\":[\"https:\/\/www.facebook.com\/sasinoapartments4rent\",\"https:\/\/www.instagram.com\/seausasino\"]},{\"@type\":\"Person\",\"@id\":\"https:\/\/seausasino.pl\/news\/#\/schema\/person\/83768b5304ac25a7aec12584e5bafa66\",\"name\":\"admin\",\"image\":{\"@type\":\"ImageObject\",\"inLanguage\":\"pl-PL\",\"@id\":\"https:\/\/seausasino.pl\/news\/#\/schema\/person\/image\/\",\"url\":\"https:\/\/secure.gravatar.com\/avatar\/fc9bb3bac2b6959872cb274c84c62cf23e37f06526382b7da0d744fac7f387cb?s=96&d=mm&r=g\",\"contentUrl\":\"https:\/\/secure.gravatar.com\/avatar\/fc9bb3bac2b6959872cb274c84c62cf23e37f06526382b7da0d744fac7f387cb?s=96&d=mm&r=g\",\"caption\":\"admin\"},\"url\":\"https:\/\/seausasino.pl\/news\/author\/admin\/\"}]}<\/script>\n<!-- \/ Yoast SEO plugin. -->","yoast_head_json":{"title":"SEAUSASINO.PL - Dom nad morzem przy pla\u017cy Stilo","description":"Bia\u0142y piasek pla\u017cy Stilo i sosnowy las w pe\u0142nym s\u0142o\u0144cu - zobacz, jak wygl\u0105da okolica. Sprawd\u017a domy nad morzem do wynaj\u0119cia w Sasinie i zarezerwuj pobyt.","robots":{"index":"index","follow":"follow","max-snippet":"max-snippet:-1","max-image-preview":"max-image-preview:large","max-video-preview":"max-video-preview:-1"},"canonical":"https:\/\/seausasino.pl\/news\/pl\/2026\/08\/plaza-stilo-sloneczny-dzien-0826\/","og_locale":"pl_PL","og_type":"article","og_title":"SEAUSASINO.PL - Dom nad morzem przy pla\u017cy Stilo","og_description":"Bia\u0142y piasek pla\u017cy Stilo i sosnowy las w pe\u0142nym s\u0142o\u0144cu - zobacz, jak wygl\u0105da okolica. Sprawd\u017a domy nad morzem do wynaj\u0119cia w Sasinie i zarezerwuj pobyt.","og_url":"https:\/\/seausasino.pl\/news\/pl\/2026\/08\/plaza-stilo-sloneczny-dzien-0826\/","og_site_name":"SeaUSasino","article_publisher":"https:\/\/www.facebook.com\/sasinoapartments4rent","article_published_time":"2026-08-26T10:16:24+00:00","og_image":[{"width":2048,"height":1536,"url":"https:\/\/seausasino.pl\/news\/wp-content\/uploads\/2026\/08\/seau-plaza-stilo-sloneczny-dzien-0826.jpg","type":"image\/jpeg"}],"author":"admin","twitter_card":"summary_large_image","twitter_misc":{"Napisane przez":"admin","Szacowany czas czytania":"2 minuty"},"schema":{"@context":"https:\/\/schema.org","@graph":[{"@type":"Article","@id":"https:\/\/seausasino.pl\/news\/pl\/2026\/08\/plaza-stilo-sloneczny-dzien-0826\/#article","isPartOf":{"@id":"https:\/\/seausasino.pl\/news\/pl\/2026\/08\/plaza-stilo-sloneczny-dzien-0826\/"},"author":{"name":"admin","@id":"https:\/\/seausasino.pl\/news\/#\/schema\/person\/83768b5304ac25a7aec12584e5bafa66"},"headline":"Dom nad morzem, s\u0142oneczny dzie\u0144 na pla\u017cy Stilo","datePublished":"2026-08-26T10:16:24+00:00","dateModified":"2026-08-26T10:16:24+00:00","mainEntityOfPage":{"@id":"https:\/\/seausasino.pl\/news\/pl\/2026\/08\/plaza-stilo-sloneczny-dzien-0826\/"},"wordCount":478,"publisher":{"@id":"https:\/\/seausasino.pl\/news\/#organization"},"image":{"@id":"https:\/\/seausasino.pl\/news\/pl\/2026\/08\/plaza-stilo-sloneczny-dzien-0826\/#primaryimage"},"thumbnailUrl":"https:\/\/seausasino.pl\/news\/wp-content\/uploads\/2026\/08\/seau-plaza-stilo-sloneczny-dzien-0826.jpg","inLanguage":"pl-PL"},{"@type":"WebPage","@id":"https:\/\/seausasino.pl\/news\/pl\/2026\/08\/plaza-stilo-sloneczny-dzien-0826\/","url":"https:\/\/seausasino.pl\/news\/pl\/2026\/08\/plaza-stilo-sloneczny-dzien-0826\/","name":"SEAUSASINO.PL - Dom nad morzem przy pla\u017cy Stilo","isPartOf":{"@id":"https:\/\/seausasino.pl\/news\/#website"},"primaryImageOfPage":{"@id":"https:\/\/seausasino.pl\/news\/pl\/2026\/08\/plaza-stilo-sloneczny-dzien-0826\/#primaryimage"},"image":{"@id":"https:\/\/seausasino.pl\/news\/pl\/2026\/08\/plaza-stilo-sloneczny-dzien-0826\/#primaryimage"},"thumbnailUrl":"https:\/\/seausasino.pl\/news\/wp-content\/uploads\/2026\/08\/seau-plaza-stilo-sloneczny-dzien-0826.jpg","datePublished":"2026-08-26T10:16:24+00:00","dateModified":"2026-08-26T10:16:24+00:00","description":"Bia\u0142y piasek pla\u017cy Stilo i sosnowy las w pe\u0142nym s\u0142o\u0144cu - zobacz, jak wygl\u0105da okolica. Sprawd\u017a domy nad morzem do wynaj\u0119cia w Sasinie i zarezerwuj pobyt.","breadcrumb":{"@id":"https:\/\/seausasino.pl\/news\/pl\/2026\/08\/plaza-stilo-sloneczny-dzien-0826\/#breadcrumb"},"inLanguage":"pl-PL","potentialAction":[{"@type":"ReadAction","target":["https:\/\/seausasino.pl\/news\/pl\/2026\/08\/plaza-stilo-sloneczny-dzien-0826\/"]}]},{"@type":"ImageObject","inLanguage":"pl-PL","@id":"https:\/\/seausasino.pl\/news\/pl\/2026\/08\/plaza-stilo-sloneczny-dzien-0826\/#primaryimage","url":"https:\/\/seausasino.pl\/news\/wp-content\/uploads\/2026\/08\/seau-plaza-stilo-sloneczny-dzien-0826.jpg","contentUrl":"https:\/\/seausasino.pl\/news\/wp-content\/uploads\/2026\/08\/seau-plaza-stilo-sloneczny-dzien-0826.jpg","width":2048,"height":1536},{"@type":"BreadcrumbList","@id":"https:\/\/seausasino.pl\/news\/pl\/2026\/08\/plaza-stilo-sloneczny-dzien-0826\/#breadcrumb","itemListElement":[{"@type":"ListItem","position":1,"name":"Strona g\u0142\u00f3wna","item":"https:\/\/seausasino.pl\/news\/pl\/"},{"@type":"ListItem","position":2,"name":"Dom nad morzem, s\u0142oneczny dzie\u0144 na pla\u017cy Stilo"}]},{"@type":"WebSite","@id":"https:\/\/seausasino.pl\/news\/#website","url":"https:\/\/seausasino.pl\/news\/","name":"SeaUSasino","description":"Blog","publisher":{"@id":"https:\/\/seausasino.pl\/news\/#organization"},"potentialAction":[{"@type":"SearchAction","target":{"@type":"EntryPoint","urlTemplate":"https:\/\/seausasino.pl\/news\/?s={search_term_string}"},"query-input":"required name=search_term_string"}],"inLanguage":"pl-PL"},{"@type":"Organization","@id":"https:\/\/seausasino.pl\/news\/#organization","name":"SeaUSasino","url":"https:\/\/seausasino.pl\/news\/","logo":{"@type":"ImageObject","inLanguage":"pl-PL","@id":"https:\/\/seausasino.pl\/news\/#\/schema\/logo\/image\/","url":"https:\/\/seausasino.pl\/news\/wp-content\/uploads\/2022\/09\/06-2.jpg","contentUrl":"https:\/\/seausasino.pl\/news\/wp-content\/uploads\/2022\/09\/06-2.jpg","width":853,"height":1280,"caption":"SeaUSasino"},"image":{"@id":"https:\/\/seausasino.pl\/news\/#\/schema\/logo\/image\/"},"sameAs":["https:\/\/www.facebook.com\/sasinoapartments4rent","https:\/\/www.instagram.com\/seausasino"]},{"@type":"Person","@id":"https:\/\/seausasino.pl\/news\/#\/schema\/person\/83768b5304ac25a7aec12584e5bafa66","name":"admin","image":{"@type":"ImageObject","inLanguage":"pl-PL","@id":"https:\/\/seausasino.pl\/news\/#\/schema\/person\/image\/","url":"https:\/\/secure.gravatar.com\/avatar\/fc9bb3bac2b6959872cb274c84c62cf23e37f06526382b7da0d744fac7f387cb?s=96&d=mm&r=g","contentUrl":"https:\/\/secure.gravatar.com\/avatar\/fc9bb3bac2b6959872cb274c84c62cf23e37f06526382b7da0d744fac7f387cb?s=96&d=mm&r=g","caption":"admin"},"url":"https:\/\/seausasino.pl\/news\/author\/admin\/"}]}},"_links":{"self":[{"href":"https:\/\/seausasino.pl\/news\/wp-json\/wp\/v2\/posts\/4580","targetHints":{"allow":["GET"]}}],"collection":[{"href":"https:\/\/seausasino.pl\/news\/wp-json\/wp\/v2\/posts"}],"about":[{"href":"https:\/\/seausasino.pl\/news\/wp-json\/wp\/v2\/types\/post"}],"author":[{"embeddable":true,"href":"https:\/\/seausasino.pl\/news\/wp-json\/wp\/v2\/users\/1"}],"replies":[{"embeddable":true,"href":"https:\/\/seausasino.pl\/news\/wp-json\/wp\/v2\/comments?post=4580"}],"version-history":[{"count":0,"href":"https:\/\/seausasino.pl\/news\/wp-json\/wp\/v2\/posts\/4580\/revisions"}],"wp:featuredmedia":[{"embeddable":true,"href":"https:\/\/seausasino.pl\/news\/wp-json\/wp\/v2\/media\/4579"}],"wp:attachment":[{"href":"https:\/\/seausasino.pl\/news\/wp-json\/wp\/v2\/media?parent=4580"}],"wp:term":[{"taxonomy":"category","embeddable":true,"href":"https:\/\/seausasino.pl\/news\/wp-json\/wp\/v2\/categories?post=4580"},{"taxonomy":"post_tag","embeddable":true,"href":"https:\/\/seausasino.pl\/news\/wp-json\/wp\/v2\/tags?post=4580"}],"curies":[{"name":"wp","href":"https:\/\/api.w.org\/{rel}","templated":true}]}}