{"id":4578,"date":"2026-08-26T08:16:13","date_gmt":"2026-08-26T06:16:13","guid":{"rendered":"https:\/\/blog.seausasino.pl\/2026\/08\/dom-z-kominkiem-w-sasinie-wieczor-0826\/"},"modified":"2026-08-26T08:16:13","modified_gmt":"2026-08-26T06:16:13","slug":"dom-z-kominkiem-w-sasinie-wieczor-0826","status":"publish","type":"post","link":"https:\/\/seausasino.pl\/news\/pl\/2026\/08\/dom-z-kominkiem-w-sasinie-wieczor-0826\/","title":{"rendered":"Dom z kominkiem w Sasinie na wsp\u00f3lny wiecz\u00f3r"},"content":{"rendered":"<figure style=\"margin:0 auto;max-width:720px;\"><img decoding=\"async\" src=\"https:\/\/riceayyncripijgnlhzv.supabase.co\/storage\/v1\/object\/public\/content-studio\/seausasino-biblioteka\/szuflada-20220822115442-3155F8.jpg\" alt=\"Dom z kominkiem w Sasinie na wsp\u00f3lny wiecz\u00f3r\" style=\"width:100%;aspect-ratio:4\/5;object-fit:cover;display:block;\" \/><\/figure>\n<p>Piecyk w rogu salonu strzela cicho drewnem, a przez szyb\u0119 wida\u0107 pomara\u0144czowy blask ognia. Na bia\u0142ym fotelu kto\u015b zostawi\u0142 otwart\u0105 ksi\u0105\u017ck\u0119, na stoliku stoi fili\u017canka jeszcze ciep\u0142ej herbaty. Za oknem zielone korony drzew, w salonie zapach \u017cywicy i drewnianych belek. To zwyczajny wiecz\u00f3r w jednym z naszych dom\u00f3w w Sasinie, kiedy ca\u0142y dzie\u0144 sp\u0119dzony na pla\u017cy Stilo ko\u0144czy si\u0119 w cieple wn\u0119trza z kominkiem.<\/p>\n<p>Model ma\u0142ej \u017cagl\u00f3wki na p\u00f3\u0142ce przypomina, \u017ce morze jest tu\u017c za lasem, cho\u0107 teraz liczy si\u0119 tylko to, co dzieje si\u0119 w \u015brodku. Drewniana jadalnia z d\u0142ugim sto\u0142em i krzes\u0142ami czeka na wsp\u00f3ln\u0105 kolacj\u0119, \u017cyrandol nad sto\u0142em rzuca ciep\u0142e \u015bwiat\u0142o, a w otwartej kuchni kto\u015b krz\u0105ta si\u0119 mi\u0119dzy garnkami. W naszych domach go\u015bcie gotuj\u0105 sami, we w pe\u0142ni wyposa\u017conej kuchni, wi\u0119c kolacja staje si\u0119 cz\u0119\u015bci\u0105 wieczoru, nie tylko jego dodatkiem.<\/p>\n<h2>Kominek jako centrum rodzinnego wieczoru<\/h2>\n<p>Dom z kominkiem ma t\u0119 przewag\u0119, \u017ce nie trzeba planowa\u0107 wieczoru &#8211; on sam si\u0119 uk\u0142ada wok\u00f3\u0142 ognia. Dzieci siadaj\u0105 bli\u017cej ciep\u0142a, doro\u015bli rozk\u0142adaj\u0105 si\u0119 na kanapie z herbat\u0105, a rozmowa toczy si\u0119 wolniej ni\u017c w dzie\u0144. Po godzinach na wietrze i piasku pla\u017cy Stilo to naturalny moment odpoczynku, kiedy drewniane wn\u0119trze robi swoje &#8211; wyg\u0142usza po\u015bpiech, wprowadza spok\u00f3j.<\/p>\n<h2>Jadalnia, kt\u00f3ra \u0142\u0105czy ca\u0142y dzie\u0144<\/h2>\n<p>St\u00f3\u0142 w jadalni to miejsce, gdzie ko\u0144cz\u0105 si\u0119 plany na nast\u0119pny dzie\u0144 &#8211; czy p\u00f3jdziemy w stron\u0119 Kopalina, czy zostajemy w sosnowym lesie ko\u0142o domu. Drewniane krzes\u0142a, bia\u0142y serwis, butelka wina odstawiona na bok &#8211; to obraz wieczoru, kt\u00f3ry powtarza si\u0119 w naszych domach ka\u017cdego lata i ka\u017cdej jesieni, kiedy rodziny szukaj\u0105 domy nad morzem do wynaj\u0119cia z prawdziwym kominkiem, nie tylko na zdj\u0119ciu.<\/p>\n<h3>Kameralnie i po swojemu<\/h3>\n<p>W Sasinie nie ma t\u0142umu ani gwaru &#8211; jest kameralnie, cztery domy stoj\u0105 w odleg\u0142o\u015bci, kt\u00f3ra daje prywatno\u015b\u0107, a wieczorem s\u0142ycha\u0107 tylko trzask drewna w piecyku i szum drzew za oknem. To w\u0142a\u015bnie ta cisza i drewniane wn\u0119trze sprawiaj\u0105, \u017ce wiecz\u00f3r przy kominku zapada w pami\u0119\u0107 bardziej ni\u017c sam dzie\u0144 na pla\u017cy.<\/p>\n<h2>Wolne terminy w SeaUSasino<\/h2>\n<p>\ud83d\udccd Najbli\u017cszy wolny termin: <strong>26.08.2026<\/strong><\/p>\n<p>Cztery ca\u0142oroczne, luksusowe domy z drewna w Sasinie \u2014 ka\u017cdy dla o\u015bmiu os\u00f3b, z kominkiem i prywatnym ogrodem, spacer sosnowym lasem od pla\u017cy Stilo. Sprawd\u017a dost\u0119pno\u015b\u0107 i <a href=\"https:\/\/seausasino.pl\">zarezerwuj na seausasino.pl<\/a>.<\/p>\n","protected":false},"excerpt":{"rendered":"<p>Wiecz\u00f3r przy kominku w drewnianym domu w Sasinie, po dniu na pla\u017cy Stilo. Sprawd\u017a dost\u0119pne terminy i zarezerwuj pobyt na seausasino.pl.<\/p>\n","protected":false},"author":1,"featured_media":4577,"comment_status":"closed","ping_status":"closed","sticky":false,"template":"","format":"standard","meta":{"_yoast_wpseo_focuskw":"","_yoast_wpseo_title":"SEAUSASINO.PL - Dom z kominkiem w Sasinie na wiecz\u00f3r","_yoast_wpseo_metadesc":"Wiecz\u00f3r przy kominku w drewnianym domu w Sasinie, po dniu na pla\u017cy Stilo. Sprawd\u017a dost\u0119pne terminy i zarezerwuj pobyt na seausasino.pl.","seau_keywords":"dom z kominkiem, Sasino noclegi, pla\u017ca Stilo, dom nad morzem, domy nad morzem do wynaj\u0119cia, Sasino domki, nocleg dla rodziny","footnotes":""},"categories":[12],"tags":[],"class_list":["post-4578","post","type-post","status-publish","format-standard","has-post-thumbnail","hentry","category-bez-kategorii-pl"],"yoast_head":"<!-- This site is optimized with the Yoast SEO plugin v22.6 - https:\/\/yoast.com\/wordpress\/plugins\/seo\/ -->\n<title>SEAUSASINO.PL - Dom z kominkiem w Sasinie na wiecz\u00f3r<\/title>\n<meta name=\"description\" content=\"Wiecz\u00f3r przy kominku w drewnianym domu w Sasinie, po dniu na pla\u017cy Stilo. Sprawd\u017a dost\u0119pne terminy i zarezerwuj pobyt na seausasino.pl.\" \/>\n<meta name=\"robots\" content=\"index, follow, max-snippet:-1, max-image-preview:large, max-video-preview:-1\" \/>\n<link rel=\"canonical\" href=\"https:\/\/seausasino.pl\/news\/pl\/2026\/08\/dom-z-kominkiem-w-sasinie-wieczor-0826\/\" \/>\n<meta property=\"og:locale\" content=\"pl_PL\" \/>\n<meta property=\"og:type\" content=\"article\" \/>\n<meta property=\"og:title\" content=\"SEAUSASINO.PL - Dom z kominkiem w Sasinie na wiecz\u00f3r\" \/>\n<meta property=\"og:description\" content=\"Wiecz\u00f3r przy kominku w drewnianym domu w Sasinie, po dniu na pla\u017cy Stilo. Sprawd\u017a dost\u0119pne terminy i zarezerwuj pobyt na seausasino.pl.\" \/>\n<meta property=\"og:url\" content=\"https:\/\/seausasino.pl\/news\/pl\/2026\/08\/dom-z-kominkiem-w-sasinie-wieczor-0826\/\" \/>\n<meta property=\"og:site_name\" content=\"SeaUSasino\" \/>\n<meta property=\"article:publisher\" content=\"https:\/\/www.facebook.com\/sasinoapartments4rent\" \/>\n<meta property=\"article:published_time\" content=\"2026-08-26T06:16:13+00:00\" \/>\n<meta property=\"og:image\" content=\"https:\/\/seausasino.pl\/news\/wp-content\/uploads\/2026\/08\/seau-dom-z-kominkiem-w-sasinie-wieczor-0826.jpg\" \/>\n\t<meta property=\"og:image:width\" content=\"1536\" \/>\n\t<meta property=\"og:image:height\" content=\"2048\" \/>\n\t<meta property=\"og:image:type\" content=\"image\/jpeg\" \/>\n<meta name=\"author\" content=\"admin\" \/>\n<meta name=\"twitter:card\" content=\"summary_large_image\" \/>\n<meta name=\"twitter:label1\" content=\"Napisane przez\" \/>\n\t<meta name=\"twitter:data1\" content=\"admin\" \/>\n\t<meta name=\"twitter:label2\" content=\"Szacowany czas czytania\" \/>\n\t<meta name=\"twitter:data2\" content=\"2 minuty\" \/>\n<script type=\"application\/ld+json\" class=\"yoast-schema-graph\">{\"@context\":\"https:\/\/schema.org\",\"@graph\":[{\"@type\":\"Article\",\"@id\":\"https:\/\/seausasino.pl\/news\/pl\/2026\/08\/dom-z-kominkiem-w-sasinie-wieczor-0826\/#article\",\"isPartOf\":{\"@id\":\"https:\/\/seausasino.pl\/news\/pl\/2026\/08\/dom-z-kominkiem-w-sasinie-wieczor-0826\/\"},\"author\":{\"name\":\"admin\",\"@id\":\"https:\/\/seausasino.pl\/news\/#\/schema\/person\/83768b5304ac25a7aec12584e5bafa66\"},\"headline\":\"Dom z kominkiem w Sasinie na wsp\u00f3lny wiecz\u00f3r\",\"datePublished\":\"2026-08-26T06:16:13+00:00\",\"dateModified\":\"2026-08-26T06:16:13+00:00\",\"mainEntityOfPage\":{\"@id\":\"https:\/\/seausasino.pl\/news\/pl\/2026\/08\/dom-z-kominkiem-w-sasinie-wieczor-0826\/\"},\"wordCount\":439,\"publisher\":{\"@id\":\"https:\/\/seausasino.pl\/news\/#organization\"},\"image\":{\"@id\":\"https:\/\/seausasino.pl\/news\/pl\/2026\/08\/dom-z-kominkiem-w-sasinie-wieczor-0826\/#primaryimage\"},\"thumbnailUrl\":\"https:\/\/seausasino.pl\/news\/wp-content\/uploads\/2026\/08\/seau-dom-z-kominkiem-w-sasinie-wieczor-0826.jpg\",\"inLanguage\":\"pl-PL\"},{\"@type\":\"WebPage\",\"@id\":\"https:\/\/seausasino.pl\/news\/pl\/2026\/08\/dom-z-kominkiem-w-sasinie-wieczor-0826\/\",\"url\":\"https:\/\/seausasino.pl\/news\/pl\/2026\/08\/dom-z-kominkiem-w-sasinie-wieczor-0826\/\",\"name\":\"SEAUSASINO.PL - Dom z kominkiem w Sasinie na wiecz\u00f3r\",\"isPartOf\":{\"@id\":\"https:\/\/seausasino.pl\/news\/#website\"},\"primaryImageOfPage\":{\"@id\":\"https:\/\/seausasino.pl\/news\/pl\/2026\/08\/dom-z-kominkiem-w-sasinie-wieczor-0826\/#primaryimage\"},\"image\":{\"@id\":\"https:\/\/seausasino.pl\/news\/pl\/2026\/08\/dom-z-kominkiem-w-sasinie-wieczor-0826\/#primaryimage\"},\"thumbnailUrl\":\"https:\/\/seausasino.pl\/news\/wp-content\/uploads\/2026\/08\/seau-dom-z-kominkiem-w-sasinie-wieczor-0826.jpg\",\"datePublished\":\"2026-08-26T06:16:13+00:00\",\"dateModified\":\"2026-08-26T06:16:13+00:00\",\"description\":\"Wiecz\u00f3r przy kominku w drewnianym domu w Sasinie, po dniu na pla\u017cy Stilo. Sprawd\u017a dost\u0119pne terminy i zarezerwuj pobyt na seausasino.pl.\",\"breadcrumb\":{\"@id\":\"https:\/\/seausasino.pl\/news\/pl\/2026\/08\/dom-z-kominkiem-w-sasinie-wieczor-0826\/#breadcrumb\"},\"inLanguage\":\"pl-PL\",\"potentialAction\":[{\"@type\":\"ReadAction\",\"target\":[\"https:\/\/seausasino.pl\/news\/pl\/2026\/08\/dom-z-kominkiem-w-sasinie-wieczor-0826\/\"]}]},{\"@type\":\"ImageObject\",\"inLanguage\":\"pl-PL\",\"@id\":\"https:\/\/seausasino.pl\/news\/pl\/2026\/08\/dom-z-kominkiem-w-sasinie-wieczor-0826\/#primaryimage\",\"url\":\"https:\/\/seausasino.pl\/news\/wp-content\/uploads\/2026\/08\/seau-dom-z-kominkiem-w-sasinie-wieczor-0826.jpg\",\"contentUrl\":\"https:\/\/seausasino.pl\/news\/wp-content\/uploads\/2026\/08\/seau-dom-z-kominkiem-w-sasinie-wieczor-0826.jpg\",\"width\":1536,\"height\":2048},{\"@type\":\"BreadcrumbList\",\"@id\":\"https:\/\/seausasino.pl\/news\/pl\/2026\/08\/dom-z-kominkiem-w-sasinie-wieczor-0826\/#breadcrumb\",\"itemListElement\":[{\"@type\":\"ListItem\",\"position\":1,\"name\":\"Strona g\u0142\u00f3wna\",\"item\":\"https:\/\/seausasino.pl\/news\/pl\/\"},{\"@type\":\"ListItem\",\"position\":2,\"name\":\"Dom z kominkiem w Sasinie na wsp\u00f3lny wiecz\u00f3r\"}]},{\"@type\":\"WebSite\",\"@id\":\"https:\/\/seausasino.pl\/news\/#website\",\"url\":\"https:\/\/seausasino.pl\/news\/\",\"name\":\"SeaUSasino\",\"description\":\"Blog\",\"publisher\":{\"@id\":\"https:\/\/seausasino.pl\/news\/#organization\"},\"potentialAction\":[{\"@type\":\"SearchAction\",\"target\":{\"@type\":\"EntryPoint\",\"urlTemplate\":\"https:\/\/seausasino.pl\/news\/?s={search_term_string}\"},\"query-input\":\"required name=search_term_string\"}],\"inLanguage\":\"pl-PL\"},{\"@type\":\"Organization\",\"@id\":\"https:\/\/seausasino.pl\/news\/#organization\",\"name\":\"SeaUSasino\",\"url\":\"https:\/\/seausasino.pl\/news\/\",\"logo\":{\"@type\":\"ImageObject\",\"inLanguage\":\"pl-PL\",\"@id\":\"https:\/\/seausasino.pl\/news\/#\/schema\/logo\/image\/\",\"url\":\"https:\/\/seausasino.pl\/news\/wp-content\/uploads\/2022\/09\/06-2.jpg\",\"contentUrl\":\"https:\/\/seausasino.pl\/news\/wp-content\/uploads\/2022\/09\/06-2.jpg\",\"width\":853,\"height\":1280,\"caption\":\"SeaUSasino\"},\"image\":{\"@id\":\"https:\/\/seausasino.pl\/news\/#\/schema\/logo\/image\/\"},\"sameAs\":[\"https:\/\/www.facebook.com\/sasinoapartments4rent\",\"https:\/\/www.instagram.com\/seausasino\"]},{\"@type\":\"Person\",\"@id\":\"https:\/\/seausasino.pl\/news\/#\/schema\/person\/83768b5304ac25a7aec12584e5bafa66\",\"name\":\"admin\",\"image\":{\"@type\":\"ImageObject\",\"inLanguage\":\"pl-PL\",\"@id\":\"https:\/\/seausasino.pl\/news\/#\/schema\/person\/image\/\",\"url\":\"https:\/\/secure.gravatar.com\/avatar\/fc9bb3bac2b6959872cb274c84c62cf23e37f06526382b7da0d744fac7f387cb?s=96&d=mm&r=g\",\"contentUrl\":\"https:\/\/secure.gravatar.com\/avatar\/fc9bb3bac2b6959872cb274c84c62cf23e37f06526382b7da0d744fac7f387cb?s=96&d=mm&r=g\",\"caption\":\"admin\"},\"url\":\"https:\/\/seausasino.pl\/news\/author\/admin\/\"}]}<\/script>\n<!-- \/ Yoast SEO plugin. -->","yoast_head_json":{"title":"SEAUSASINO.PL - Dom z kominkiem w Sasinie na wiecz\u00f3r","description":"Wiecz\u00f3r przy kominku w drewnianym domu w Sasinie, po dniu na pla\u017cy Stilo. Sprawd\u017a dost\u0119pne terminy i zarezerwuj pobyt na seausasino.pl.","robots":{"index":"index","follow":"follow","max-snippet":"max-snippet:-1","max-image-preview":"max-image-preview:large","max-video-preview":"max-video-preview:-1"},"canonical":"https:\/\/seausasino.pl\/news\/pl\/2026\/08\/dom-z-kominkiem-w-sasinie-wieczor-0826\/","og_locale":"pl_PL","og_type":"article","og_title":"SEAUSASINO.PL - Dom z kominkiem w Sasinie na wiecz\u00f3r","og_description":"Wiecz\u00f3r przy kominku w drewnianym domu w Sasinie, po dniu na pla\u017cy Stilo. Sprawd\u017a dost\u0119pne terminy i zarezerwuj pobyt na seausasino.pl.","og_url":"https:\/\/seausasino.pl\/news\/pl\/2026\/08\/dom-z-kominkiem-w-sasinie-wieczor-0826\/","og_site_name":"SeaUSasino","article_publisher":"https:\/\/www.facebook.com\/sasinoapartments4rent","article_published_time":"2026-08-26T06:16:13+00:00","og_image":[{"width":1536,"height":2048,"url":"https:\/\/seausasino.pl\/news\/wp-content\/uploads\/2026\/08\/seau-dom-z-kominkiem-w-sasinie-wieczor-0826.jpg","type":"image\/jpeg"}],"author":"admin","twitter_card":"summary_large_image","twitter_misc":{"Napisane przez":"admin","Szacowany czas czytania":"2 minuty"},"schema":{"@context":"https:\/\/schema.org","@graph":[{"@type":"Article","@id":"https:\/\/seausasino.pl\/news\/pl\/2026\/08\/dom-z-kominkiem-w-sasinie-wieczor-0826\/#article","isPartOf":{"@id":"https:\/\/seausasino.pl\/news\/pl\/2026\/08\/dom-z-kominkiem-w-sasinie-wieczor-0826\/"},"author":{"name":"admin","@id":"https:\/\/seausasino.pl\/news\/#\/schema\/person\/83768b5304ac25a7aec12584e5bafa66"},"headline":"Dom z kominkiem w Sasinie na wsp\u00f3lny wiecz\u00f3r","datePublished":"2026-08-26T06:16:13+00:00","dateModified":"2026-08-26T06:16:13+00:00","mainEntityOfPage":{"@id":"https:\/\/seausasino.pl\/news\/pl\/2026\/08\/dom-z-kominkiem-w-sasinie-wieczor-0826\/"},"wordCount":439,"publisher":{"@id":"https:\/\/seausasino.pl\/news\/#organization"},"image":{"@id":"https:\/\/seausasino.pl\/news\/pl\/2026\/08\/dom-z-kominkiem-w-sasinie-wieczor-0826\/#primaryimage"},"thumbnailUrl":"https:\/\/seausasino.pl\/news\/wp-content\/uploads\/2026\/08\/seau-dom-z-kominkiem-w-sasinie-wieczor-0826.jpg","inLanguage":"pl-PL"},{"@type":"WebPage","@id":"https:\/\/seausasino.pl\/news\/pl\/2026\/08\/dom-z-kominkiem-w-sasinie-wieczor-0826\/","url":"https:\/\/seausasino.pl\/news\/pl\/2026\/08\/dom-z-kominkiem-w-sasinie-wieczor-0826\/","name":"SEAUSASINO.PL - Dom z kominkiem w Sasinie na wiecz\u00f3r","isPartOf":{"@id":"https:\/\/seausasino.pl\/news\/#website"},"primaryImageOfPage":{"@id":"https:\/\/seausasino.pl\/news\/pl\/2026\/08\/dom-z-kominkiem-w-sasinie-wieczor-0826\/#primaryimage"},"image":{"@id":"https:\/\/seausasino.pl\/news\/pl\/2026\/08\/dom-z-kominkiem-w-sasinie-wieczor-0826\/#primaryimage"},"thumbnailUrl":"https:\/\/seausasino.pl\/news\/wp-content\/uploads\/2026\/08\/seau-dom-z-kominkiem-w-sasinie-wieczor-0826.jpg","datePublished":"2026-08-26T06:16:13+00:00","dateModified":"2026-08-26T06:16:13+00:00","description":"Wiecz\u00f3r przy kominku w drewnianym domu w Sasinie, po dniu na pla\u017cy Stilo. Sprawd\u017a dost\u0119pne terminy i zarezerwuj pobyt na seausasino.pl.","breadcrumb":{"@id":"https:\/\/seausasino.pl\/news\/pl\/2026\/08\/dom-z-kominkiem-w-sasinie-wieczor-0826\/#breadcrumb"},"inLanguage":"pl-PL","potentialAction":[{"@type":"ReadAction","target":["https:\/\/seausasino.pl\/news\/pl\/2026\/08\/dom-z-kominkiem-w-sasinie-wieczor-0826\/"]}]},{"@type":"ImageObject","inLanguage":"pl-PL","@id":"https:\/\/seausasino.pl\/news\/pl\/2026\/08\/dom-z-kominkiem-w-sasinie-wieczor-0826\/#primaryimage","url":"https:\/\/seausasino.pl\/news\/wp-content\/uploads\/2026\/08\/seau-dom-z-kominkiem-w-sasinie-wieczor-0826.jpg","contentUrl":"https:\/\/seausasino.pl\/news\/wp-content\/uploads\/2026\/08\/seau-dom-z-kominkiem-w-sasinie-wieczor-0826.jpg","width":1536,"height":2048},{"@type":"BreadcrumbList","@id":"https:\/\/seausasino.pl\/news\/pl\/2026\/08\/dom-z-kominkiem-w-sasinie-wieczor-0826\/#breadcrumb","itemListElement":[{"@type":"ListItem","position":1,"name":"Strona g\u0142\u00f3wna","item":"https:\/\/seausasino.pl\/news\/pl\/"},{"@type":"ListItem","position":2,"name":"Dom z kominkiem w Sasinie na wsp\u00f3lny wiecz\u00f3r"}]},{"@type":"WebSite","@id":"https:\/\/seausasino.pl\/news\/#website","url":"https:\/\/seausasino.pl\/news\/","name":"SeaUSasino","description":"Blog","publisher":{"@id":"https:\/\/seausasino.pl\/news\/#organization"},"potentialAction":[{"@type":"SearchAction","target":{"@type":"EntryPoint","urlTemplate":"https:\/\/seausasino.pl\/news\/?s={search_term_string}"},"query-input":"required name=search_term_string"}],"inLanguage":"pl-PL"},{"@type":"Organization","@id":"https:\/\/seausasino.pl\/news\/#organization","name":"SeaUSasino","url":"https:\/\/seausasino.pl\/news\/","logo":{"@type":"ImageObject","inLanguage":"pl-PL","@id":"https:\/\/seausasino.pl\/news\/#\/schema\/logo\/image\/","url":"https:\/\/seausasino.pl\/news\/wp-content\/uploads\/2022\/09\/06-2.jpg","contentUrl":"https:\/\/seausasino.pl\/news\/wp-content\/uploads\/2022\/09\/06-2.jpg","width":853,"height":1280,"caption":"SeaUSasino"},"image":{"@id":"https:\/\/seausasino.pl\/news\/#\/schema\/logo\/image\/"},"sameAs":["https:\/\/www.facebook.com\/sasinoapartments4rent","https:\/\/www.instagram.com\/seausasino"]},{"@type":"Person","@id":"https:\/\/seausasino.pl\/news\/#\/schema\/person\/83768b5304ac25a7aec12584e5bafa66","name":"admin","image":{"@type":"ImageObject","inLanguage":"pl-PL","@id":"https:\/\/seausasino.pl\/news\/#\/schema\/person\/image\/","url":"https:\/\/secure.gravatar.com\/avatar\/fc9bb3bac2b6959872cb274c84c62cf23e37f06526382b7da0d744fac7f387cb?s=96&d=mm&r=g","contentUrl":"https:\/\/secure.gravatar.com\/avatar\/fc9bb3bac2b6959872cb274c84c62cf23e37f06526382b7da0d744fac7f387cb?s=96&d=mm&r=g","caption":"admin"},"url":"https:\/\/seausasino.pl\/news\/author\/admin\/"}]}},"_links":{"self":[{"href":"https:\/\/seausasino.pl\/news\/wp-json\/wp\/v2\/posts\/4578","targetHints":{"allow":["GET"]}}],"collection":[{"href":"https:\/\/seausasino.pl\/news\/wp-json\/wp\/v2\/posts"}],"about":[{"href":"https:\/\/seausasino.pl\/news\/wp-json\/wp\/v2\/types\/post"}],"author":[{"embeddable":true,"href":"https:\/\/seausasino.pl\/news\/wp-json\/wp\/v2\/users\/1"}],"replies":[{"embeddable":true,"href":"https:\/\/seausasino.pl\/news\/wp-json\/wp\/v2\/comments?post=4578"}],"version-history":[{"count":0,"href":"https:\/\/seausasino.pl\/news\/wp-json\/wp\/v2\/posts\/4578\/revisions"}],"wp:featuredmedia":[{"embeddable":true,"href":"https:\/\/seausasino.pl\/news\/wp-json\/wp\/v2\/media\/4577"}],"wp:attachment":[{"href":"https:\/\/seausasino.pl\/news\/wp-json\/wp\/v2\/media?parent=4578"}],"wp:term":[{"taxonomy":"category","embeddable":true,"href":"https:\/\/seausasino.pl\/news\/wp-json\/wp\/v2\/categories?post=4578"},{"taxonomy":"post_tag","embeddable":true,"href":"https:\/\/seausasino.pl\/news\/wp-json\/wp\/v2\/tags?post=4578"}],"curies":[{"name":"wp","href":"https:\/\/api.w.org\/{rel}","templated":true}]}}