{"id":4548,"date":"2026-08-23T08:15:55","date_gmt":"2026-08-23T06:15:55","guid":{"rendered":"https:\/\/blog.seausasino.pl\/2026\/08\/poranne-swiatlo-las-sasino-0823\/"},"modified":"2026-08-24T12:54:19","modified_gmt":"2026-08-24T10:54:19","slug":"poranne-swiatlo-las-sasino-0823","status":"publish","type":"post","link":"https:\/\/seausasino.pl\/news\/pl\/2026\/08\/poranne-swiatlo-las-sasino-0823\/","title":{"rendered":"Dom w Sasinie, poranne \u015bwiat\u0142o na wydmie"},"content":{"rendered":"<figure style=\"margin:0 auto;max-width:720px;\"><img decoding=\"async\" src=\"https:\/\/riceayyncripijgnlhzv.supabase.co\/storage\/v1\/object\/public\/content-studio\/seausasino-biblioteka\/szuflada-20221004115958-EC3468.jpg\" alt=\"Dom w Sasinie, poranne \u015bwiat\u0142o na wydmie\" style=\"width:100%;aspect-ratio:4\/5;object-fit:cover;display:block;\" \/><\/figure>\n<p>O tej porze roku s\u0142o\u0144ce wchodzi nisko i pierwsze promienie k\u0142ad\u0105 si\u0119 p\u0142asko na pniach sosen, zanim jeszcze ktokolwiek zd\u0105\u017cy wyj\u015b\u0107 z domu. Las mi\u0119dzy Sasinem a pla\u017c\u0105 Stilo budzi si\u0119 powoli &#8211; najpierw robi si\u0119 ja\u015bniej za koronami drzew, potem \u015bwiat\u0142o zaczyna si\u0119 przes\u0105cza\u0107 mi\u0119dzy pniami, a\u017c w ko\u0144cu dociera do piasku na skraju wydmy. Wida\u0107 wtedy wyra\u017anie, jak sosny stoj\u0105 w r\u00f3wnych rz\u0119dach, a te bli\u017cej brzegu maj\u0105 pnie o\u015bwietlone na rudo, jakby kto\u015b przesun\u0105\u0142 po nich p\u0119dzlem z ciep\u0142\u0105 farb\u0105.<\/p>\n<p>Na samej granicy lasu i pla\u017cy le\u017c\u0105 powalone ga\u0142\u0119zie i suche konary &#8211; \u015blady po jesiennych i zimowych wiatrach znad Ba\u0142tyku. To fragment krajobrazu, kt\u00f3rego nie da si\u0119 podrobi\u0107 w \u017cadnym innym miejscu &#8211; piaszczysta wydma, korzenie trzymaj\u0105ce si\u0119 gruntu ostatkiem si\u0142 i las, kt\u00f3ry cofa si\u0119 i nadchodzi w zale\u017cno\u015bci od pogody. Rano, zanim wiatr si\u0119 rozkr\u0119ci, panuje tu spok\u00f3j &#8211; s\u0142ycha\u0107 tylko szum koron wysoko nad g\u0142ow\u0105 i czasem trzask ga\u0142\u0119zi pod butami.<\/p>\n<h2>Dlaczego warto wyj\u015b\u0107 z domu wcze\u015bnie?<\/h2>\n<p>Go\u015bcie, kt\u00f3rzy wybieraj\u0105 dom do wynaj\u0119cia w Sasinie, cz\u0119sto pytaj\u0105 o najlepsz\u0105 por\u0119 na spacer do pla\u017cy Stilo. Odpowied\u017a jest prosta &#8211; poranek. Kilkana\u015bcie minut marszu przez sosnowy las prowadzi prosto na dzik\u0105 pla\u017c\u0119, a o tej porze dnia da si\u0119 jeszcze zobaczy\u0107 nietkni\u0119ty piasek, zanim pojawi\u0105 si\u0119 pierwsze \u015blady st\u00f3p. \u015awiat\u0142o jest wtedy mi\u0119kkie, bez ostrych cieni, a cisza sprawia, \u017ce nawet kr\u00f3tki spacer wydaje si\u0119 d\u0142u\u017cszy i pe\u0142niejszy.<\/p>\n<h2>Co wida\u0107 na granicy lasu i wydmy?<\/h2>\n<p>To w\u0142a\u015bnie tutaj, na styku lasu i piasku, najlepiej wida\u0107, jak natura sama uk\u0142ada ten teren. Wydma osypuje si\u0119 miejscami, ods\u0142aniaj\u0105c korzenie drzew, a powalone pnie le\u017c\u0105 tam, gdzie je rzuci\u0142a zima. Taki krajobraz zmienia si\u0119 z sezonu na sezon &#8211; to, co wida\u0107 dzi\u015b, za p\u00f3\u0142 roku mo\u017ce wygl\u0105da\u0107 inaczej. Dlatego ka\u017cdy pobyt w tej okolicy to troch\u0119 inna wersja tego samego miejsca.<\/p>\n<h3>Powr\u00f3t do domu<\/h3>\n<p>Po takim spacerze dobrze jest wr\u00f3ci\u0107 do ciep\u0142ego wn\u0119trza &#8211; w domach z kominkiem w Sasinie da si\u0119 usi\u0105\u015b\u0107 z kubkiem herbaty i patrze\u0107 przez okno na ogr\u00f3d, kt\u00f3ry o tej porze dnia te\u017c ma swoje w\u0142asne, poranne \u015bwiat\u0142o. To codzienny rytua\u0142, kt\u00f3ry powtarza si\u0119 niezale\u017cnie od pory roku &#8211; las, pla\u017ca, powr\u00f3t i kameralnie sp\u0119dzony poranek we w\u0142asnym tempie.<\/p>\n<h2>Wolne terminy w SeaUSasino<\/h2>\n<p>\ud83d\udccd Najbli\u017cszy wolny termin: <strong>24.08.2026<\/strong><\/p>\n<p>Cztery ca\u0142oroczne, luksusowe domy z drewna w Sasinie \u2014 ka\u017cdy dla o\u015bmiu os\u00f3b, z kominkiem i prywatnym ogrodem, spacer sosnowym lasem od pla\u017cy Stilo. Sprawd\u017a dost\u0119pno\u015b\u0107 i <a href=\"https:\/\/seausasino.pl\">zarezerwuj na seausasino.pl<\/a>.<\/p>\n","protected":false},"excerpt":{"rendered":"<p>Poranny spacer sosnowym lasem do pla\u017cy Stilo, pierwsze \u015bwiat\u0142o na wydmie. Sprawd\u017a domy nad morzem w Sasinie i zarezerwuj pobyt w SeaUSasino.<\/p>\n","protected":false},"author":1,"featured_media":4434,"comment_status":"closed","ping_status":"closed","sticky":false,"template":"","format":"standard","meta":{"_yoast_wpseo_focuskw":"","_yoast_wpseo_title":"SEAUSASINO.PL - Dom w Sasinie, poranne \u015bwiat\u0142o na wydmie","_yoast_wpseo_metadesc":"Poranny spacer sosnowym lasem do pla\u017cy Stilo, pierwsze \u015bwiat\u0142o na wydmie. Sprawd\u017a domy nad morzem w Sasinie i zarezerwuj pobyt w SeaUSasino.","seau_keywords":"Sasino noclegi, pla\u017ca Stilo, domy nad morzem w okolicach \u0141eby, dom do wynaj\u0119cia Sasino, Kopalino, dom z kominkiem","footnotes":""},"categories":[12],"tags":[],"class_list":["post-4548","post","type-post","status-publish","format-standard","has-post-thumbnail","hentry","category-bez-kategorii-pl"],"yoast_head":"<!-- This site is optimized with the Yoast SEO plugin v22.6 - https:\/\/yoast.com\/wordpress\/plugins\/seo\/ -->\n<title>SEAUSASINO.PL - Dom w Sasinie, poranne \u015bwiat\u0142o na wydmie<\/title>\n<meta name=\"description\" content=\"Poranny spacer sosnowym lasem do pla\u017cy Stilo, pierwsze \u015bwiat\u0142o na wydmie. Sprawd\u017a domy nad morzem w Sasinie i zarezerwuj pobyt w SeaUSasino.\" \/>\n<meta name=\"robots\" content=\"index, follow, max-snippet:-1, max-image-preview:large, max-video-preview:-1\" \/>\n<link rel=\"canonical\" href=\"https:\/\/seausasino.pl\/news\/pl\/2026\/08\/poranne-swiatlo-las-sasino-0823\/\" \/>\n<meta property=\"og:locale\" content=\"pl_PL\" \/>\n<meta property=\"og:type\" content=\"article\" \/>\n<meta property=\"og:title\" content=\"SEAUSASINO.PL - Dom w Sasinie, poranne \u015bwiat\u0142o na wydmie\" \/>\n<meta property=\"og:description\" content=\"Poranny spacer sosnowym lasem do pla\u017cy Stilo, pierwsze \u015bwiat\u0142o na wydmie. Sprawd\u017a domy nad morzem w Sasinie i zarezerwuj pobyt w SeaUSasino.\" \/>\n<meta property=\"og:url\" content=\"https:\/\/seausasino.pl\/news\/pl\/2026\/08\/poranne-swiatlo-las-sasino-0823\/\" \/>\n<meta property=\"og:site_name\" content=\"SeaUSasino\" \/>\n<meta property=\"article:publisher\" content=\"https:\/\/www.facebook.com\/sasinoapartments4rent\" \/>\n<meta property=\"article:published_time\" content=\"2026-08-23T06:15:55+00:00\" \/>\n<meta property=\"article:modified_time\" content=\"2026-08-24T10:54:19+00:00\" \/>\n<meta property=\"og:image\" content=\"https:\/\/seausasino.pl\/news\/wp-content\/uploads\/2026\/08\/seau-zachod-nad-polami-sasino-0806.jpg\" \/>\n\t<meta property=\"og:image:width\" content=\"1920\" \/>\n\t<meta property=\"og:image:height\" content=\"1280\" \/>\n\t<meta property=\"og:image:type\" content=\"image\/jpeg\" \/>\n<meta name=\"author\" content=\"admin\" \/>\n<meta name=\"twitter:card\" content=\"summary_large_image\" \/>\n<meta name=\"twitter:label1\" content=\"Napisane przez\" \/>\n\t<meta name=\"twitter:data1\" content=\"admin\" \/>\n\t<meta name=\"twitter:label2\" content=\"Szacowany czas czytania\" \/>\n\t<meta name=\"twitter:data2\" content=\"2 minuty\" \/>\n<script type=\"application\/ld+json\" class=\"yoast-schema-graph\">{\"@context\":\"https:\/\/schema.org\",\"@graph\":[{\"@type\":\"Article\",\"@id\":\"https:\/\/seausasino.pl\/news\/pl\/2026\/08\/poranne-swiatlo-las-sasino-0823\/#article\",\"isPartOf\":{\"@id\":\"https:\/\/seausasino.pl\/news\/pl\/2026\/08\/poranne-swiatlo-las-sasino-0823\/\"},\"author\":{\"name\":\"admin\",\"@id\":\"https:\/\/seausasino.pl\/news\/#\/schema\/person\/83768b5304ac25a7aec12584e5bafa66\"},\"headline\":\"Dom w Sasinie, poranne \u015bwiat\u0142o na wydmie\",\"datePublished\":\"2026-08-23T06:15:55+00:00\",\"dateModified\":\"2026-08-24T10:54:19+00:00\",\"mainEntityOfPage\":{\"@id\":\"https:\/\/seausasino.pl\/news\/pl\/2026\/08\/poranne-swiatlo-las-sasino-0823\/\"},\"wordCount\":488,\"publisher\":{\"@id\":\"https:\/\/seausasino.pl\/news\/#organization\"},\"image\":{\"@id\":\"https:\/\/seausasino.pl\/news\/pl\/2026\/08\/poranne-swiatlo-las-sasino-0823\/#primaryimage\"},\"thumbnailUrl\":\"https:\/\/seausasino.pl\/news\/wp-content\/uploads\/2026\/08\/seau-zachod-nad-polami-sasino-0806.jpg\",\"inLanguage\":\"pl-PL\"},{\"@type\":\"WebPage\",\"@id\":\"https:\/\/seausasino.pl\/news\/pl\/2026\/08\/poranne-swiatlo-las-sasino-0823\/\",\"url\":\"https:\/\/seausasino.pl\/news\/pl\/2026\/08\/poranne-swiatlo-las-sasino-0823\/\",\"name\":\"SEAUSASINO.PL - Dom w Sasinie, poranne \u015bwiat\u0142o na wydmie\",\"isPartOf\":{\"@id\":\"https:\/\/seausasino.pl\/news\/#website\"},\"primaryImageOfPage\":{\"@id\":\"https:\/\/seausasino.pl\/news\/pl\/2026\/08\/poranne-swiatlo-las-sasino-0823\/#primaryimage\"},\"image\":{\"@id\":\"https:\/\/seausasino.pl\/news\/pl\/2026\/08\/poranne-swiatlo-las-sasino-0823\/#primaryimage\"},\"thumbnailUrl\":\"https:\/\/seausasino.pl\/news\/wp-content\/uploads\/2026\/08\/seau-zachod-nad-polami-sasino-0806.jpg\",\"datePublished\":\"2026-08-23T06:15:55+00:00\",\"dateModified\":\"2026-08-24T10:54:19+00:00\",\"description\":\"Poranny spacer sosnowym lasem do pla\u017cy Stilo, pierwsze \u015bwiat\u0142o na wydmie. Sprawd\u017a domy nad morzem w Sasinie i zarezerwuj pobyt w SeaUSasino.\",\"breadcrumb\":{\"@id\":\"https:\/\/seausasino.pl\/news\/pl\/2026\/08\/poranne-swiatlo-las-sasino-0823\/#breadcrumb\"},\"inLanguage\":\"pl-PL\",\"potentialAction\":[{\"@type\":\"ReadAction\",\"target\":[\"https:\/\/seausasino.pl\/news\/pl\/2026\/08\/poranne-swiatlo-las-sasino-0823\/\"]}]},{\"@type\":\"ImageObject\",\"inLanguage\":\"pl-PL\",\"@id\":\"https:\/\/seausasino.pl\/news\/pl\/2026\/08\/poranne-swiatlo-las-sasino-0823\/#primaryimage\",\"url\":\"https:\/\/seausasino.pl\/news\/wp-content\/uploads\/2026\/08\/seau-zachod-nad-polami-sasino-0806.jpg\",\"contentUrl\":\"https:\/\/seausasino.pl\/news\/wp-content\/uploads\/2026\/08\/seau-zachod-nad-polami-sasino-0806.jpg\",\"width\":1920,\"height\":1280},{\"@type\":\"BreadcrumbList\",\"@id\":\"https:\/\/seausasino.pl\/news\/pl\/2026\/08\/poranne-swiatlo-las-sasino-0823\/#breadcrumb\",\"itemListElement\":[{\"@type\":\"ListItem\",\"position\":1,\"name\":\"Strona g\u0142\u00f3wna\",\"item\":\"https:\/\/seausasino.pl\/news\/pl\/\"},{\"@type\":\"ListItem\",\"position\":2,\"name\":\"Dom w Sasinie, poranne \u015bwiat\u0142o na wydmie\"}]},{\"@type\":\"WebSite\",\"@id\":\"https:\/\/seausasino.pl\/news\/#website\",\"url\":\"https:\/\/seausasino.pl\/news\/\",\"name\":\"SeaUSasino\",\"description\":\"Blog\",\"publisher\":{\"@id\":\"https:\/\/seausasino.pl\/news\/#organization\"},\"potentialAction\":[{\"@type\":\"SearchAction\",\"target\":{\"@type\":\"EntryPoint\",\"urlTemplate\":\"https:\/\/seausasino.pl\/news\/?s={search_term_string}\"},\"query-input\":\"required name=search_term_string\"}],\"inLanguage\":\"pl-PL\"},{\"@type\":\"Organization\",\"@id\":\"https:\/\/seausasino.pl\/news\/#organization\",\"name\":\"SeaUSasino\",\"url\":\"https:\/\/seausasino.pl\/news\/\",\"logo\":{\"@type\":\"ImageObject\",\"inLanguage\":\"pl-PL\",\"@id\":\"https:\/\/seausasino.pl\/news\/#\/schema\/logo\/image\/\",\"url\":\"https:\/\/seausasino.pl\/news\/wp-content\/uploads\/2022\/09\/06-2.jpg\",\"contentUrl\":\"https:\/\/seausasino.pl\/news\/wp-content\/uploads\/2022\/09\/06-2.jpg\",\"width\":853,\"height\":1280,\"caption\":\"SeaUSasino\"},\"image\":{\"@id\":\"https:\/\/seausasino.pl\/news\/#\/schema\/logo\/image\/\"},\"sameAs\":[\"https:\/\/www.facebook.com\/sasinoapartments4rent\",\"https:\/\/www.instagram.com\/seausasino\"]},{\"@type\":\"Person\",\"@id\":\"https:\/\/seausasino.pl\/news\/#\/schema\/person\/83768b5304ac25a7aec12584e5bafa66\",\"name\":\"admin\",\"image\":{\"@type\":\"ImageObject\",\"inLanguage\":\"pl-PL\",\"@id\":\"https:\/\/seausasino.pl\/news\/#\/schema\/person\/image\/\",\"url\":\"https:\/\/secure.gravatar.com\/avatar\/fc9bb3bac2b6959872cb274c84c62cf23e37f06526382b7da0d744fac7f387cb?s=96&d=mm&r=g\",\"contentUrl\":\"https:\/\/secure.gravatar.com\/avatar\/fc9bb3bac2b6959872cb274c84c62cf23e37f06526382b7da0d744fac7f387cb?s=96&d=mm&r=g\",\"caption\":\"admin\"},\"url\":\"https:\/\/seausasino.pl\/news\/author\/admin\/\"}]}<\/script>\n<!-- \/ Yoast SEO plugin. -->","yoast_head_json":{"title":"SEAUSASINO.PL - Dom w Sasinie, poranne \u015bwiat\u0142o na wydmie","description":"Poranny spacer sosnowym lasem do pla\u017cy Stilo, pierwsze \u015bwiat\u0142o na wydmie. Sprawd\u017a domy nad morzem w Sasinie i zarezerwuj pobyt w SeaUSasino.","robots":{"index":"index","follow":"follow","max-snippet":"max-snippet:-1","max-image-preview":"max-image-preview:large","max-video-preview":"max-video-preview:-1"},"canonical":"https:\/\/seausasino.pl\/news\/pl\/2026\/08\/poranne-swiatlo-las-sasino-0823\/","og_locale":"pl_PL","og_type":"article","og_title":"SEAUSASINO.PL - Dom w Sasinie, poranne \u015bwiat\u0142o na wydmie","og_description":"Poranny spacer sosnowym lasem do pla\u017cy Stilo, pierwsze \u015bwiat\u0142o na wydmie. Sprawd\u017a domy nad morzem w Sasinie i zarezerwuj pobyt w SeaUSasino.","og_url":"https:\/\/seausasino.pl\/news\/pl\/2026\/08\/poranne-swiatlo-las-sasino-0823\/","og_site_name":"SeaUSasino","article_publisher":"https:\/\/www.facebook.com\/sasinoapartments4rent","article_published_time":"2026-08-23T06:15:55+00:00","article_modified_time":"2026-08-24T10:54:19+00:00","og_image":[{"width":1920,"height":1280,"url":"https:\/\/seausasino.pl\/news\/wp-content\/uploads\/2026\/08\/seau-zachod-nad-polami-sasino-0806.jpg","type":"image\/jpeg"}],"author":"admin","twitter_card":"summary_large_image","twitter_misc":{"Napisane przez":"admin","Szacowany czas czytania":"2 minuty"},"schema":{"@context":"https:\/\/schema.org","@graph":[{"@type":"Article","@id":"https:\/\/seausasino.pl\/news\/pl\/2026\/08\/poranne-swiatlo-las-sasino-0823\/#article","isPartOf":{"@id":"https:\/\/seausasino.pl\/news\/pl\/2026\/08\/poranne-swiatlo-las-sasino-0823\/"},"author":{"name":"admin","@id":"https:\/\/seausasino.pl\/news\/#\/schema\/person\/83768b5304ac25a7aec12584e5bafa66"},"headline":"Dom w Sasinie, poranne \u015bwiat\u0142o na wydmie","datePublished":"2026-08-23T06:15:55+00:00","dateModified":"2026-08-24T10:54:19+00:00","mainEntityOfPage":{"@id":"https:\/\/seausasino.pl\/news\/pl\/2026\/08\/poranne-swiatlo-las-sasino-0823\/"},"wordCount":488,"publisher":{"@id":"https:\/\/seausasino.pl\/news\/#organization"},"image":{"@id":"https:\/\/seausasino.pl\/news\/pl\/2026\/08\/poranne-swiatlo-las-sasino-0823\/#primaryimage"},"thumbnailUrl":"https:\/\/seausasino.pl\/news\/wp-content\/uploads\/2026\/08\/seau-zachod-nad-polami-sasino-0806.jpg","inLanguage":"pl-PL"},{"@type":"WebPage","@id":"https:\/\/seausasino.pl\/news\/pl\/2026\/08\/poranne-swiatlo-las-sasino-0823\/","url":"https:\/\/seausasino.pl\/news\/pl\/2026\/08\/poranne-swiatlo-las-sasino-0823\/","name":"SEAUSASINO.PL - Dom w Sasinie, poranne \u015bwiat\u0142o na wydmie","isPartOf":{"@id":"https:\/\/seausasino.pl\/news\/#website"},"primaryImageOfPage":{"@id":"https:\/\/seausasino.pl\/news\/pl\/2026\/08\/poranne-swiatlo-las-sasino-0823\/#primaryimage"},"image":{"@id":"https:\/\/seausasino.pl\/news\/pl\/2026\/08\/poranne-swiatlo-las-sasino-0823\/#primaryimage"},"thumbnailUrl":"https:\/\/seausasino.pl\/news\/wp-content\/uploads\/2026\/08\/seau-zachod-nad-polami-sasino-0806.jpg","datePublished":"2026-08-23T06:15:55+00:00","dateModified":"2026-08-24T10:54:19+00:00","description":"Poranny spacer sosnowym lasem do pla\u017cy Stilo, pierwsze \u015bwiat\u0142o na wydmie. Sprawd\u017a domy nad morzem w Sasinie i zarezerwuj pobyt w SeaUSasino.","breadcrumb":{"@id":"https:\/\/seausasino.pl\/news\/pl\/2026\/08\/poranne-swiatlo-las-sasino-0823\/#breadcrumb"},"inLanguage":"pl-PL","potentialAction":[{"@type":"ReadAction","target":["https:\/\/seausasino.pl\/news\/pl\/2026\/08\/poranne-swiatlo-las-sasino-0823\/"]}]},{"@type":"ImageObject","inLanguage":"pl-PL","@id":"https:\/\/seausasino.pl\/news\/pl\/2026\/08\/poranne-swiatlo-las-sasino-0823\/#primaryimage","url":"https:\/\/seausasino.pl\/news\/wp-content\/uploads\/2026\/08\/seau-zachod-nad-polami-sasino-0806.jpg","contentUrl":"https:\/\/seausasino.pl\/news\/wp-content\/uploads\/2026\/08\/seau-zachod-nad-polami-sasino-0806.jpg","width":1920,"height":1280},{"@type":"BreadcrumbList","@id":"https:\/\/seausasino.pl\/news\/pl\/2026\/08\/poranne-swiatlo-las-sasino-0823\/#breadcrumb","itemListElement":[{"@type":"ListItem","position":1,"name":"Strona g\u0142\u00f3wna","item":"https:\/\/seausasino.pl\/news\/pl\/"},{"@type":"ListItem","position":2,"name":"Dom w Sasinie, poranne \u015bwiat\u0142o na wydmie"}]},{"@type":"WebSite","@id":"https:\/\/seausasino.pl\/news\/#website","url":"https:\/\/seausasino.pl\/news\/","name":"SeaUSasino","description":"Blog","publisher":{"@id":"https:\/\/seausasino.pl\/news\/#organization"},"potentialAction":[{"@type":"SearchAction","target":{"@type":"EntryPoint","urlTemplate":"https:\/\/seausasino.pl\/news\/?s={search_term_string}"},"query-input":"required name=search_term_string"}],"inLanguage":"pl-PL"},{"@type":"Organization","@id":"https:\/\/seausasino.pl\/news\/#organization","name":"SeaUSasino","url":"https:\/\/seausasino.pl\/news\/","logo":{"@type":"ImageObject","inLanguage":"pl-PL","@id":"https:\/\/seausasino.pl\/news\/#\/schema\/logo\/image\/","url":"https:\/\/seausasino.pl\/news\/wp-content\/uploads\/2022\/09\/06-2.jpg","contentUrl":"https:\/\/seausasino.pl\/news\/wp-content\/uploads\/2022\/09\/06-2.jpg","width":853,"height":1280,"caption":"SeaUSasino"},"image":{"@id":"https:\/\/seausasino.pl\/news\/#\/schema\/logo\/image\/"},"sameAs":["https:\/\/www.facebook.com\/sasinoapartments4rent","https:\/\/www.instagram.com\/seausasino"]},{"@type":"Person","@id":"https:\/\/seausasino.pl\/news\/#\/schema\/person\/83768b5304ac25a7aec12584e5bafa66","name":"admin","image":{"@type":"ImageObject","inLanguage":"pl-PL","@id":"https:\/\/seausasino.pl\/news\/#\/schema\/person\/image\/","url":"https:\/\/secure.gravatar.com\/avatar\/fc9bb3bac2b6959872cb274c84c62cf23e37f06526382b7da0d744fac7f387cb?s=96&d=mm&r=g","contentUrl":"https:\/\/secure.gravatar.com\/avatar\/fc9bb3bac2b6959872cb274c84c62cf23e37f06526382b7da0d744fac7f387cb?s=96&d=mm&r=g","caption":"admin"},"url":"https:\/\/seausasino.pl\/news\/author\/admin\/"}]}},"_links":{"self":[{"href":"https:\/\/seausasino.pl\/news\/wp-json\/wp\/v2\/posts\/4548","targetHints":{"allow":["GET"]}}],"collection":[{"href":"https:\/\/seausasino.pl\/news\/wp-json\/wp\/v2\/posts"}],"about":[{"href":"https:\/\/seausasino.pl\/news\/wp-json\/wp\/v2\/types\/post"}],"author":[{"embeddable":true,"href":"https:\/\/seausasino.pl\/news\/wp-json\/wp\/v2\/users\/1"}],"replies":[{"embeddable":true,"href":"https:\/\/seausasino.pl\/news\/wp-json\/wp\/v2\/comments?post=4548"}],"version-history":[{"count":1,"href":"https:\/\/seausasino.pl\/news\/wp-json\/wp\/v2\/posts\/4548\/revisions"}],"predecessor-version":[{"id":4566,"href":"https:\/\/seausasino.pl\/news\/wp-json\/wp\/v2\/posts\/4548\/revisions\/4566"}],"wp:featuredmedia":[{"embeddable":true,"href":"https:\/\/seausasino.pl\/news\/wp-json\/wp\/v2\/media\/4434"}],"wp:attachment":[{"href":"https:\/\/seausasino.pl\/news\/wp-json\/wp\/v2\/media?parent=4548"}],"wp:term":[{"taxonomy":"category","embeddable":true,"href":"https:\/\/seausasino.pl\/news\/wp-json\/wp\/v2\/categories?post=4548"},{"taxonomy":"post_tag","embeddable":true,"href":"https:\/\/seausasino.pl\/news\/wp-json\/wp\/v2\/tags?post=4548"}],"curies":[{"name":"wp","href":"https:\/\/api.w.org\/{rel}","templated":true}]}}