{"id":4522,"date":"2026-08-18T12:16:03","date_gmt":"2026-08-18T10:16:03","guid":{"rendered":"https:\/\/blog.seausasino.pl\/2026\/08\/cisza-lasu-przed-stilo-0818\/"},"modified":"2026-08-18T12:16:03","modified_gmt":"2026-08-18T10:16:03","slug":"cisza-lasu-przed-stilo-0818","status":"publish","type":"post","link":"https:\/\/seausasino.pl\/news\/pl\/2026\/08\/cisza-lasu-przed-stilo-0818\/","title":{"rendered":"Nocleg w Sasinie, cisza lasu przed Stilo"},"content":{"rendered":"<figure style=\"margin:0 auto;max-width:720px;\"><img decoding=\"async\" src=\"https:\/\/riceayyncripijgnlhzv.supabase.co\/storage\/v1\/object\/public\/content-studio\/seausasino-biblioteka\/szuflada-20230520124808-2B7A58.jpg\" alt=\"Nocleg w Sasinie, cisza lasu przed Stilo\" style=\"width:100%;aspect-ratio:4\/5;object-fit:cover;display:block;\" \/><\/figure>\n<p>Jest taka pora dnia, kiedy las mi\u0119dzy Sasinem a pla\u017c\u0105 Stilo wygl\u0105da jak namalowany. \u015awiat\u0142o wchodzi nisko mi\u0119dzy pnie, k\u0142adzie si\u0119 na rudej trawie i wrzosowisku, a korony sosen robi\u0105 si\u0119 miejscami z\u0142ote, miejscami g\u0142\u0119bokozielone. Nie ma tu \u017cadnego ha\u0142asu poza tym, co daje sam las &#8211; lekkim skrzypieniem ga\u0142\u0119zi, szumem, kt\u00f3ry przychodzi i odchodzi z wiatrem. Idzie si\u0119 t\u0119dy od naszych dom\u00f3w w stron\u0119 wody, po mi\u0119kkim runie, mi\u0119dzy pniami pokrytymi porostem, i ju\u017c po kilkunastu minutach czu\u0107, \u017ce co\u015b w cz\u0142owieku zwalnia.<\/p>\n<p>To jest dok\u0142adnie ten rodzaj kameralno\u015bci, po kt\u00f3ry go\u015bcie wracaj\u0105 do Sasina &#8211; nie pusty krajobraz do zaliczenia na zdj\u0119ciu, tylko przestrze\u0144, w kt\u00f3rej mo\u017cna faktycznie usi\u0105\u015b\u0107, popatrze\u0107 i nic nie robi\u0107. Domy nad morzem w okolicach \u0141eby cz\u0119sto kojarz\u0105 si\u0119 z t\u0142okiem sezonowych miejscowo\u015bci, tymczasem Sasino le\u017cy na uboczu, mi\u0119dzy \u0141eb\u0105 a Kopalinem, i ten sosnowy pas lasu jest naturalnym buforem &#8211; odgradza od ruchu, a jednocze\u015bnie prowadzi prosto do dzikiej pla\u017cy.<\/p>\n<h2>Co wida\u0107 w tym lesie o tej porze roku<\/h2>\n<p>Poszycie ma teraz barwy, kt\u00f3re zmieniaj\u0105 si\u0119 z tygodnia na tydzie\u0144 &#8211; od intensywnej zieleni po rdzaw\u0105 czerwie\u0144 traw i wrzos\u00f3w przy ziemi. Pnie sosen, poznaczone szarozielonym porostem, stoj\u0105 w nieregularnych odst\u0119pach, wi\u0119c \u015bwiat\u0142o przebija si\u0119 nier\u00f3wno, snopami, raz mocniej, raz ledwo widocznie. Kto idzie t\u0119dy rano, z\u0142apie ch\u0142odne, czyste powietrze i cisz\u0119, kt\u00f3ra o tej godzinie jest w\u0142a\u015bciwie kompletna &#8211; s\u0142ycha\u0107 tylko ptaki i w\u0142asne kroki na mi\u0119kkim pod\u0142o\u017cu.<\/p>\n<h2>Dlaczego to dobre miejsce na spokojny pobyt<\/h2>\n<p>Sasino noclegi kojarz\u0105 si\u0119 w\u0142a\u015bnie z takim rytmem &#8211; las po jednej stronie, pla\u017ca Stilo po drugiej, a pomi\u0119dzy nimi cztery drewniane domy, w kt\u00f3rych mo\u017cna si\u0119 realnie wyciszy\u0107. Nie ma tu przypadkowego ruchu turystycznego, nie ma kolejek, jest za to spacer mi\u0119dzy drzewami, kt\u00f3ry ka\u017cdego dnia wygl\u0105da troch\u0119 inaczej w zale\u017cno\u015bci od \u015bwiat\u0142a i pory. To miejsce dla tych, kt\u00f3rzy szukaj\u0105 nie tyle atrakcji, co przestrzeni &#8211; dla siebie, dla rodziny, dla psa biegaj\u0105cego luzem mi\u0119dzy pniami.<\/p>\n<h3>Kilka s\u0142\u00f3w o samej drodze do wody<\/h3>\n<p>\u015acie\u017cka przez las jest naturalna, niewyznaczona tward\u0105 infrastruktur\u0105 &#8211; to zwyk\u0142a le\u015bna droga, kt\u00f3ra prowadzi do wydm i dalej, na szerok\u0105, dzik\u0105 pla\u017c\u0119. Po drodze wida\u0107, jak zmienia si\u0119 ro\u015blinno\u015b\u0107 &#8211; od suchszego borowego poszycia do bardziej wilgotnego pasa bli\u017cej wybrze\u017ca. Kto lubi obserwowa\u0107 takie detale, znajdzie tu materia\u0142 na niejeden spacer, bo krajobraz zmienia si\u0119 z dnia na dzie\u0144, z por\u0105 roku, z k\u0105tem s\u0142o\u0144ca.<\/p>\n<p>Wracaj\u0105c do domu po takim spacerze, najcz\u0119\u015bciej nie ma si\u0119 ochoty na nic poza usiedzeniem na tarasie z widokiem na ogr\u00f3d i pos\u0142uchaniem, jak las po drugiej stronie drogi zn\u00f3w robi si\u0119 cichy na wiecz\u00f3r.<\/p>\n<h2>Wolne terminy w SeaUSasino<\/h2>\n<p>\ud83d\udccd Najbli\u017cszy wolny termin: <strong>23.08.2026<\/strong><\/p>\n<p>Cztery ca\u0142oroczne, luksusowe domy z drewna w Sasinie \u2014 ka\u017cdy dla o\u015bmiu os\u00f3b, z kominkiem i prywatnym ogrodem, spacer sosnowym lasem od pla\u017cy Stilo. Sprawd\u017a dost\u0119pno\u015b\u0107 i <a href=\"https:\/\/seausasino.pl\">zarezerwuj na seausasino.pl<\/a>.<\/p>\n","protected":false},"excerpt":{"rendered":"<p>Sosnowy las mi\u0119dzy domem a pla\u017c\u0105 Stilo, poranne \u015bwiat\u0142o na pniach i wrzosach. Sasino noclegi w kameralnym otoczeniu, z dala od zgie\u0142ku. Sprawd\u017a terminy.<\/p>\n","protected":false},"author":1,"featured_media":4521,"comment_status":"closed","ping_status":"closed","sticky":false,"template":"","format":"standard","meta":{"_yoast_wpseo_focuskw":"","_yoast_wpseo_title":"SEAUSASINO.PL - Nocleg w Sasinie, cisza lasu do Stilo","_yoast_wpseo_metadesc":"Sosnowy las mi\u0119dzy domem a pla\u017c\u0105 Stilo, poranne \u015bwiat\u0142o na pniach i wrzosach. Sasino noclegi w kameralnym otoczeniu, z dala od zgie\u0142ku. Sprawd\u017a terminy.","seau_keywords":"Sasino noclegi, pla\u017ca Stilo, dom do wynajecia Sasino, domy nad morzem w okolicach Leby, Stilo noclegi, cisza Sasino","footnotes":""},"categories":[12],"tags":[],"class_list":["post-4522","post","type-post","status-publish","format-standard","has-post-thumbnail","hentry","category-bez-kategorii-pl"],"yoast_head":"<!-- This site is optimized with the Yoast SEO plugin v22.6 - https:\/\/yoast.com\/wordpress\/plugins\/seo\/ -->\n<title>SEAUSASINO.PL - Nocleg w Sasinie, cisza lasu do Stilo<\/title>\n<meta name=\"description\" content=\"Sosnowy las mi\u0119dzy domem a pla\u017c\u0105 Stilo, poranne \u015bwiat\u0142o na pniach i wrzosach. Sasino noclegi w kameralnym otoczeniu, z dala od zgie\u0142ku. Sprawd\u017a terminy.\" \/>\n<meta name=\"robots\" content=\"index, follow, max-snippet:-1, max-image-preview:large, max-video-preview:-1\" \/>\n<link rel=\"canonical\" href=\"https:\/\/seausasino.pl\/news\/pl\/2026\/08\/cisza-lasu-przed-stilo-0818\/\" \/>\n<meta property=\"og:locale\" content=\"pl_PL\" \/>\n<meta property=\"og:type\" content=\"article\" \/>\n<meta property=\"og:title\" content=\"SEAUSASINO.PL - Nocleg w Sasinie, cisza lasu do Stilo\" \/>\n<meta property=\"og:description\" content=\"Sosnowy las mi\u0119dzy domem a pla\u017c\u0105 Stilo, poranne \u015bwiat\u0142o na pniach i wrzosach. Sasino noclegi w kameralnym otoczeniu, z dala od zgie\u0142ku. Sprawd\u017a terminy.\" \/>\n<meta property=\"og:url\" content=\"https:\/\/seausasino.pl\/news\/pl\/2026\/08\/cisza-lasu-przed-stilo-0818\/\" \/>\n<meta property=\"og:site_name\" content=\"SeaUSasino\" \/>\n<meta property=\"article:publisher\" content=\"https:\/\/www.facebook.com\/sasinoapartments4rent\" \/>\n<meta property=\"article:published_time\" content=\"2026-08-18T10:16:03+00:00\" \/>\n<meta property=\"og:image\" content=\"https:\/\/seausasino.pl\/news\/wp-content\/uploads\/2026\/08\/seau-cisza-lasu-przed-stilo-0818.jpg\" \/>\n\t<meta property=\"og:image:width\" content=\"1536\" \/>\n\t<meta property=\"og:image:height\" content=\"2048\" \/>\n\t<meta property=\"og:image:type\" content=\"image\/jpeg\" \/>\n<meta name=\"author\" content=\"admin\" \/>\n<meta name=\"twitter:card\" content=\"summary_large_image\" \/>\n<meta name=\"twitter:label1\" content=\"Napisane przez\" \/>\n\t<meta name=\"twitter:data1\" content=\"admin\" \/>\n\t<meta name=\"twitter:label2\" content=\"Szacowany czas czytania\" \/>\n\t<meta name=\"twitter:data2\" content=\"3 minuty\" \/>\n<script type=\"application\/ld+json\" class=\"yoast-schema-graph\">{\"@context\":\"https:\/\/schema.org\",\"@graph\":[{\"@type\":\"Article\",\"@id\":\"https:\/\/seausasino.pl\/news\/pl\/2026\/08\/cisza-lasu-przed-stilo-0818\/#article\",\"isPartOf\":{\"@id\":\"https:\/\/seausasino.pl\/news\/pl\/2026\/08\/cisza-lasu-przed-stilo-0818\/\"},\"author\":{\"name\":\"admin\",\"@id\":\"https:\/\/seausasino.pl\/news\/#\/schema\/person\/83768b5304ac25a7aec12584e5bafa66\"},\"headline\":\"Nocleg w Sasinie, cisza lasu przed Stilo\",\"datePublished\":\"2026-08-18T10:16:03+00:00\",\"dateModified\":\"2026-08-18T10:16:03+00:00\",\"mainEntityOfPage\":{\"@id\":\"https:\/\/seausasino.pl\/news\/pl\/2026\/08\/cisza-lasu-przed-stilo-0818\/\"},\"wordCount\":559,\"publisher\":{\"@id\":\"https:\/\/seausasino.pl\/news\/#organization\"},\"image\":{\"@id\":\"https:\/\/seausasino.pl\/news\/pl\/2026\/08\/cisza-lasu-przed-stilo-0818\/#primaryimage\"},\"thumbnailUrl\":\"https:\/\/seausasino.pl\/news\/wp-content\/uploads\/2026\/08\/seau-cisza-lasu-przed-stilo-0818.jpg\",\"inLanguage\":\"pl-PL\"},{\"@type\":\"WebPage\",\"@id\":\"https:\/\/seausasino.pl\/news\/pl\/2026\/08\/cisza-lasu-przed-stilo-0818\/\",\"url\":\"https:\/\/seausasino.pl\/news\/pl\/2026\/08\/cisza-lasu-przed-stilo-0818\/\",\"name\":\"SEAUSASINO.PL - Nocleg w Sasinie, cisza lasu do Stilo\",\"isPartOf\":{\"@id\":\"https:\/\/seausasino.pl\/news\/#website\"},\"primaryImageOfPage\":{\"@id\":\"https:\/\/seausasino.pl\/news\/pl\/2026\/08\/cisza-lasu-przed-stilo-0818\/#primaryimage\"},\"image\":{\"@id\":\"https:\/\/seausasino.pl\/news\/pl\/2026\/08\/cisza-lasu-przed-stilo-0818\/#primaryimage\"},\"thumbnailUrl\":\"https:\/\/seausasino.pl\/news\/wp-content\/uploads\/2026\/08\/seau-cisza-lasu-przed-stilo-0818.jpg\",\"datePublished\":\"2026-08-18T10:16:03+00:00\",\"dateModified\":\"2026-08-18T10:16:03+00:00\",\"description\":\"Sosnowy las mi\u0119dzy domem a pla\u017c\u0105 Stilo, poranne \u015bwiat\u0142o na pniach i wrzosach. Sasino noclegi w kameralnym otoczeniu, z dala od zgie\u0142ku. Sprawd\u017a terminy.\",\"breadcrumb\":{\"@id\":\"https:\/\/seausasino.pl\/news\/pl\/2026\/08\/cisza-lasu-przed-stilo-0818\/#breadcrumb\"},\"inLanguage\":\"pl-PL\",\"potentialAction\":[{\"@type\":\"ReadAction\",\"target\":[\"https:\/\/seausasino.pl\/news\/pl\/2026\/08\/cisza-lasu-przed-stilo-0818\/\"]}]},{\"@type\":\"ImageObject\",\"inLanguage\":\"pl-PL\",\"@id\":\"https:\/\/seausasino.pl\/news\/pl\/2026\/08\/cisza-lasu-przed-stilo-0818\/#primaryimage\",\"url\":\"https:\/\/seausasino.pl\/news\/wp-content\/uploads\/2026\/08\/seau-cisza-lasu-przed-stilo-0818.jpg\",\"contentUrl\":\"https:\/\/seausasino.pl\/news\/wp-content\/uploads\/2026\/08\/seau-cisza-lasu-przed-stilo-0818.jpg\",\"width\":1536,\"height\":2048},{\"@type\":\"BreadcrumbList\",\"@id\":\"https:\/\/seausasino.pl\/news\/pl\/2026\/08\/cisza-lasu-przed-stilo-0818\/#breadcrumb\",\"itemListElement\":[{\"@type\":\"ListItem\",\"position\":1,\"name\":\"Strona g\u0142\u00f3wna\",\"item\":\"https:\/\/seausasino.pl\/news\/pl\/\"},{\"@type\":\"ListItem\",\"position\":2,\"name\":\"Nocleg w Sasinie, cisza lasu przed Stilo\"}]},{\"@type\":\"WebSite\",\"@id\":\"https:\/\/seausasino.pl\/news\/#website\",\"url\":\"https:\/\/seausasino.pl\/news\/\",\"name\":\"SeaUSasino\",\"description\":\"Blog\",\"publisher\":{\"@id\":\"https:\/\/seausasino.pl\/news\/#organization\"},\"potentialAction\":[{\"@type\":\"SearchAction\",\"target\":{\"@type\":\"EntryPoint\",\"urlTemplate\":\"https:\/\/seausasino.pl\/news\/?s={search_term_string}\"},\"query-input\":\"required name=search_term_string\"}],\"inLanguage\":\"pl-PL\"},{\"@type\":\"Organization\",\"@id\":\"https:\/\/seausasino.pl\/news\/#organization\",\"name\":\"SeaUSasino\",\"url\":\"https:\/\/seausasino.pl\/news\/\",\"logo\":{\"@type\":\"ImageObject\",\"inLanguage\":\"pl-PL\",\"@id\":\"https:\/\/seausasino.pl\/news\/#\/schema\/logo\/image\/\",\"url\":\"https:\/\/seausasino.pl\/news\/wp-content\/uploads\/2022\/09\/06-2.jpg\",\"contentUrl\":\"https:\/\/seausasino.pl\/news\/wp-content\/uploads\/2022\/09\/06-2.jpg\",\"width\":853,\"height\":1280,\"caption\":\"SeaUSasino\"},\"image\":{\"@id\":\"https:\/\/seausasino.pl\/news\/#\/schema\/logo\/image\/\"},\"sameAs\":[\"https:\/\/www.facebook.com\/sasinoapartments4rent\",\"https:\/\/www.instagram.com\/seausasino\"]},{\"@type\":\"Person\",\"@id\":\"https:\/\/seausasino.pl\/news\/#\/schema\/person\/83768b5304ac25a7aec12584e5bafa66\",\"name\":\"admin\",\"image\":{\"@type\":\"ImageObject\",\"inLanguage\":\"pl-PL\",\"@id\":\"https:\/\/seausasino.pl\/news\/#\/schema\/person\/image\/\",\"url\":\"https:\/\/secure.gravatar.com\/avatar\/fc9bb3bac2b6959872cb274c84c62cf23e37f06526382b7da0d744fac7f387cb?s=96&d=mm&r=g\",\"contentUrl\":\"https:\/\/secure.gravatar.com\/avatar\/fc9bb3bac2b6959872cb274c84c62cf23e37f06526382b7da0d744fac7f387cb?s=96&d=mm&r=g\",\"caption\":\"admin\"},\"url\":\"https:\/\/seausasino.pl\/news\/author\/admin\/\"}]}<\/script>\n<!-- \/ Yoast SEO plugin. -->","yoast_head_json":{"title":"SEAUSASINO.PL - Nocleg w Sasinie, cisza lasu do Stilo","description":"Sosnowy las mi\u0119dzy domem a pla\u017c\u0105 Stilo, poranne \u015bwiat\u0142o na pniach i wrzosach. Sasino noclegi w kameralnym otoczeniu, z dala od zgie\u0142ku. Sprawd\u017a terminy.","robots":{"index":"index","follow":"follow","max-snippet":"max-snippet:-1","max-image-preview":"max-image-preview:large","max-video-preview":"max-video-preview:-1"},"canonical":"https:\/\/seausasino.pl\/news\/pl\/2026\/08\/cisza-lasu-przed-stilo-0818\/","og_locale":"pl_PL","og_type":"article","og_title":"SEAUSASINO.PL - Nocleg w Sasinie, cisza lasu do Stilo","og_description":"Sosnowy las mi\u0119dzy domem a pla\u017c\u0105 Stilo, poranne \u015bwiat\u0142o na pniach i wrzosach. Sasino noclegi w kameralnym otoczeniu, z dala od zgie\u0142ku. Sprawd\u017a terminy.","og_url":"https:\/\/seausasino.pl\/news\/pl\/2026\/08\/cisza-lasu-przed-stilo-0818\/","og_site_name":"SeaUSasino","article_publisher":"https:\/\/www.facebook.com\/sasinoapartments4rent","article_published_time":"2026-08-18T10:16:03+00:00","og_image":[{"width":1536,"height":2048,"url":"https:\/\/seausasino.pl\/news\/wp-content\/uploads\/2026\/08\/seau-cisza-lasu-przed-stilo-0818.jpg","type":"image\/jpeg"}],"author":"admin","twitter_card":"summary_large_image","twitter_misc":{"Napisane przez":"admin","Szacowany czas czytania":"3 minuty"},"schema":{"@context":"https:\/\/schema.org","@graph":[{"@type":"Article","@id":"https:\/\/seausasino.pl\/news\/pl\/2026\/08\/cisza-lasu-przed-stilo-0818\/#article","isPartOf":{"@id":"https:\/\/seausasino.pl\/news\/pl\/2026\/08\/cisza-lasu-przed-stilo-0818\/"},"author":{"name":"admin","@id":"https:\/\/seausasino.pl\/news\/#\/schema\/person\/83768b5304ac25a7aec12584e5bafa66"},"headline":"Nocleg w Sasinie, cisza lasu przed Stilo","datePublished":"2026-08-18T10:16:03+00:00","dateModified":"2026-08-18T10:16:03+00:00","mainEntityOfPage":{"@id":"https:\/\/seausasino.pl\/news\/pl\/2026\/08\/cisza-lasu-przed-stilo-0818\/"},"wordCount":559,"publisher":{"@id":"https:\/\/seausasino.pl\/news\/#organization"},"image":{"@id":"https:\/\/seausasino.pl\/news\/pl\/2026\/08\/cisza-lasu-przed-stilo-0818\/#primaryimage"},"thumbnailUrl":"https:\/\/seausasino.pl\/news\/wp-content\/uploads\/2026\/08\/seau-cisza-lasu-przed-stilo-0818.jpg","inLanguage":"pl-PL"},{"@type":"WebPage","@id":"https:\/\/seausasino.pl\/news\/pl\/2026\/08\/cisza-lasu-przed-stilo-0818\/","url":"https:\/\/seausasino.pl\/news\/pl\/2026\/08\/cisza-lasu-przed-stilo-0818\/","name":"SEAUSASINO.PL - Nocleg w Sasinie, cisza lasu do Stilo","isPartOf":{"@id":"https:\/\/seausasino.pl\/news\/#website"},"primaryImageOfPage":{"@id":"https:\/\/seausasino.pl\/news\/pl\/2026\/08\/cisza-lasu-przed-stilo-0818\/#primaryimage"},"image":{"@id":"https:\/\/seausasino.pl\/news\/pl\/2026\/08\/cisza-lasu-przed-stilo-0818\/#primaryimage"},"thumbnailUrl":"https:\/\/seausasino.pl\/news\/wp-content\/uploads\/2026\/08\/seau-cisza-lasu-przed-stilo-0818.jpg","datePublished":"2026-08-18T10:16:03+00:00","dateModified":"2026-08-18T10:16:03+00:00","description":"Sosnowy las mi\u0119dzy domem a pla\u017c\u0105 Stilo, poranne \u015bwiat\u0142o na pniach i wrzosach. Sasino noclegi w kameralnym otoczeniu, z dala od zgie\u0142ku. Sprawd\u017a terminy.","breadcrumb":{"@id":"https:\/\/seausasino.pl\/news\/pl\/2026\/08\/cisza-lasu-przed-stilo-0818\/#breadcrumb"},"inLanguage":"pl-PL","potentialAction":[{"@type":"ReadAction","target":["https:\/\/seausasino.pl\/news\/pl\/2026\/08\/cisza-lasu-przed-stilo-0818\/"]}]},{"@type":"ImageObject","inLanguage":"pl-PL","@id":"https:\/\/seausasino.pl\/news\/pl\/2026\/08\/cisza-lasu-przed-stilo-0818\/#primaryimage","url":"https:\/\/seausasino.pl\/news\/wp-content\/uploads\/2026\/08\/seau-cisza-lasu-przed-stilo-0818.jpg","contentUrl":"https:\/\/seausasino.pl\/news\/wp-content\/uploads\/2026\/08\/seau-cisza-lasu-przed-stilo-0818.jpg","width":1536,"height":2048},{"@type":"BreadcrumbList","@id":"https:\/\/seausasino.pl\/news\/pl\/2026\/08\/cisza-lasu-przed-stilo-0818\/#breadcrumb","itemListElement":[{"@type":"ListItem","position":1,"name":"Strona g\u0142\u00f3wna","item":"https:\/\/seausasino.pl\/news\/pl\/"},{"@type":"ListItem","position":2,"name":"Nocleg w Sasinie, cisza lasu przed Stilo"}]},{"@type":"WebSite","@id":"https:\/\/seausasino.pl\/news\/#website","url":"https:\/\/seausasino.pl\/news\/","name":"SeaUSasino","description":"Blog","publisher":{"@id":"https:\/\/seausasino.pl\/news\/#organization"},"potentialAction":[{"@type":"SearchAction","target":{"@type":"EntryPoint","urlTemplate":"https:\/\/seausasino.pl\/news\/?s={search_term_string}"},"query-input":"required name=search_term_string"}],"inLanguage":"pl-PL"},{"@type":"Organization","@id":"https:\/\/seausasino.pl\/news\/#organization","name":"SeaUSasino","url":"https:\/\/seausasino.pl\/news\/","logo":{"@type":"ImageObject","inLanguage":"pl-PL","@id":"https:\/\/seausasino.pl\/news\/#\/schema\/logo\/image\/","url":"https:\/\/seausasino.pl\/news\/wp-content\/uploads\/2022\/09\/06-2.jpg","contentUrl":"https:\/\/seausasino.pl\/news\/wp-content\/uploads\/2022\/09\/06-2.jpg","width":853,"height":1280,"caption":"SeaUSasino"},"image":{"@id":"https:\/\/seausasino.pl\/news\/#\/schema\/logo\/image\/"},"sameAs":["https:\/\/www.facebook.com\/sasinoapartments4rent","https:\/\/www.instagram.com\/seausasino"]},{"@type":"Person","@id":"https:\/\/seausasino.pl\/news\/#\/schema\/person\/83768b5304ac25a7aec12584e5bafa66","name":"admin","image":{"@type":"ImageObject","inLanguage":"pl-PL","@id":"https:\/\/seausasino.pl\/news\/#\/schema\/person\/image\/","url":"https:\/\/secure.gravatar.com\/avatar\/fc9bb3bac2b6959872cb274c84c62cf23e37f06526382b7da0d744fac7f387cb?s=96&d=mm&r=g","contentUrl":"https:\/\/secure.gravatar.com\/avatar\/fc9bb3bac2b6959872cb274c84c62cf23e37f06526382b7da0d744fac7f387cb?s=96&d=mm&r=g","caption":"admin"},"url":"https:\/\/seausasino.pl\/news\/author\/admin\/"}]}},"_links":{"self":[{"href":"https:\/\/seausasino.pl\/news\/wp-json\/wp\/v2\/posts\/4522","targetHints":{"allow":["GET"]}}],"collection":[{"href":"https:\/\/seausasino.pl\/news\/wp-json\/wp\/v2\/posts"}],"about":[{"href":"https:\/\/seausasino.pl\/news\/wp-json\/wp\/v2\/types\/post"}],"author":[{"embeddable":true,"href":"https:\/\/seausasino.pl\/news\/wp-json\/wp\/v2\/users\/1"}],"replies":[{"embeddable":true,"href":"https:\/\/seausasino.pl\/news\/wp-json\/wp\/v2\/comments?post=4522"}],"version-history":[{"count":0,"href":"https:\/\/seausasino.pl\/news\/wp-json\/wp\/v2\/posts\/4522\/revisions"}],"wp:featuredmedia":[{"embeddable":true,"href":"https:\/\/seausasino.pl\/news\/wp-json\/wp\/v2\/media\/4521"}],"wp:attachment":[{"href":"https:\/\/seausasino.pl\/news\/wp-json\/wp\/v2\/media?parent=4522"}],"wp:term":[{"taxonomy":"category","embeddable":true,"href":"https:\/\/seausasino.pl\/news\/wp-json\/wp\/v2\/categories?post=4522"},{"taxonomy":"post_tag","embeddable":true,"href":"https:\/\/seausasino.pl\/news\/wp-json\/wp\/v2\/tags?post=4522"}],"curies":[{"name":"wp","href":"https:\/\/api.w.org\/{rel}","templated":true}]}}