{"id":4517,"date":"2026-08-17T16:16:09","date_gmt":"2026-08-17T14:16:09","guid":{"rendered":"https:\/\/blog.seausasino.pl\/2026\/08\/wieczor-przy-kominku-w-domu-w-sasinie-0817\/"},"modified":"2026-08-17T16:16:09","modified_gmt":"2026-08-17T14:16:09","slug":"wieczor-przy-kominku-w-domu-w-sasinie-0817","status":"publish","type":"post","link":"https:\/\/seausasino.pl\/news\/pl\/2026\/08\/wieczor-przy-kominku-w-domu-w-sasinie-0817\/","title":{"rendered":"Wiecz\u00f3r przy kominku w domu w Sasinie"},"content":{"rendered":"<figure style=\"margin:0 auto;max-width:720px;\"><img decoding=\"async\" src=\"https:\/\/riceayyncripijgnlhzv.supabase.co\/storage\/v1\/object\/public\/content-studio\/seausasino-biblioteka\/szuflada-20220622200547-6547EA.jpg\" alt=\"Wiecz\u00f3r przy kominku w domu w Sasinie\" style=\"width:100%;aspect-ratio:4\/5;object-fit:cover;display:block;\" \/><\/figure>\n<p>O tej porze dnia salon w jednym z naszych dom\u00f3w zmienia charakter. Za oknem robi si\u0119 granatowo, a wewn\u0105trz zapala si\u0119 \u017celiwny kominek, kt\u00f3ry przez kolejne godziny b\u0119dzie jedynym \u017ar\u00f3d\u0142em ruchu w pokoju &#8211; p\u0142omie\u0144 li\u017ce szyb\u0119, drewno strzela cicho, reszta wn\u0119trza zastyga w spokoju. To w\u0142a\u015bnie ten moment najcz\u0119\u015bciej wraca w opowie\u015bciach go\u015bci, kt\u00f3rzy wybrali <strong>dom z kominkiem<\/strong> zamiast zwyk\u0142ego pokoju hotelowego.<\/p>\n<h2>Co wida\u0107 w salonie tego wieczoru?<\/h2>\n<p>Szeroki, szary naro\u017cnik ustawiony jest tak, by patrze\u0107 prosto na ogie\u0144. Poduszki w \u017ceglarskim stylu &#8211; paski granatu i b\u0142\u0119kitu, napisy Riviera i Marine Yacht Club &#8211; przypominaj\u0105, \u017ce morze jest bli\u017cej ni\u017c si\u0119 wydaje, cho\u0107 sama pla\u017ca Stilo zostaje dzi\u015b za progiem, na jutro. Obok kanapy stoi niski stolik z metalowymi, wygi\u0119tymi n\u00f3\u017ckami, a na nim z\u0142ota taca z butelk\u0105 wina i dwoma kieliszkami &#8211; kto\u015b najwyra\u017aniej postanowi\u0142 zamkn\u0105\u0107 dzie\u0144 bez po\u015bpiechu. Na poduszce le\u017cy otwarta ksi\u0105\u017cka o wn\u0119trzach, jakby czytanie przerwa\u0142 sam kominek.<\/p>\n<p>Po drugiej stronie stolika czeka granatowy fotel z aksamitn\u0105 tapicerk\u0105 &#8211; miejsce dla tego, kto woli patrze\u0107 na ogie\u0144 z boku, z kieliszkiem w d\u0142oni, w milczeniu. Obok pieca stoi metalowy kosz pe\u0142en por\u0105banego drewna, gotowego na kolejne godziny wieczoru. \u015aciany z drewnianych bali, oprawione w ramy fotografie \u017cagl\u00f3wek i stara rycina sztormu na morzu dope\u0142niaj\u0105 nastr\u00f3j &#8211; to wn\u0119trze, kt\u00f3re nie udaje niczego, po prostu jest sob\u0105, ciep\u0142e i skromne w dobrym sensie.<\/p>\n<h2>Dlaczego kominek zmienia rytm wieczoru?<\/h2>\n<p>W domach w Sasinie nie ma telewizora graj\u0105cego dla zasady &#8211; jest, ale wisi na \u015bcianie wy\u0142\u0105czony, bo ogie\u0144 w piecu robi swoj\u0105 robot\u0119 lepiej. Rozmowa zwalnia, telefon l\u0105duje na stoliku obok kieliszk\u00f3w, a my\u015bli kr\u0105\u017c\u0105 wok\u00f3\u0142 tego, co by\u0142o dzi\u015b rano na pla\u017cy i co czeka jutro w sosnowym lesie w drodze do Stilo. Kominek nie potrzebuje niczego wi\u0119cej ni\u017c drewna i czasu &#8211; reszta dzieje si\u0119 sama.<\/p>\n<h2>Wiecz\u00f3r jako cz\u0119\u015b\u0107 pobytu nad morzem<\/h2>\n<p>To w\u0142a\u015bnie takie kameralne wieczory sprawiaj\u0105, \u017ce <strong>Sasino noclegi<\/strong> wybieraj\u0105 nie tylko na jedn\u0105 noc, ale na d\u0142u\u017cszy pobyt &#8211; \u017ceby zd\u0105\u017cy\u0107 poczu\u0107 r\u00f3\u017cnic\u0119 mi\u0119dzy porannym ch\u0142odem a wieczornym ciep\u0142em od pieca. Dla szukaj\u0105cych <strong>domy nad morzem do wynajecia<\/strong> mi\u0119dzy \u0141eb\u0105 a Kopalinem, taki kominek w salonie bywa argumentem r\u00f3wnie wa\u017cnym jak blisko\u015b\u0107 pla\u017cy. Ogie\u0144 dogasa powoli, drewno w koszu jeszcze starczy na jutro, a dom &#8211; w pe\u0142ni wyposa\u017cony, cichy, gotowy na kolejny dzie\u0144 &#8211; czeka na wsch\u00f3d s\u0142o\u0144ca nad Sasinem.<\/p>\n<h2>Wolne terminy w SeaUSasino<\/h2>\n<p>\ud83d\udccd Najbli\u017cszy wolny termin: <strong>23.08.2026<\/strong><\/p>\n<p>Cztery ca\u0142oroczne, luksusowe domy z drewna w Sasinie \u2014 ka\u017cdy dla o\u015bmiu os\u00f3b, z kominkiem i prywatnym ogrodem, spacer sosnowym lasem od pla\u017cy Stilo. Sprawd\u017a dost\u0119pno\u015b\u0107 i <a href=\"https:\/\/seausasino.pl\">zarezerwuj na seausasino.pl<\/a>.<\/p>\n","protected":false},"excerpt":{"rendered":"<p>Szary naro\u017cnik, granatowy fotel i p\u0142on\u0105cy kominek w domu w Sasinie &#8211; wiecz\u00f3r, kt\u00f3ry zaprasza do zwolnienia tempa. Sprawd\u017a terminy na seausasino.pl.<\/p>\n","protected":false},"author":1,"featured_media":4516,"comment_status":"closed","ping_status":"closed","sticky":false,"template":"","format":"standard","meta":{"_yoast_wpseo_focuskw":"","_yoast_wpseo_title":"SEAUSASINO.PL - Wiecz\u00f3r przy kominku w domu, Sasino","_yoast_wpseo_metadesc":"Szary naro\u017cnik, granatowy fotel i p\u0142on\u0105cy kominek w domu w Sasinie - wiecz\u00f3r, kt\u00f3ry zaprasza do zwolnienia tempa. Sprawd\u017a terminy na seausasino.pl.","seau_keywords":"dom z kominkiem, Sasino noclegi, domy nad morzem do wynajecia, wnetrza domu w Sasinie, wieczor w Sasinie, nocleg nad morzem","footnotes":""},"categories":[12],"tags":[],"class_list":["post-4517","post","type-post","status-publish","format-standard","has-post-thumbnail","hentry","category-bez-kategorii-pl"],"yoast_head":"<!-- This site is optimized with the Yoast SEO plugin v22.6 - https:\/\/yoast.com\/wordpress\/plugins\/seo\/ -->\n<title>SEAUSASINO.PL - Wiecz\u00f3r przy kominku w domu, Sasino<\/title>\n<meta name=\"description\" content=\"Szary naro\u017cnik, granatowy fotel i p\u0142on\u0105cy kominek w domu w Sasinie - wiecz\u00f3r, kt\u00f3ry zaprasza do zwolnienia tempa. Sprawd\u017a terminy na seausasino.pl.\" \/>\n<meta name=\"robots\" content=\"index, follow, max-snippet:-1, max-image-preview:large, max-video-preview:-1\" \/>\n<link rel=\"canonical\" href=\"https:\/\/seausasino.pl\/news\/pl\/2026\/08\/wieczor-przy-kominku-w-domu-w-sasinie-0817\/\" \/>\n<meta property=\"og:locale\" content=\"pl_PL\" \/>\n<meta property=\"og:type\" content=\"article\" \/>\n<meta property=\"og:title\" content=\"SEAUSASINO.PL - Wiecz\u00f3r przy kominku w domu, Sasino\" \/>\n<meta property=\"og:description\" content=\"Szary naro\u017cnik, granatowy fotel i p\u0142on\u0105cy kominek w domu w Sasinie - wiecz\u00f3r, kt\u00f3ry zaprasza do zwolnienia tempa. Sprawd\u017a terminy na seausasino.pl.\" \/>\n<meta property=\"og:url\" content=\"https:\/\/seausasino.pl\/news\/pl\/2026\/08\/wieczor-przy-kominku-w-domu-w-sasinie-0817\/\" \/>\n<meta property=\"og:site_name\" content=\"SeaUSasino\" \/>\n<meta property=\"article:publisher\" content=\"https:\/\/www.facebook.com\/sasinoapartments4rent\" \/>\n<meta property=\"article:published_time\" content=\"2026-08-17T14:16:09+00:00\" \/>\n<meta property=\"og:image\" content=\"https:\/\/seausasino.pl\/news\/wp-content\/uploads\/2026\/08\/seau-wieczor-przy-kominku-w-domu-w-sasinie-0817.jpg\" \/>\n\t<meta property=\"og:image:width\" content=\"1280\" \/>\n\t<meta property=\"og:image:height\" content=\"1920\" \/>\n\t<meta property=\"og:image:type\" content=\"image\/jpeg\" \/>\n<meta name=\"author\" content=\"admin\" \/>\n<meta name=\"twitter:card\" content=\"summary_large_image\" \/>\n<meta name=\"twitter:label1\" content=\"Napisane przez\" \/>\n\t<meta name=\"twitter:data1\" content=\"admin\" \/>\n\t<meta name=\"twitter:label2\" content=\"Szacowany czas czytania\" \/>\n\t<meta name=\"twitter:data2\" content=\"2 minuty\" \/>\n<script type=\"application\/ld+json\" class=\"yoast-schema-graph\">{\"@context\":\"https:\/\/schema.org\",\"@graph\":[{\"@type\":\"Article\",\"@id\":\"https:\/\/seausasino.pl\/news\/pl\/2026\/08\/wieczor-przy-kominku-w-domu-w-sasinie-0817\/#article\",\"isPartOf\":{\"@id\":\"https:\/\/seausasino.pl\/news\/pl\/2026\/08\/wieczor-przy-kominku-w-domu-w-sasinie-0817\/\"},\"author\":{\"name\":\"admin\",\"@id\":\"https:\/\/seausasino.pl\/news\/#\/schema\/person\/83768b5304ac25a7aec12584e5bafa66\"},\"headline\":\"Wiecz\u00f3r przy kominku w domu w Sasinie\",\"datePublished\":\"2026-08-17T14:16:09+00:00\",\"dateModified\":\"2026-08-17T14:16:09+00:00\",\"mainEntityOfPage\":{\"@id\":\"https:\/\/seausasino.pl\/news\/pl\/2026\/08\/wieczor-przy-kominku-w-domu-w-sasinie-0817\/\"},\"wordCount\":507,\"publisher\":{\"@id\":\"https:\/\/seausasino.pl\/news\/#organization\"},\"image\":{\"@id\":\"https:\/\/seausasino.pl\/news\/pl\/2026\/08\/wieczor-przy-kominku-w-domu-w-sasinie-0817\/#primaryimage\"},\"thumbnailUrl\":\"https:\/\/seausasino.pl\/news\/wp-content\/uploads\/2026\/08\/seau-wieczor-przy-kominku-w-domu-w-sasinie-0817.jpg\",\"inLanguage\":\"pl-PL\"},{\"@type\":\"WebPage\",\"@id\":\"https:\/\/seausasino.pl\/news\/pl\/2026\/08\/wieczor-przy-kominku-w-domu-w-sasinie-0817\/\",\"url\":\"https:\/\/seausasino.pl\/news\/pl\/2026\/08\/wieczor-przy-kominku-w-domu-w-sasinie-0817\/\",\"name\":\"SEAUSASINO.PL - Wiecz\u00f3r przy kominku w domu, Sasino\",\"isPartOf\":{\"@id\":\"https:\/\/seausasino.pl\/news\/#website\"},\"primaryImageOfPage\":{\"@id\":\"https:\/\/seausasino.pl\/news\/pl\/2026\/08\/wieczor-przy-kominku-w-domu-w-sasinie-0817\/#primaryimage\"},\"image\":{\"@id\":\"https:\/\/seausasino.pl\/news\/pl\/2026\/08\/wieczor-przy-kominku-w-domu-w-sasinie-0817\/#primaryimage\"},\"thumbnailUrl\":\"https:\/\/seausasino.pl\/news\/wp-content\/uploads\/2026\/08\/seau-wieczor-przy-kominku-w-domu-w-sasinie-0817.jpg\",\"datePublished\":\"2026-08-17T14:16:09+00:00\",\"dateModified\":\"2026-08-17T14:16:09+00:00\",\"description\":\"Szary naro\u017cnik, granatowy fotel i p\u0142on\u0105cy kominek w domu w Sasinie - wiecz\u00f3r, kt\u00f3ry zaprasza do zwolnienia tempa. Sprawd\u017a terminy na seausasino.pl.\",\"breadcrumb\":{\"@id\":\"https:\/\/seausasino.pl\/news\/pl\/2026\/08\/wieczor-przy-kominku-w-domu-w-sasinie-0817\/#breadcrumb\"},\"inLanguage\":\"pl-PL\",\"potentialAction\":[{\"@type\":\"ReadAction\",\"target\":[\"https:\/\/seausasino.pl\/news\/pl\/2026\/08\/wieczor-przy-kominku-w-domu-w-sasinie-0817\/\"]}]},{\"@type\":\"ImageObject\",\"inLanguage\":\"pl-PL\",\"@id\":\"https:\/\/seausasino.pl\/news\/pl\/2026\/08\/wieczor-przy-kominku-w-domu-w-sasinie-0817\/#primaryimage\",\"url\":\"https:\/\/seausasino.pl\/news\/wp-content\/uploads\/2026\/08\/seau-wieczor-przy-kominku-w-domu-w-sasinie-0817.jpg\",\"contentUrl\":\"https:\/\/seausasino.pl\/news\/wp-content\/uploads\/2026\/08\/seau-wieczor-przy-kominku-w-domu-w-sasinie-0817.jpg\",\"width\":1280,\"height\":1920},{\"@type\":\"BreadcrumbList\",\"@id\":\"https:\/\/seausasino.pl\/news\/pl\/2026\/08\/wieczor-przy-kominku-w-domu-w-sasinie-0817\/#breadcrumb\",\"itemListElement\":[{\"@type\":\"ListItem\",\"position\":1,\"name\":\"Strona g\u0142\u00f3wna\",\"item\":\"https:\/\/seausasino.pl\/news\/pl\/\"},{\"@type\":\"ListItem\",\"position\":2,\"name\":\"Wiecz\u00f3r przy kominku w domu w Sasinie\"}]},{\"@type\":\"WebSite\",\"@id\":\"https:\/\/seausasino.pl\/news\/#website\",\"url\":\"https:\/\/seausasino.pl\/news\/\",\"name\":\"SeaUSasino\",\"description\":\"Blog\",\"publisher\":{\"@id\":\"https:\/\/seausasino.pl\/news\/#organization\"},\"potentialAction\":[{\"@type\":\"SearchAction\",\"target\":{\"@type\":\"EntryPoint\",\"urlTemplate\":\"https:\/\/seausasino.pl\/news\/?s={search_term_string}\"},\"query-input\":\"required name=search_term_string\"}],\"inLanguage\":\"pl-PL\"},{\"@type\":\"Organization\",\"@id\":\"https:\/\/seausasino.pl\/news\/#organization\",\"name\":\"SeaUSasino\",\"url\":\"https:\/\/seausasino.pl\/news\/\",\"logo\":{\"@type\":\"ImageObject\",\"inLanguage\":\"pl-PL\",\"@id\":\"https:\/\/seausasino.pl\/news\/#\/schema\/logo\/image\/\",\"url\":\"https:\/\/seausasino.pl\/news\/wp-content\/uploads\/2022\/09\/06-2.jpg\",\"contentUrl\":\"https:\/\/seausasino.pl\/news\/wp-content\/uploads\/2022\/09\/06-2.jpg\",\"width\":853,\"height\":1280,\"caption\":\"SeaUSasino\"},\"image\":{\"@id\":\"https:\/\/seausasino.pl\/news\/#\/schema\/logo\/image\/\"},\"sameAs\":[\"https:\/\/www.facebook.com\/sasinoapartments4rent\",\"https:\/\/www.instagram.com\/seausasino\"]},{\"@type\":\"Person\",\"@id\":\"https:\/\/seausasino.pl\/news\/#\/schema\/person\/83768b5304ac25a7aec12584e5bafa66\",\"name\":\"admin\",\"image\":{\"@type\":\"ImageObject\",\"inLanguage\":\"pl-PL\",\"@id\":\"https:\/\/seausasino.pl\/news\/#\/schema\/person\/image\/\",\"url\":\"https:\/\/secure.gravatar.com\/avatar\/fc9bb3bac2b6959872cb274c84c62cf23e37f06526382b7da0d744fac7f387cb?s=96&d=mm&r=g\",\"contentUrl\":\"https:\/\/secure.gravatar.com\/avatar\/fc9bb3bac2b6959872cb274c84c62cf23e37f06526382b7da0d744fac7f387cb?s=96&d=mm&r=g\",\"caption\":\"admin\"},\"url\":\"https:\/\/seausasino.pl\/news\/author\/admin\/\"}]}<\/script>\n<!-- \/ Yoast SEO plugin. -->","yoast_head_json":{"title":"SEAUSASINO.PL - Wiecz\u00f3r przy kominku w domu, Sasino","description":"Szary naro\u017cnik, granatowy fotel i p\u0142on\u0105cy kominek w domu w Sasinie - wiecz\u00f3r, kt\u00f3ry zaprasza do zwolnienia tempa. Sprawd\u017a terminy na seausasino.pl.","robots":{"index":"index","follow":"follow","max-snippet":"max-snippet:-1","max-image-preview":"max-image-preview:large","max-video-preview":"max-video-preview:-1"},"canonical":"https:\/\/seausasino.pl\/news\/pl\/2026\/08\/wieczor-przy-kominku-w-domu-w-sasinie-0817\/","og_locale":"pl_PL","og_type":"article","og_title":"SEAUSASINO.PL - Wiecz\u00f3r przy kominku w domu, Sasino","og_description":"Szary naro\u017cnik, granatowy fotel i p\u0142on\u0105cy kominek w domu w Sasinie - wiecz\u00f3r, kt\u00f3ry zaprasza do zwolnienia tempa. Sprawd\u017a terminy na seausasino.pl.","og_url":"https:\/\/seausasino.pl\/news\/pl\/2026\/08\/wieczor-przy-kominku-w-domu-w-sasinie-0817\/","og_site_name":"SeaUSasino","article_publisher":"https:\/\/www.facebook.com\/sasinoapartments4rent","article_published_time":"2026-08-17T14:16:09+00:00","og_image":[{"width":1280,"height":1920,"url":"https:\/\/seausasino.pl\/news\/wp-content\/uploads\/2026\/08\/seau-wieczor-przy-kominku-w-domu-w-sasinie-0817.jpg","type":"image\/jpeg"}],"author":"admin","twitter_card":"summary_large_image","twitter_misc":{"Napisane przez":"admin","Szacowany czas czytania":"2 minuty"},"schema":{"@context":"https:\/\/schema.org","@graph":[{"@type":"Article","@id":"https:\/\/seausasino.pl\/news\/pl\/2026\/08\/wieczor-przy-kominku-w-domu-w-sasinie-0817\/#article","isPartOf":{"@id":"https:\/\/seausasino.pl\/news\/pl\/2026\/08\/wieczor-przy-kominku-w-domu-w-sasinie-0817\/"},"author":{"name":"admin","@id":"https:\/\/seausasino.pl\/news\/#\/schema\/person\/83768b5304ac25a7aec12584e5bafa66"},"headline":"Wiecz\u00f3r przy kominku w domu w Sasinie","datePublished":"2026-08-17T14:16:09+00:00","dateModified":"2026-08-17T14:16:09+00:00","mainEntityOfPage":{"@id":"https:\/\/seausasino.pl\/news\/pl\/2026\/08\/wieczor-przy-kominku-w-domu-w-sasinie-0817\/"},"wordCount":507,"publisher":{"@id":"https:\/\/seausasino.pl\/news\/#organization"},"image":{"@id":"https:\/\/seausasino.pl\/news\/pl\/2026\/08\/wieczor-przy-kominku-w-domu-w-sasinie-0817\/#primaryimage"},"thumbnailUrl":"https:\/\/seausasino.pl\/news\/wp-content\/uploads\/2026\/08\/seau-wieczor-przy-kominku-w-domu-w-sasinie-0817.jpg","inLanguage":"pl-PL"},{"@type":"WebPage","@id":"https:\/\/seausasino.pl\/news\/pl\/2026\/08\/wieczor-przy-kominku-w-domu-w-sasinie-0817\/","url":"https:\/\/seausasino.pl\/news\/pl\/2026\/08\/wieczor-przy-kominku-w-domu-w-sasinie-0817\/","name":"SEAUSASINO.PL - Wiecz\u00f3r przy kominku w domu, Sasino","isPartOf":{"@id":"https:\/\/seausasino.pl\/news\/#website"},"primaryImageOfPage":{"@id":"https:\/\/seausasino.pl\/news\/pl\/2026\/08\/wieczor-przy-kominku-w-domu-w-sasinie-0817\/#primaryimage"},"image":{"@id":"https:\/\/seausasino.pl\/news\/pl\/2026\/08\/wieczor-przy-kominku-w-domu-w-sasinie-0817\/#primaryimage"},"thumbnailUrl":"https:\/\/seausasino.pl\/news\/wp-content\/uploads\/2026\/08\/seau-wieczor-przy-kominku-w-domu-w-sasinie-0817.jpg","datePublished":"2026-08-17T14:16:09+00:00","dateModified":"2026-08-17T14:16:09+00:00","description":"Szary naro\u017cnik, granatowy fotel i p\u0142on\u0105cy kominek w domu w Sasinie - wiecz\u00f3r, kt\u00f3ry zaprasza do zwolnienia tempa. Sprawd\u017a terminy na seausasino.pl.","breadcrumb":{"@id":"https:\/\/seausasino.pl\/news\/pl\/2026\/08\/wieczor-przy-kominku-w-domu-w-sasinie-0817\/#breadcrumb"},"inLanguage":"pl-PL","potentialAction":[{"@type":"ReadAction","target":["https:\/\/seausasino.pl\/news\/pl\/2026\/08\/wieczor-przy-kominku-w-domu-w-sasinie-0817\/"]}]},{"@type":"ImageObject","inLanguage":"pl-PL","@id":"https:\/\/seausasino.pl\/news\/pl\/2026\/08\/wieczor-przy-kominku-w-domu-w-sasinie-0817\/#primaryimage","url":"https:\/\/seausasino.pl\/news\/wp-content\/uploads\/2026\/08\/seau-wieczor-przy-kominku-w-domu-w-sasinie-0817.jpg","contentUrl":"https:\/\/seausasino.pl\/news\/wp-content\/uploads\/2026\/08\/seau-wieczor-przy-kominku-w-domu-w-sasinie-0817.jpg","width":1280,"height":1920},{"@type":"BreadcrumbList","@id":"https:\/\/seausasino.pl\/news\/pl\/2026\/08\/wieczor-przy-kominku-w-domu-w-sasinie-0817\/#breadcrumb","itemListElement":[{"@type":"ListItem","position":1,"name":"Strona g\u0142\u00f3wna","item":"https:\/\/seausasino.pl\/news\/pl\/"},{"@type":"ListItem","position":2,"name":"Wiecz\u00f3r przy kominku w domu w Sasinie"}]},{"@type":"WebSite","@id":"https:\/\/seausasino.pl\/news\/#website","url":"https:\/\/seausasino.pl\/news\/","name":"SeaUSasino","description":"Blog","publisher":{"@id":"https:\/\/seausasino.pl\/news\/#organization"},"potentialAction":[{"@type":"SearchAction","target":{"@type":"EntryPoint","urlTemplate":"https:\/\/seausasino.pl\/news\/?s={search_term_string}"},"query-input":"required name=search_term_string"}],"inLanguage":"pl-PL"},{"@type":"Organization","@id":"https:\/\/seausasino.pl\/news\/#organization","name":"SeaUSasino","url":"https:\/\/seausasino.pl\/news\/","logo":{"@type":"ImageObject","inLanguage":"pl-PL","@id":"https:\/\/seausasino.pl\/news\/#\/schema\/logo\/image\/","url":"https:\/\/seausasino.pl\/news\/wp-content\/uploads\/2022\/09\/06-2.jpg","contentUrl":"https:\/\/seausasino.pl\/news\/wp-content\/uploads\/2022\/09\/06-2.jpg","width":853,"height":1280,"caption":"SeaUSasino"},"image":{"@id":"https:\/\/seausasino.pl\/news\/#\/schema\/logo\/image\/"},"sameAs":["https:\/\/www.facebook.com\/sasinoapartments4rent","https:\/\/www.instagram.com\/seausasino"]},{"@type":"Person","@id":"https:\/\/seausasino.pl\/news\/#\/schema\/person\/83768b5304ac25a7aec12584e5bafa66","name":"admin","image":{"@type":"ImageObject","inLanguage":"pl-PL","@id":"https:\/\/seausasino.pl\/news\/#\/schema\/person\/image\/","url":"https:\/\/secure.gravatar.com\/avatar\/fc9bb3bac2b6959872cb274c84c62cf23e37f06526382b7da0d744fac7f387cb?s=96&d=mm&r=g","contentUrl":"https:\/\/secure.gravatar.com\/avatar\/fc9bb3bac2b6959872cb274c84c62cf23e37f06526382b7da0d744fac7f387cb?s=96&d=mm&r=g","caption":"admin"},"url":"https:\/\/seausasino.pl\/news\/author\/admin\/"}]}},"_links":{"self":[{"href":"https:\/\/seausasino.pl\/news\/wp-json\/wp\/v2\/posts\/4517","targetHints":{"allow":["GET"]}}],"collection":[{"href":"https:\/\/seausasino.pl\/news\/wp-json\/wp\/v2\/posts"}],"about":[{"href":"https:\/\/seausasino.pl\/news\/wp-json\/wp\/v2\/types\/post"}],"author":[{"embeddable":true,"href":"https:\/\/seausasino.pl\/news\/wp-json\/wp\/v2\/users\/1"}],"replies":[{"embeddable":true,"href":"https:\/\/seausasino.pl\/news\/wp-json\/wp\/v2\/comments?post=4517"}],"version-history":[{"count":0,"href":"https:\/\/seausasino.pl\/news\/wp-json\/wp\/v2\/posts\/4517\/revisions"}],"wp:featuredmedia":[{"embeddable":true,"href":"https:\/\/seausasino.pl\/news\/wp-json\/wp\/v2\/media\/4516"}],"wp:attachment":[{"href":"https:\/\/seausasino.pl\/news\/wp-json\/wp\/v2\/media?parent=4517"}],"wp:term":[{"taxonomy":"category","embeddable":true,"href":"https:\/\/seausasino.pl\/news\/wp-json\/wp\/v2\/categories?post=4517"},{"taxonomy":"post_tag","embeddable":true,"href":"https:\/\/seausasino.pl\/news\/wp-json\/wp\/v2\/tags?post=4517"}],"curies":[{"name":"wp","href":"https:\/\/api.w.org\/{rel}","templated":true}]}}