{"id":4513,"date":"2026-08-17T08:16:09","date_gmt":"2026-08-17T06:16:09","guid":{"rendered":"https:\/\/blog.seausasino.pl\/2026\/08\/nocleg-nad-morzem-poranek-na-plazy-stilo-0817\/"},"modified":"2026-08-17T08:16:09","modified_gmt":"2026-08-17T06:16:09","slug":"nocleg-nad-morzem-poranek-na-plazy-stilo-0817","status":"publish","type":"post","link":"https:\/\/seausasino.pl\/news\/pl\/2026\/08\/nocleg-nad-morzem-poranek-na-plazy-stilo-0817\/","title":{"rendered":"Nocleg nad morzem, poranek na pla\u017cy Stilo"},"content":{"rendered":"<figure style=\"margin:0 auto;max-width:720px;\"><img decoding=\"async\" src=\"https:\/\/riceayyncripijgnlhzv.supabase.co\/storage\/v1\/object\/public\/content-studio\/seausasino-biblioteka\/szuflada-20220622201831-57E3F9.jpg\" alt=\"Nocleg nad morzem, poranek na pla\u017cy Stilo\" style=\"width:100%;aspect-ratio:4\/5;object-fit:cover;display:block;\" \/><\/figure>\n<p>O tej porze roku s\u0142o\u0144ce wstaje nad Ba\u0142tykiem powoli, jakby si\u0119 rozmy\u015bla\u0142o. Woda ma jeszcze kolor starego srebra, fale wchodz\u0105 na piasek p\u0142asko i cicho, a horyzont zlewa si\u0119 z niebem w jedn\u0105 szaro\u015b\u0107, kt\u00f3ra za chwil\u0119 zmieni si\u0119 w b\u0142\u0119kit. W\u0142a\u015bnie w takim \u015bwietle wyszli\u015bmy dzi\u015b na pla\u017c\u0119 Stilo \u2014 t\u0119 sam\u0105, do kt\u00f3rej z naszych dom\u00f3w w Sasinie idzie si\u0119 kilkana\u015bcie minut przez sosnowy las, bez po\u015bpiechu, po \u015bcie\u017cce wysypanej igliwiem.<\/p>\n<p>Na piasku by\u0142o tylko kilka os\u00f3b. Kobieta w r\u00f3\u017cowej bluzie i ch\u0142opak z \u017c\u00f3\u0142t\u0105 desk\u0105 surfingow\u0105 szli brzegiem, tam gdzie fala w\u0142a\u015bnie si\u0119 wycofuje i zostaje mokry, l\u015bni\u0105cy pas piasku. Deska niesiona pod ramieniem, krok za krokiem w stron\u0119 wody \u2014 jeszcze nie czas na p\u0142ywanie, raczej na sprawdzenie, jaki dzi\u015b Ba\u0142tyk ma nastr\u00f3j. Rano zwykle jest spokojniejszy ni\u017c po po\u0142udniu, fala ni\u017csza, powietrze ch\u0142odniejsze i bardziej g\u0119ste od soli.<\/p>\n<h2>Dlaczego warto wsta\u0107 wcze\u015bnie na pla\u017cy Stilo<\/h2>\n<p>Pla\u017ca Stilo o wschodzie s\u0142o\u0144ca wygl\u0105da inaczej ni\u017c w \u015brodku dnia. Nie ma t\u0142umu, nie ma roz\u0142o\u017conych parawan\u00f3w, jest tylko piasek, ptaki nad wod\u0105 i czasem kto\u015b z psem albo desk\u0105. To dziki, niezagospodarowany odcinek wybrze\u017ca mi\u0119dzy \u0141eb\u0105 a Kopalinem \u2014 bez kiosk\u00f3w, bez pomost\u00f3w, z wydmami poro\u015bni\u0119tymi traw\u0105 i wyrzuconymi przez sztorm ga\u0142\u0119ziami, kt\u00f3re le\u017c\u0105 na piasku jak rysunek w\u0119glem. Dla go\u015bci, kt\u00f3rzy szukaj\u0105 domu do wynaj\u0119cia w Sasinie w\u0142a\u015bnie po to, \u017ceby m\u00f3c rano po prostu wyj\u015b\u0107 i i\u015b\u0107 w stron\u0119 morza, to najlepsza godzina doby.<\/p>\n<h2>Co dzieje si\u0119 w domu, kiedy pla\u017ca jeszcze \u015bpi<\/h2>\n<p>W naszych domach z drewna, ka\u017cdy z ogrodem i tarasem, ranek zaczyna si\u0119 jeszcze przed wyj\u015bciem na pla\u017c\u0119. Drewniana konstrukcja skrzypi cicho, gdy robi si\u0119 ciep\u0142o od pierwszego s\u0142o\u0144ca wpadaj\u0105cego przez okna, a w powietrzu wci\u0105\u017c czu\u0107 nocny ch\u0142\u00f3d, kt\u00f3ry ust\u0105pi dopiero za godzin\u0119 czy dwie. To dobry moment na kaw\u0119 na tarasie, zanim kto\u015b w domu zdecyduje, \u017ce pora na spacer do wody. Kuchnia stoi w pe\u0142ni wyposa\u017cona \u2014 go\u015bcie gotuj\u0105 sami, w swoim tempie, bez presji godzin i menu, wi\u0119c poranek mo\u017cna rozci\u0105gn\u0105\u0107 tak d\u0142ugo, jak si\u0119 chce.<\/p>\n<h2>Sasino i Kopalino w \u015bwietle wczesnego dnia<\/h2>\n<p>Okolica Sasina to pola, las i cisza, kt\u00f3ra o \u015bwicie jest szczeg\u00f3lnie wyra\u017ana \u2014 nie s\u0142ycha\u0107 niczego poza wiatrem w sosnach i odleg\u0142ym szumem fal. Droga do Kopalina i dalej w stron\u0119 \u0141eby budzi si\u0119 p\u00f3\u017aniej, kiedy s\u0142o\u0144ce jest ju\u017c wy\u017cej. Dla tych, kto szuka dom\u00f3w nad morzem w okolicach \u0141eby, ale zale\u017cy im na spokoju, a nie na centrum kurortu, ten pas wybrze\u017ca mi\u0119dzy Sasinem a Stilo jest w\u0142a\u015bnie po to. Wieczorem wraca si\u0119 do domu z kominkiem, rano wychodzi si\u0119 z niego w stron\u0119 wody \u2014 i to jest ca\u0142y rytm dnia, kt\u00f3ry tu najlepiej si\u0119 sprawdza.<\/p>\n<h2>Wolne terminy w SeaUSasino<\/h2>\n<p>\ud83d\udccd Najbli\u017cszy wolny termin: <strong>23.08.2026<\/strong><\/p>\n<p>Cztery ca\u0142oroczne, luksusowe domy z drewna w Sasinie \u2014 ka\u017cdy dla o\u015bmiu os\u00f3b, z kominkiem i prywatnym ogrodem, spacer sosnowym lasem od pla\u017cy Stilo. Sprawd\u017a dost\u0119pno\u015b\u0107 i <a href=\"https:\/\/seausasino.pl\">zarezerwuj na seausasino.pl<\/a>.<\/p>\n","protected":false},"excerpt":{"rendered":"<p>Poranek na pla\u017cy Stilo, srebrzyste \u015bwiat\u0142o i cisza morza. Wr\u00f3\u0107 do ciep\u0142ego domu z kominkiem w Sasinie. Sprawd\u017a dost\u0119pne terminy na seausasino.pl.<\/p>\n","protected":false},"author":1,"featured_media":4512,"comment_status":"closed","ping_status":"closed","sticky":false,"template":"","format":"standard","meta":{"_yoast_wpseo_focuskw":"","_yoast_wpseo_title":"SEAUSASINO.PL - Nocleg nad morzem, poranek na pla\u017cy Stilo","_yoast_wpseo_metadesc":"Poranek na pla\u017cy Stilo, srebrzyste \u015bwiat\u0142o i cisza morza. Wr\u00f3\u0107 do ciep\u0142ego domu z kominkiem w Sasinie. Sprawd\u017a dost\u0119pne terminy na seausasino.pl.","seau_keywords":"pla\u017ca Stilo, Sasino noclegi, dom z kominkiem, domy nad morzem do wynaj\u0119cia, Stilo domki, dom do wynaj\u0119cia Sasino","footnotes":""},"categories":[12],"tags":[],"class_list":["post-4513","post","type-post","status-publish","format-standard","has-post-thumbnail","hentry","category-bez-kategorii-pl"],"yoast_head":"<!-- This site is optimized with the Yoast SEO plugin v22.6 - https:\/\/yoast.com\/wordpress\/plugins\/seo\/ -->\n<title>SEAUSASINO.PL - Nocleg nad morzem, poranek na pla\u017cy Stilo<\/title>\n<meta name=\"description\" content=\"Poranek na pla\u017cy Stilo, srebrzyste \u015bwiat\u0142o i cisza morza. Wr\u00f3\u0107 do ciep\u0142ego domu z kominkiem w Sasinie. Sprawd\u017a dost\u0119pne terminy na seausasino.pl.\" \/>\n<meta name=\"robots\" content=\"index, follow, max-snippet:-1, max-image-preview:large, max-video-preview:-1\" \/>\n<link rel=\"canonical\" href=\"https:\/\/seausasino.pl\/news\/pl\/2026\/08\/nocleg-nad-morzem-poranek-na-plazy-stilo-0817\/\" \/>\n<meta property=\"og:locale\" content=\"pl_PL\" \/>\n<meta property=\"og:type\" content=\"article\" \/>\n<meta property=\"og:title\" content=\"SEAUSASINO.PL - Nocleg nad morzem, poranek na pla\u017cy Stilo\" \/>\n<meta property=\"og:description\" content=\"Poranek na pla\u017cy Stilo, srebrzyste \u015bwiat\u0142o i cisza morza. Wr\u00f3\u0107 do ciep\u0142ego domu z kominkiem w Sasinie. Sprawd\u017a dost\u0119pne terminy na seausasino.pl.\" \/>\n<meta property=\"og:url\" content=\"https:\/\/seausasino.pl\/news\/pl\/2026\/08\/nocleg-nad-morzem-poranek-na-plazy-stilo-0817\/\" \/>\n<meta property=\"og:site_name\" content=\"SeaUSasino\" \/>\n<meta property=\"article:publisher\" content=\"https:\/\/www.facebook.com\/sasinoapartments4rent\" \/>\n<meta property=\"article:published_time\" content=\"2026-08-17T06:16:09+00:00\" \/>\n<meta property=\"og:image\" content=\"https:\/\/seausasino.pl\/news\/wp-content\/uploads\/2026\/08\/seau-nocleg-nad-morzem-poranek-na-plazy-stilo-0817.jpg\" \/>\n\t<meta property=\"og:image:width\" content=\"1920\" \/>\n\t<meta property=\"og:image:height\" content=\"1280\" \/>\n\t<meta property=\"og:image:type\" content=\"image\/jpeg\" \/>\n<meta name=\"author\" content=\"admin\" \/>\n<meta name=\"twitter:card\" content=\"summary_large_image\" \/>\n<meta name=\"twitter:label1\" content=\"Napisane przez\" \/>\n\t<meta name=\"twitter:data1\" content=\"admin\" \/>\n\t<meta name=\"twitter:label2\" content=\"Szacowany czas czytania\" \/>\n\t<meta name=\"twitter:data2\" content=\"3 minuty\" \/>\n<script type=\"application\/ld+json\" class=\"yoast-schema-graph\">{\"@context\":\"https:\/\/schema.org\",\"@graph\":[{\"@type\":\"Article\",\"@id\":\"https:\/\/seausasino.pl\/news\/pl\/2026\/08\/nocleg-nad-morzem-poranek-na-plazy-stilo-0817\/#article\",\"isPartOf\":{\"@id\":\"https:\/\/seausasino.pl\/news\/pl\/2026\/08\/nocleg-nad-morzem-poranek-na-plazy-stilo-0817\/\"},\"author\":{\"name\":\"admin\",\"@id\":\"https:\/\/seausasino.pl\/news\/#\/schema\/person\/83768b5304ac25a7aec12584e5bafa66\"},\"headline\":\"Nocleg nad morzem, poranek na pla\u017cy Stilo\",\"datePublished\":\"2026-08-17T06:16:09+00:00\",\"dateModified\":\"2026-08-17T06:16:09+00:00\",\"mainEntityOfPage\":{\"@id\":\"https:\/\/seausasino.pl\/news\/pl\/2026\/08\/nocleg-nad-morzem-poranek-na-plazy-stilo-0817\/\"},\"wordCount\":579,\"publisher\":{\"@id\":\"https:\/\/seausasino.pl\/news\/#organization\"},\"image\":{\"@id\":\"https:\/\/seausasino.pl\/news\/pl\/2026\/08\/nocleg-nad-morzem-poranek-na-plazy-stilo-0817\/#primaryimage\"},\"thumbnailUrl\":\"https:\/\/seausasino.pl\/news\/wp-content\/uploads\/2026\/08\/seau-nocleg-nad-morzem-poranek-na-plazy-stilo-0817.jpg\",\"inLanguage\":\"pl-PL\"},{\"@type\":\"WebPage\",\"@id\":\"https:\/\/seausasino.pl\/news\/pl\/2026\/08\/nocleg-nad-morzem-poranek-na-plazy-stilo-0817\/\",\"url\":\"https:\/\/seausasino.pl\/news\/pl\/2026\/08\/nocleg-nad-morzem-poranek-na-plazy-stilo-0817\/\",\"name\":\"SEAUSASINO.PL - Nocleg nad morzem, poranek na pla\u017cy Stilo\",\"isPartOf\":{\"@id\":\"https:\/\/seausasino.pl\/news\/#website\"},\"primaryImageOfPage\":{\"@id\":\"https:\/\/seausasino.pl\/news\/pl\/2026\/08\/nocleg-nad-morzem-poranek-na-plazy-stilo-0817\/#primaryimage\"},\"image\":{\"@id\":\"https:\/\/seausasino.pl\/news\/pl\/2026\/08\/nocleg-nad-morzem-poranek-na-plazy-stilo-0817\/#primaryimage\"},\"thumbnailUrl\":\"https:\/\/seausasino.pl\/news\/wp-content\/uploads\/2026\/08\/seau-nocleg-nad-morzem-poranek-na-plazy-stilo-0817.jpg\",\"datePublished\":\"2026-08-17T06:16:09+00:00\",\"dateModified\":\"2026-08-17T06:16:09+00:00\",\"description\":\"Poranek na pla\u017cy Stilo, srebrzyste \u015bwiat\u0142o i cisza morza. Wr\u00f3\u0107 do ciep\u0142ego domu z kominkiem w Sasinie. Sprawd\u017a dost\u0119pne terminy na seausasino.pl.\",\"breadcrumb\":{\"@id\":\"https:\/\/seausasino.pl\/news\/pl\/2026\/08\/nocleg-nad-morzem-poranek-na-plazy-stilo-0817\/#breadcrumb\"},\"inLanguage\":\"pl-PL\",\"potentialAction\":[{\"@type\":\"ReadAction\",\"target\":[\"https:\/\/seausasino.pl\/news\/pl\/2026\/08\/nocleg-nad-morzem-poranek-na-plazy-stilo-0817\/\"]}]},{\"@type\":\"ImageObject\",\"inLanguage\":\"pl-PL\",\"@id\":\"https:\/\/seausasino.pl\/news\/pl\/2026\/08\/nocleg-nad-morzem-poranek-na-plazy-stilo-0817\/#primaryimage\",\"url\":\"https:\/\/seausasino.pl\/news\/wp-content\/uploads\/2026\/08\/seau-nocleg-nad-morzem-poranek-na-plazy-stilo-0817.jpg\",\"contentUrl\":\"https:\/\/seausasino.pl\/news\/wp-content\/uploads\/2026\/08\/seau-nocleg-nad-morzem-poranek-na-plazy-stilo-0817.jpg\",\"width\":1920,\"height\":1280},{\"@type\":\"BreadcrumbList\",\"@id\":\"https:\/\/seausasino.pl\/news\/pl\/2026\/08\/nocleg-nad-morzem-poranek-na-plazy-stilo-0817\/#breadcrumb\",\"itemListElement\":[{\"@type\":\"ListItem\",\"position\":1,\"name\":\"Strona g\u0142\u00f3wna\",\"item\":\"https:\/\/seausasino.pl\/news\/pl\/\"},{\"@type\":\"ListItem\",\"position\":2,\"name\":\"Nocleg nad morzem, poranek na pla\u017cy Stilo\"}]},{\"@type\":\"WebSite\",\"@id\":\"https:\/\/seausasino.pl\/news\/#website\",\"url\":\"https:\/\/seausasino.pl\/news\/\",\"name\":\"SeaUSasino\",\"description\":\"Blog\",\"publisher\":{\"@id\":\"https:\/\/seausasino.pl\/news\/#organization\"},\"potentialAction\":[{\"@type\":\"SearchAction\",\"target\":{\"@type\":\"EntryPoint\",\"urlTemplate\":\"https:\/\/seausasino.pl\/news\/?s={search_term_string}\"},\"query-input\":\"required name=search_term_string\"}],\"inLanguage\":\"pl-PL\"},{\"@type\":\"Organization\",\"@id\":\"https:\/\/seausasino.pl\/news\/#organization\",\"name\":\"SeaUSasino\",\"url\":\"https:\/\/seausasino.pl\/news\/\",\"logo\":{\"@type\":\"ImageObject\",\"inLanguage\":\"pl-PL\",\"@id\":\"https:\/\/seausasino.pl\/news\/#\/schema\/logo\/image\/\",\"url\":\"https:\/\/seausasino.pl\/news\/wp-content\/uploads\/2022\/09\/06-2.jpg\",\"contentUrl\":\"https:\/\/seausasino.pl\/news\/wp-content\/uploads\/2022\/09\/06-2.jpg\",\"width\":853,\"height\":1280,\"caption\":\"SeaUSasino\"},\"image\":{\"@id\":\"https:\/\/seausasino.pl\/news\/#\/schema\/logo\/image\/\"},\"sameAs\":[\"https:\/\/www.facebook.com\/sasinoapartments4rent\",\"https:\/\/www.instagram.com\/seausasino\"]},{\"@type\":\"Person\",\"@id\":\"https:\/\/seausasino.pl\/news\/#\/schema\/person\/83768b5304ac25a7aec12584e5bafa66\",\"name\":\"admin\",\"image\":{\"@type\":\"ImageObject\",\"inLanguage\":\"pl-PL\",\"@id\":\"https:\/\/seausasino.pl\/news\/#\/schema\/person\/image\/\",\"url\":\"https:\/\/secure.gravatar.com\/avatar\/fc9bb3bac2b6959872cb274c84c62cf23e37f06526382b7da0d744fac7f387cb?s=96&d=mm&r=g\",\"contentUrl\":\"https:\/\/secure.gravatar.com\/avatar\/fc9bb3bac2b6959872cb274c84c62cf23e37f06526382b7da0d744fac7f387cb?s=96&d=mm&r=g\",\"caption\":\"admin\"},\"url\":\"https:\/\/seausasino.pl\/news\/author\/admin\/\"}]}<\/script>\n<!-- \/ Yoast SEO plugin. -->","yoast_head_json":{"title":"SEAUSASINO.PL - Nocleg nad morzem, poranek na pla\u017cy Stilo","description":"Poranek na pla\u017cy Stilo, srebrzyste \u015bwiat\u0142o i cisza morza. Wr\u00f3\u0107 do ciep\u0142ego domu z kominkiem w Sasinie. Sprawd\u017a dost\u0119pne terminy na seausasino.pl.","robots":{"index":"index","follow":"follow","max-snippet":"max-snippet:-1","max-image-preview":"max-image-preview:large","max-video-preview":"max-video-preview:-1"},"canonical":"https:\/\/seausasino.pl\/news\/pl\/2026\/08\/nocleg-nad-morzem-poranek-na-plazy-stilo-0817\/","og_locale":"pl_PL","og_type":"article","og_title":"SEAUSASINO.PL - Nocleg nad morzem, poranek na pla\u017cy Stilo","og_description":"Poranek na pla\u017cy Stilo, srebrzyste \u015bwiat\u0142o i cisza morza. Wr\u00f3\u0107 do ciep\u0142ego domu z kominkiem w Sasinie. Sprawd\u017a dost\u0119pne terminy na seausasino.pl.","og_url":"https:\/\/seausasino.pl\/news\/pl\/2026\/08\/nocleg-nad-morzem-poranek-na-plazy-stilo-0817\/","og_site_name":"SeaUSasino","article_publisher":"https:\/\/www.facebook.com\/sasinoapartments4rent","article_published_time":"2026-08-17T06:16:09+00:00","og_image":[{"width":1920,"height":1280,"url":"https:\/\/seausasino.pl\/news\/wp-content\/uploads\/2026\/08\/seau-nocleg-nad-morzem-poranek-na-plazy-stilo-0817.jpg","type":"image\/jpeg"}],"author":"admin","twitter_card":"summary_large_image","twitter_misc":{"Napisane przez":"admin","Szacowany czas czytania":"3 minuty"},"schema":{"@context":"https:\/\/schema.org","@graph":[{"@type":"Article","@id":"https:\/\/seausasino.pl\/news\/pl\/2026\/08\/nocleg-nad-morzem-poranek-na-plazy-stilo-0817\/#article","isPartOf":{"@id":"https:\/\/seausasino.pl\/news\/pl\/2026\/08\/nocleg-nad-morzem-poranek-na-plazy-stilo-0817\/"},"author":{"name":"admin","@id":"https:\/\/seausasino.pl\/news\/#\/schema\/person\/83768b5304ac25a7aec12584e5bafa66"},"headline":"Nocleg nad morzem, poranek na pla\u017cy Stilo","datePublished":"2026-08-17T06:16:09+00:00","dateModified":"2026-08-17T06:16:09+00:00","mainEntityOfPage":{"@id":"https:\/\/seausasino.pl\/news\/pl\/2026\/08\/nocleg-nad-morzem-poranek-na-plazy-stilo-0817\/"},"wordCount":579,"publisher":{"@id":"https:\/\/seausasino.pl\/news\/#organization"},"image":{"@id":"https:\/\/seausasino.pl\/news\/pl\/2026\/08\/nocleg-nad-morzem-poranek-na-plazy-stilo-0817\/#primaryimage"},"thumbnailUrl":"https:\/\/seausasino.pl\/news\/wp-content\/uploads\/2026\/08\/seau-nocleg-nad-morzem-poranek-na-plazy-stilo-0817.jpg","inLanguage":"pl-PL"},{"@type":"WebPage","@id":"https:\/\/seausasino.pl\/news\/pl\/2026\/08\/nocleg-nad-morzem-poranek-na-plazy-stilo-0817\/","url":"https:\/\/seausasino.pl\/news\/pl\/2026\/08\/nocleg-nad-morzem-poranek-na-plazy-stilo-0817\/","name":"SEAUSASINO.PL - Nocleg nad morzem, poranek na pla\u017cy Stilo","isPartOf":{"@id":"https:\/\/seausasino.pl\/news\/#website"},"primaryImageOfPage":{"@id":"https:\/\/seausasino.pl\/news\/pl\/2026\/08\/nocleg-nad-morzem-poranek-na-plazy-stilo-0817\/#primaryimage"},"image":{"@id":"https:\/\/seausasino.pl\/news\/pl\/2026\/08\/nocleg-nad-morzem-poranek-na-plazy-stilo-0817\/#primaryimage"},"thumbnailUrl":"https:\/\/seausasino.pl\/news\/wp-content\/uploads\/2026\/08\/seau-nocleg-nad-morzem-poranek-na-plazy-stilo-0817.jpg","datePublished":"2026-08-17T06:16:09+00:00","dateModified":"2026-08-17T06:16:09+00:00","description":"Poranek na pla\u017cy Stilo, srebrzyste \u015bwiat\u0142o i cisza morza. Wr\u00f3\u0107 do ciep\u0142ego domu z kominkiem w Sasinie. Sprawd\u017a dost\u0119pne terminy na seausasino.pl.","breadcrumb":{"@id":"https:\/\/seausasino.pl\/news\/pl\/2026\/08\/nocleg-nad-morzem-poranek-na-plazy-stilo-0817\/#breadcrumb"},"inLanguage":"pl-PL","potentialAction":[{"@type":"ReadAction","target":["https:\/\/seausasino.pl\/news\/pl\/2026\/08\/nocleg-nad-morzem-poranek-na-plazy-stilo-0817\/"]}]},{"@type":"ImageObject","inLanguage":"pl-PL","@id":"https:\/\/seausasino.pl\/news\/pl\/2026\/08\/nocleg-nad-morzem-poranek-na-plazy-stilo-0817\/#primaryimage","url":"https:\/\/seausasino.pl\/news\/wp-content\/uploads\/2026\/08\/seau-nocleg-nad-morzem-poranek-na-plazy-stilo-0817.jpg","contentUrl":"https:\/\/seausasino.pl\/news\/wp-content\/uploads\/2026\/08\/seau-nocleg-nad-morzem-poranek-na-plazy-stilo-0817.jpg","width":1920,"height":1280},{"@type":"BreadcrumbList","@id":"https:\/\/seausasino.pl\/news\/pl\/2026\/08\/nocleg-nad-morzem-poranek-na-plazy-stilo-0817\/#breadcrumb","itemListElement":[{"@type":"ListItem","position":1,"name":"Strona g\u0142\u00f3wna","item":"https:\/\/seausasino.pl\/news\/pl\/"},{"@type":"ListItem","position":2,"name":"Nocleg nad morzem, poranek na pla\u017cy Stilo"}]},{"@type":"WebSite","@id":"https:\/\/seausasino.pl\/news\/#website","url":"https:\/\/seausasino.pl\/news\/","name":"SeaUSasino","description":"Blog","publisher":{"@id":"https:\/\/seausasino.pl\/news\/#organization"},"potentialAction":[{"@type":"SearchAction","target":{"@type":"EntryPoint","urlTemplate":"https:\/\/seausasino.pl\/news\/?s={search_term_string}"},"query-input":"required name=search_term_string"}],"inLanguage":"pl-PL"},{"@type":"Organization","@id":"https:\/\/seausasino.pl\/news\/#organization","name":"SeaUSasino","url":"https:\/\/seausasino.pl\/news\/","logo":{"@type":"ImageObject","inLanguage":"pl-PL","@id":"https:\/\/seausasino.pl\/news\/#\/schema\/logo\/image\/","url":"https:\/\/seausasino.pl\/news\/wp-content\/uploads\/2022\/09\/06-2.jpg","contentUrl":"https:\/\/seausasino.pl\/news\/wp-content\/uploads\/2022\/09\/06-2.jpg","width":853,"height":1280,"caption":"SeaUSasino"},"image":{"@id":"https:\/\/seausasino.pl\/news\/#\/schema\/logo\/image\/"},"sameAs":["https:\/\/www.facebook.com\/sasinoapartments4rent","https:\/\/www.instagram.com\/seausasino"]},{"@type":"Person","@id":"https:\/\/seausasino.pl\/news\/#\/schema\/person\/83768b5304ac25a7aec12584e5bafa66","name":"admin","image":{"@type":"ImageObject","inLanguage":"pl-PL","@id":"https:\/\/seausasino.pl\/news\/#\/schema\/person\/image\/","url":"https:\/\/secure.gravatar.com\/avatar\/fc9bb3bac2b6959872cb274c84c62cf23e37f06526382b7da0d744fac7f387cb?s=96&d=mm&r=g","contentUrl":"https:\/\/secure.gravatar.com\/avatar\/fc9bb3bac2b6959872cb274c84c62cf23e37f06526382b7da0d744fac7f387cb?s=96&d=mm&r=g","caption":"admin"},"url":"https:\/\/seausasino.pl\/news\/author\/admin\/"}]}},"_links":{"self":[{"href":"https:\/\/seausasino.pl\/news\/wp-json\/wp\/v2\/posts\/4513","targetHints":{"allow":["GET"]}}],"collection":[{"href":"https:\/\/seausasino.pl\/news\/wp-json\/wp\/v2\/posts"}],"about":[{"href":"https:\/\/seausasino.pl\/news\/wp-json\/wp\/v2\/types\/post"}],"author":[{"embeddable":true,"href":"https:\/\/seausasino.pl\/news\/wp-json\/wp\/v2\/users\/1"}],"replies":[{"embeddable":true,"href":"https:\/\/seausasino.pl\/news\/wp-json\/wp\/v2\/comments?post=4513"}],"version-history":[{"count":0,"href":"https:\/\/seausasino.pl\/news\/wp-json\/wp\/v2\/posts\/4513\/revisions"}],"wp:featuredmedia":[{"embeddable":true,"href":"https:\/\/seausasino.pl\/news\/wp-json\/wp\/v2\/media\/4512"}],"wp:attachment":[{"href":"https:\/\/seausasino.pl\/news\/wp-json\/wp\/v2\/media?parent=4513"}],"wp:term":[{"taxonomy":"category","embeddable":true,"href":"https:\/\/seausasino.pl\/news\/wp-json\/wp\/v2\/categories?post=4513"},{"taxonomy":"post_tag","embeddable":true,"href":"https:\/\/seausasino.pl\/news\/wp-json\/wp\/v2\/tags?post=4513"}],"curies":[{"name":"wp","href":"https:\/\/api.w.org\/{rel}","templated":true}]}}