{"id":4511,"date":"2026-08-16T12:16:11","date_gmt":"2026-08-16T10:16:11","guid":{"rendered":"https:\/\/blog.seausasino.pl\/2026\/08\/wieczorny-ogrod-nocleg-sasino-0816\/"},"modified":"2026-08-16T12:16:11","modified_gmt":"2026-08-16T10:16:11","slug":"wieczorny-ogrod-nocleg-sasino-0816","status":"publish","type":"post","link":"https:\/\/seausasino.pl\/news\/pl\/2026\/08\/wieczorny-ogrod-nocleg-sasino-0816\/","title":{"rendered":"Nocleg w Sasinie, wieczorny ogr\u00f3d przy domu"},"content":{"rendered":"<figure style=\"margin:0 auto;max-width:720px;\"><img decoding=\"async\" src=\"https:\/\/riceayyncripijgnlhzv.supabase.co\/storage\/v1\/object\/public\/content-studio\/seausasino-biblioteka\/szuflada-20220622202125-11C115.jpg\" alt=\"Nocleg w Sasinie, wieczorny ogr\u00f3d przy domu\" style=\"width:100%;aspect-ratio:4\/5;object-fit:cover;display:block;\" \/><\/figure>\n<p>Kiedy nad Sasinem robi si\u0119 ciemno, ogr\u00f3d przy domu zaczyna \u017cy\u0107 innym \u017cyciem. \u015acie\u017cka, kt\u00f3ra za dnia jest zwyk\u0142ym przej\u015bciem mi\u0119dzy krzewami, wieczorem zamienia si\u0119 w korytarz \u015bwiat\u0142a prowadz\u0105cy prosto do drzwi. Czerwie\u0144 korony klonu, granat nieba nad koronami sosen i ch\u0142odny b\u0142\u0119kit iglak\u00f3w tworz\u0105 sceneri\u0119, kt\u00f3ra zatrzymuje na chwil\u0119 ka\u017cdego, kto wychodzi po zmroku na taras. To jeden z tych moment\u00f3w dnia w Sasinie, kt\u00f3rych nie da si\u0119 sfotografowa\u0107 dok\u0142adnie tak, jak si\u0119 je widzi na \u017cywo.<\/p>\n<h2>Dlaczego wiecz\u00f3r w ogrodzie wygl\u0105da tu inaczej<\/h2>\n<p>Okolice \u0141eby i Kopalina nie maj\u0105 miejskiego o\u015bwietlenia, kt\u00f3re rozja\u015bnia\u0142oby niebo i rozmywa\u0142o kontrasty. Dzi\u0119ki temu \u015bwiat\u0142o punktowe w ogrodzie dzia\u0142a mocniej &#8211; kolory s\u0105 nasycone, cienie g\u0142\u0119bokie, a granica mi\u0119dzy o\u015bwietlonym listowiem a ciemnym niebem wyra\u017ana jak na scenie teatralnej. Ci, kt\u00f3rzy szukaj\u0105 dom do wynaj\u0119cia Sasino z my\u015bl\u0105 o wieczornych spacerach po w\u0142asnym ogrodzie, doceniaj\u0105 w\u0142a\u015bnie ten efekt: kameralnie, bez po\u015bpiechu, bez \u015bwiate\u0142 s\u0105siednich okien.<\/p>\n<p>Drewniana bry\u0142a domu, widoczna w g\u0142\u0119bi \u015bcie\u017cki, w tym o\u015bwietleniu wygl\u0105da jak schronienie na ko\u0144cu le\u015bnej drogi. Bluszcz i tuje po bokach \u015bcie\u017cki chwytaj\u0105 \u015bwiat\u0142o inaczej ni\u017c korony wysokich drzew, wi\u0119c ka\u017cdy krok w stron\u0119 domu ods\u0142ania now\u0105 kompozycj\u0119 kolor\u00f3w. To kr\u00f3tki rytua\u0142, kt\u00f3ry go\u015bcie SeaUSasino powtarzaj\u0105 ka\u017cdego wieczoru &#8211; wyj\u015bcie po cichym dniu na pla\u017cy Stilo ko\u0144czy si\u0119 w\u0142a\u015bnie tu, w ogrodzie, zanim jeszcze zapadnie prawdziwa noc.<\/p>\n<h2>Co dzieje si\u0119 o tej porze dnia w Sasinie<\/h2>\n<p>Sosnowy las, kt\u00f3ry oddziela okolic\u0119 od dzikiej pla\u017cy Stilo, po zmroku milknie zupe\u0142nie inaczej ni\u017c w ci\u0105gu dnia. Ptaki cichn\u0105 wcze\u015bniej, a odg\u0142osy dochodz\u0105ce z p\u00f3l za domem staj\u0105 si\u0119 wyra\u017aniejsze &#8211; szelest traw, czasem stukot dzi\u0119cio\u0142a ko\u0144cz\u0105cego dzienn\u0105 prac\u0119. W takich warunkach \u015bwiat\u0142o ogrodu nie konkuruje z niczym innym. Staje si\u0119 jedynym punktem odniesienia w ciemno\u015bci, ma\u0142ym teatrem kolor\u00f3w tu\u017c przy progu domu.<\/p>\n<h2>Wiecz\u00f3r jako cz\u0119\u015b\u0107 pobytu<\/h2>\n<p>Domy nad morzem do wynaj\u0119cia w tej cz\u0119\u015bci wybrze\u017ca cz\u0119sto kojarz\u0105 si\u0119 przede wszystkim z dniem &#8211; pla\u017c\u0105, lasem, popo\u0142udniowym s\u0142o\u0144cem. Warto jednak pami\u0119ta\u0107, \u017ce wiecz\u00f3r w Sasinie ma sw\u00f3j odr\u0119bny charakter. Prywatny ogr\u00f3d przy ka\u017cdym z czterech dom\u00f3w pozwala usi\u0105\u015b\u0107 na tarasie, poobserwowa\u0107, jak zmienia si\u0119 kolor nieba nad drzewami, i wr\u00f3ci\u0107 do \u015brodka dopiero wtedy, gdy zrobi si\u0119 naprawd\u0119 ch\u0142odno. Dla go\u015bci szukaj\u0105cych frazy Sasino noclegi z my\u015bl\u0105 o d\u0142u\u017cszym wypoczynku w\u0142a\u015bnie te spokojne godziny mi\u0119dzy zmierzchem a noc\u0105 bywaj\u0105 najbardziej zapami\u0119tanym elementem pobytu &#8211; chwila, kt\u00f3ra nie wymaga planu, tylko obecno\u015bci.<\/p>\n<p>Jutro las zn\u00f3w nape\u0142ni si\u0119 \u015bwiat\u0142em poranka, a \u015bcie\u017cka do domu odzyska swoje codzienne barwy. Dzi\u015b jednak, w tej kr\u00f3tkiej godzinie mi\u0119dzy dniem a noc\u0105, ogr\u00f3d w Sasinie ma co\u015b z bajkowej scenerii &#8211; i to bez \u017cadnej ingerencji poza zwyk\u0142ym o\u015bwietleniem \u015bcie\u017cki.<\/p>\n<h2>Wolne terminy w SeaUSasino<\/h2>\n<p>\ud83d\udccd Najbli\u017cszy wolny termin: <strong>23.08.2026<\/strong><\/p>\n<p>Cztery ca\u0142oroczne, luksusowe domy z drewna w Sasinie \u2014 ka\u017cdy dla o\u015bmiu os\u00f3b, z kominkiem i prywatnym ogrodem, spacer sosnowym lasem od pla\u017cy Stilo. Sprawd\u017a dost\u0119pno\u015b\u0107 i <a href=\"https:\/\/seausasino.pl\">zarezerwuj na seausasino.pl<\/a>.<\/p>\n","protected":false},"excerpt":{"rendered":"<p>Wieczorny ogr\u00f3d przy domu w Sasinie mieni si\u0119 kolorami, \u015bcie\u017cka prowadzi do drewnianych \u015bcian. Sprawd\u017a wolne terminy i zarezerwuj pobyt nad morzem.<\/p>\n","protected":false},"author":1,"featured_media":4510,"comment_status":"closed","ping_status":"closed","sticky":false,"template":"","format":"standard","meta":{"_yoast_wpseo_focuskw":"","_yoast_wpseo_title":"SEAUSASINO.PL - Nocleg w Sasinie, wieczorny ogr\u00f3d","_yoast_wpseo_metadesc":"Wieczorny ogr\u00f3d przy domu w Sasinie mieni si\u0119 kolorami, \u015bcie\u017cka prowadzi do drewnianych \u015bcian. Sprawd\u017a wolne terminy i zarezerwuj pobyt nad morzem.","seau_keywords":"Sasino noclegi, dom do wynajecia Sasino, domy nad morzem do wynajecia, dom z kominkiem, Sasino domki, wieczor w ogrodzie","footnotes":""},"categories":[12],"tags":[],"class_list":["post-4511","post","type-post","status-publish","format-standard","has-post-thumbnail","hentry","category-bez-kategorii-pl"],"yoast_head":"<!-- This site is optimized with the Yoast SEO plugin v22.6 - https:\/\/yoast.com\/wordpress\/plugins\/seo\/ -->\n<title>SEAUSASINO.PL - Nocleg w Sasinie, wieczorny ogr\u00f3d<\/title>\n<meta name=\"description\" content=\"Wieczorny ogr\u00f3d przy domu w Sasinie mieni si\u0119 kolorami, \u015bcie\u017cka prowadzi do drewnianych \u015bcian. Sprawd\u017a wolne terminy i zarezerwuj pobyt nad morzem.\" \/>\n<meta name=\"robots\" content=\"index, follow, max-snippet:-1, max-image-preview:large, max-video-preview:-1\" \/>\n<link rel=\"canonical\" href=\"https:\/\/seausasino.pl\/news\/pl\/2026\/08\/wieczorny-ogrod-nocleg-sasino-0816\/\" \/>\n<meta property=\"og:locale\" content=\"pl_PL\" \/>\n<meta property=\"og:type\" content=\"article\" \/>\n<meta property=\"og:title\" content=\"SEAUSASINO.PL - Nocleg w Sasinie, wieczorny ogr\u00f3d\" \/>\n<meta property=\"og:description\" content=\"Wieczorny ogr\u00f3d przy domu w Sasinie mieni si\u0119 kolorami, \u015bcie\u017cka prowadzi do drewnianych \u015bcian. Sprawd\u017a wolne terminy i zarezerwuj pobyt nad morzem.\" \/>\n<meta property=\"og:url\" content=\"https:\/\/seausasino.pl\/news\/pl\/2026\/08\/wieczorny-ogrod-nocleg-sasino-0816\/\" \/>\n<meta property=\"og:site_name\" content=\"SeaUSasino\" \/>\n<meta property=\"article:publisher\" content=\"https:\/\/www.facebook.com\/sasinoapartments4rent\" \/>\n<meta property=\"article:published_time\" content=\"2026-08-16T10:16:11+00:00\" \/>\n<meta property=\"og:image\" content=\"https:\/\/seausasino.pl\/news\/wp-content\/uploads\/2026\/08\/seau-wieczorny-ogrod-nocleg-sasino-0816.jpg\" \/>\n\t<meta property=\"og:image:width\" content=\"1920\" \/>\n\t<meta property=\"og:image:height\" content=\"1280\" \/>\n\t<meta property=\"og:image:type\" content=\"image\/jpeg\" \/>\n<meta name=\"author\" content=\"admin\" \/>\n<meta name=\"twitter:card\" content=\"summary_large_image\" \/>\n<meta name=\"twitter:label1\" content=\"Napisane przez\" \/>\n\t<meta name=\"twitter:data1\" content=\"admin\" \/>\n\t<meta name=\"twitter:label2\" content=\"Szacowany czas czytania\" \/>\n\t<meta name=\"twitter:data2\" content=\"3 minuty\" \/>\n<script type=\"application\/ld+json\" class=\"yoast-schema-graph\">{\"@context\":\"https:\/\/schema.org\",\"@graph\":[{\"@type\":\"Article\",\"@id\":\"https:\/\/seausasino.pl\/news\/pl\/2026\/08\/wieczorny-ogrod-nocleg-sasino-0816\/#article\",\"isPartOf\":{\"@id\":\"https:\/\/seausasino.pl\/news\/pl\/2026\/08\/wieczorny-ogrod-nocleg-sasino-0816\/\"},\"author\":{\"name\":\"admin\",\"@id\":\"https:\/\/seausasino.pl\/news\/#\/schema\/person\/83768b5304ac25a7aec12584e5bafa66\"},\"headline\":\"Nocleg w Sasinie, wieczorny ogr\u00f3d przy domu\",\"datePublished\":\"2026-08-16T10:16:11+00:00\",\"dateModified\":\"2026-08-16T10:16:11+00:00\",\"mainEntityOfPage\":{\"@id\":\"https:\/\/seausasino.pl\/news\/pl\/2026\/08\/wieczorny-ogrod-nocleg-sasino-0816\/\"},\"wordCount\":601,\"publisher\":{\"@id\":\"https:\/\/seausasino.pl\/news\/#organization\"},\"image\":{\"@id\":\"https:\/\/seausasino.pl\/news\/pl\/2026\/08\/wieczorny-ogrod-nocleg-sasino-0816\/#primaryimage\"},\"thumbnailUrl\":\"https:\/\/seausasino.pl\/news\/wp-content\/uploads\/2026\/08\/seau-wieczorny-ogrod-nocleg-sasino-0816.jpg\",\"inLanguage\":\"pl-PL\"},{\"@type\":\"WebPage\",\"@id\":\"https:\/\/seausasino.pl\/news\/pl\/2026\/08\/wieczorny-ogrod-nocleg-sasino-0816\/\",\"url\":\"https:\/\/seausasino.pl\/news\/pl\/2026\/08\/wieczorny-ogrod-nocleg-sasino-0816\/\",\"name\":\"SEAUSASINO.PL - Nocleg w Sasinie, wieczorny ogr\u00f3d\",\"isPartOf\":{\"@id\":\"https:\/\/seausasino.pl\/news\/#website\"},\"primaryImageOfPage\":{\"@id\":\"https:\/\/seausasino.pl\/news\/pl\/2026\/08\/wieczorny-ogrod-nocleg-sasino-0816\/#primaryimage\"},\"image\":{\"@id\":\"https:\/\/seausasino.pl\/news\/pl\/2026\/08\/wieczorny-ogrod-nocleg-sasino-0816\/#primaryimage\"},\"thumbnailUrl\":\"https:\/\/seausasino.pl\/news\/wp-content\/uploads\/2026\/08\/seau-wieczorny-ogrod-nocleg-sasino-0816.jpg\",\"datePublished\":\"2026-08-16T10:16:11+00:00\",\"dateModified\":\"2026-08-16T10:16:11+00:00\",\"description\":\"Wieczorny ogr\u00f3d przy domu w Sasinie mieni si\u0119 kolorami, \u015bcie\u017cka prowadzi do drewnianych \u015bcian. Sprawd\u017a wolne terminy i zarezerwuj pobyt nad morzem.\",\"breadcrumb\":{\"@id\":\"https:\/\/seausasino.pl\/news\/pl\/2026\/08\/wieczorny-ogrod-nocleg-sasino-0816\/#breadcrumb\"},\"inLanguage\":\"pl-PL\",\"potentialAction\":[{\"@type\":\"ReadAction\",\"target\":[\"https:\/\/seausasino.pl\/news\/pl\/2026\/08\/wieczorny-ogrod-nocleg-sasino-0816\/\"]}]},{\"@type\":\"ImageObject\",\"inLanguage\":\"pl-PL\",\"@id\":\"https:\/\/seausasino.pl\/news\/pl\/2026\/08\/wieczorny-ogrod-nocleg-sasino-0816\/#primaryimage\",\"url\":\"https:\/\/seausasino.pl\/news\/wp-content\/uploads\/2026\/08\/seau-wieczorny-ogrod-nocleg-sasino-0816.jpg\",\"contentUrl\":\"https:\/\/seausasino.pl\/news\/wp-content\/uploads\/2026\/08\/seau-wieczorny-ogrod-nocleg-sasino-0816.jpg\",\"width\":1920,\"height\":1280},{\"@type\":\"BreadcrumbList\",\"@id\":\"https:\/\/seausasino.pl\/news\/pl\/2026\/08\/wieczorny-ogrod-nocleg-sasino-0816\/#breadcrumb\",\"itemListElement\":[{\"@type\":\"ListItem\",\"position\":1,\"name\":\"Strona g\u0142\u00f3wna\",\"item\":\"https:\/\/seausasino.pl\/news\/pl\/\"},{\"@type\":\"ListItem\",\"position\":2,\"name\":\"Nocleg w Sasinie, wieczorny ogr\u00f3d przy domu\"}]},{\"@type\":\"WebSite\",\"@id\":\"https:\/\/seausasino.pl\/news\/#website\",\"url\":\"https:\/\/seausasino.pl\/news\/\",\"name\":\"SeaUSasino\",\"description\":\"Blog\",\"publisher\":{\"@id\":\"https:\/\/seausasino.pl\/news\/#organization\"},\"potentialAction\":[{\"@type\":\"SearchAction\",\"target\":{\"@type\":\"EntryPoint\",\"urlTemplate\":\"https:\/\/seausasino.pl\/news\/?s={search_term_string}\"},\"query-input\":\"required name=search_term_string\"}],\"inLanguage\":\"pl-PL\"},{\"@type\":\"Organization\",\"@id\":\"https:\/\/seausasino.pl\/news\/#organization\",\"name\":\"SeaUSasino\",\"url\":\"https:\/\/seausasino.pl\/news\/\",\"logo\":{\"@type\":\"ImageObject\",\"inLanguage\":\"pl-PL\",\"@id\":\"https:\/\/seausasino.pl\/news\/#\/schema\/logo\/image\/\",\"url\":\"https:\/\/seausasino.pl\/news\/wp-content\/uploads\/2022\/09\/06-2.jpg\",\"contentUrl\":\"https:\/\/seausasino.pl\/news\/wp-content\/uploads\/2022\/09\/06-2.jpg\",\"width\":853,\"height\":1280,\"caption\":\"SeaUSasino\"},\"image\":{\"@id\":\"https:\/\/seausasino.pl\/news\/#\/schema\/logo\/image\/\"},\"sameAs\":[\"https:\/\/www.facebook.com\/sasinoapartments4rent\",\"https:\/\/www.instagram.com\/seausasino\"]},{\"@type\":\"Person\",\"@id\":\"https:\/\/seausasino.pl\/news\/#\/schema\/person\/83768b5304ac25a7aec12584e5bafa66\",\"name\":\"admin\",\"image\":{\"@type\":\"ImageObject\",\"inLanguage\":\"pl-PL\",\"@id\":\"https:\/\/seausasino.pl\/news\/#\/schema\/person\/image\/\",\"url\":\"https:\/\/secure.gravatar.com\/avatar\/fc9bb3bac2b6959872cb274c84c62cf23e37f06526382b7da0d744fac7f387cb?s=96&d=mm&r=g\",\"contentUrl\":\"https:\/\/secure.gravatar.com\/avatar\/fc9bb3bac2b6959872cb274c84c62cf23e37f06526382b7da0d744fac7f387cb?s=96&d=mm&r=g\",\"caption\":\"admin\"},\"url\":\"https:\/\/seausasino.pl\/news\/author\/admin\/\"}]}<\/script>\n<!-- \/ Yoast SEO plugin. -->","yoast_head_json":{"title":"SEAUSASINO.PL - Nocleg w Sasinie, wieczorny ogr\u00f3d","description":"Wieczorny ogr\u00f3d przy domu w Sasinie mieni si\u0119 kolorami, \u015bcie\u017cka prowadzi do drewnianych \u015bcian. Sprawd\u017a wolne terminy i zarezerwuj pobyt nad morzem.","robots":{"index":"index","follow":"follow","max-snippet":"max-snippet:-1","max-image-preview":"max-image-preview:large","max-video-preview":"max-video-preview:-1"},"canonical":"https:\/\/seausasino.pl\/news\/pl\/2026\/08\/wieczorny-ogrod-nocleg-sasino-0816\/","og_locale":"pl_PL","og_type":"article","og_title":"SEAUSASINO.PL - Nocleg w Sasinie, wieczorny ogr\u00f3d","og_description":"Wieczorny ogr\u00f3d przy domu w Sasinie mieni si\u0119 kolorami, \u015bcie\u017cka prowadzi do drewnianych \u015bcian. Sprawd\u017a wolne terminy i zarezerwuj pobyt nad morzem.","og_url":"https:\/\/seausasino.pl\/news\/pl\/2026\/08\/wieczorny-ogrod-nocleg-sasino-0816\/","og_site_name":"SeaUSasino","article_publisher":"https:\/\/www.facebook.com\/sasinoapartments4rent","article_published_time":"2026-08-16T10:16:11+00:00","og_image":[{"width":1920,"height":1280,"url":"https:\/\/seausasino.pl\/news\/wp-content\/uploads\/2026\/08\/seau-wieczorny-ogrod-nocleg-sasino-0816.jpg","type":"image\/jpeg"}],"author":"admin","twitter_card":"summary_large_image","twitter_misc":{"Napisane przez":"admin","Szacowany czas czytania":"3 minuty"},"schema":{"@context":"https:\/\/schema.org","@graph":[{"@type":"Article","@id":"https:\/\/seausasino.pl\/news\/pl\/2026\/08\/wieczorny-ogrod-nocleg-sasino-0816\/#article","isPartOf":{"@id":"https:\/\/seausasino.pl\/news\/pl\/2026\/08\/wieczorny-ogrod-nocleg-sasino-0816\/"},"author":{"name":"admin","@id":"https:\/\/seausasino.pl\/news\/#\/schema\/person\/83768b5304ac25a7aec12584e5bafa66"},"headline":"Nocleg w Sasinie, wieczorny ogr\u00f3d przy domu","datePublished":"2026-08-16T10:16:11+00:00","dateModified":"2026-08-16T10:16:11+00:00","mainEntityOfPage":{"@id":"https:\/\/seausasino.pl\/news\/pl\/2026\/08\/wieczorny-ogrod-nocleg-sasino-0816\/"},"wordCount":601,"publisher":{"@id":"https:\/\/seausasino.pl\/news\/#organization"},"image":{"@id":"https:\/\/seausasino.pl\/news\/pl\/2026\/08\/wieczorny-ogrod-nocleg-sasino-0816\/#primaryimage"},"thumbnailUrl":"https:\/\/seausasino.pl\/news\/wp-content\/uploads\/2026\/08\/seau-wieczorny-ogrod-nocleg-sasino-0816.jpg","inLanguage":"pl-PL"},{"@type":"WebPage","@id":"https:\/\/seausasino.pl\/news\/pl\/2026\/08\/wieczorny-ogrod-nocleg-sasino-0816\/","url":"https:\/\/seausasino.pl\/news\/pl\/2026\/08\/wieczorny-ogrod-nocleg-sasino-0816\/","name":"SEAUSASINO.PL - Nocleg w Sasinie, wieczorny ogr\u00f3d","isPartOf":{"@id":"https:\/\/seausasino.pl\/news\/#website"},"primaryImageOfPage":{"@id":"https:\/\/seausasino.pl\/news\/pl\/2026\/08\/wieczorny-ogrod-nocleg-sasino-0816\/#primaryimage"},"image":{"@id":"https:\/\/seausasino.pl\/news\/pl\/2026\/08\/wieczorny-ogrod-nocleg-sasino-0816\/#primaryimage"},"thumbnailUrl":"https:\/\/seausasino.pl\/news\/wp-content\/uploads\/2026\/08\/seau-wieczorny-ogrod-nocleg-sasino-0816.jpg","datePublished":"2026-08-16T10:16:11+00:00","dateModified":"2026-08-16T10:16:11+00:00","description":"Wieczorny ogr\u00f3d przy domu w Sasinie mieni si\u0119 kolorami, \u015bcie\u017cka prowadzi do drewnianych \u015bcian. Sprawd\u017a wolne terminy i zarezerwuj pobyt nad morzem.","breadcrumb":{"@id":"https:\/\/seausasino.pl\/news\/pl\/2026\/08\/wieczorny-ogrod-nocleg-sasino-0816\/#breadcrumb"},"inLanguage":"pl-PL","potentialAction":[{"@type":"ReadAction","target":["https:\/\/seausasino.pl\/news\/pl\/2026\/08\/wieczorny-ogrod-nocleg-sasino-0816\/"]}]},{"@type":"ImageObject","inLanguage":"pl-PL","@id":"https:\/\/seausasino.pl\/news\/pl\/2026\/08\/wieczorny-ogrod-nocleg-sasino-0816\/#primaryimage","url":"https:\/\/seausasino.pl\/news\/wp-content\/uploads\/2026\/08\/seau-wieczorny-ogrod-nocleg-sasino-0816.jpg","contentUrl":"https:\/\/seausasino.pl\/news\/wp-content\/uploads\/2026\/08\/seau-wieczorny-ogrod-nocleg-sasino-0816.jpg","width":1920,"height":1280},{"@type":"BreadcrumbList","@id":"https:\/\/seausasino.pl\/news\/pl\/2026\/08\/wieczorny-ogrod-nocleg-sasino-0816\/#breadcrumb","itemListElement":[{"@type":"ListItem","position":1,"name":"Strona g\u0142\u00f3wna","item":"https:\/\/seausasino.pl\/news\/pl\/"},{"@type":"ListItem","position":2,"name":"Nocleg w Sasinie, wieczorny ogr\u00f3d przy domu"}]},{"@type":"WebSite","@id":"https:\/\/seausasino.pl\/news\/#website","url":"https:\/\/seausasino.pl\/news\/","name":"SeaUSasino","description":"Blog","publisher":{"@id":"https:\/\/seausasino.pl\/news\/#organization"},"potentialAction":[{"@type":"SearchAction","target":{"@type":"EntryPoint","urlTemplate":"https:\/\/seausasino.pl\/news\/?s={search_term_string}"},"query-input":"required name=search_term_string"}],"inLanguage":"pl-PL"},{"@type":"Organization","@id":"https:\/\/seausasino.pl\/news\/#organization","name":"SeaUSasino","url":"https:\/\/seausasino.pl\/news\/","logo":{"@type":"ImageObject","inLanguage":"pl-PL","@id":"https:\/\/seausasino.pl\/news\/#\/schema\/logo\/image\/","url":"https:\/\/seausasino.pl\/news\/wp-content\/uploads\/2022\/09\/06-2.jpg","contentUrl":"https:\/\/seausasino.pl\/news\/wp-content\/uploads\/2022\/09\/06-2.jpg","width":853,"height":1280,"caption":"SeaUSasino"},"image":{"@id":"https:\/\/seausasino.pl\/news\/#\/schema\/logo\/image\/"},"sameAs":["https:\/\/www.facebook.com\/sasinoapartments4rent","https:\/\/www.instagram.com\/seausasino"]},{"@type":"Person","@id":"https:\/\/seausasino.pl\/news\/#\/schema\/person\/83768b5304ac25a7aec12584e5bafa66","name":"admin","image":{"@type":"ImageObject","inLanguage":"pl-PL","@id":"https:\/\/seausasino.pl\/news\/#\/schema\/person\/image\/","url":"https:\/\/secure.gravatar.com\/avatar\/fc9bb3bac2b6959872cb274c84c62cf23e37f06526382b7da0d744fac7f387cb?s=96&d=mm&r=g","contentUrl":"https:\/\/secure.gravatar.com\/avatar\/fc9bb3bac2b6959872cb274c84c62cf23e37f06526382b7da0d744fac7f387cb?s=96&d=mm&r=g","caption":"admin"},"url":"https:\/\/seausasino.pl\/news\/author\/admin\/"}]}},"_links":{"self":[{"href":"https:\/\/seausasino.pl\/news\/wp-json\/wp\/v2\/posts\/4511","targetHints":{"allow":["GET"]}}],"collection":[{"href":"https:\/\/seausasino.pl\/news\/wp-json\/wp\/v2\/posts"}],"about":[{"href":"https:\/\/seausasino.pl\/news\/wp-json\/wp\/v2\/types\/post"}],"author":[{"embeddable":true,"href":"https:\/\/seausasino.pl\/news\/wp-json\/wp\/v2\/users\/1"}],"replies":[{"embeddable":true,"href":"https:\/\/seausasino.pl\/news\/wp-json\/wp\/v2\/comments?post=4511"}],"version-history":[{"count":0,"href":"https:\/\/seausasino.pl\/news\/wp-json\/wp\/v2\/posts\/4511\/revisions"}],"wp:featuredmedia":[{"embeddable":true,"href":"https:\/\/seausasino.pl\/news\/wp-json\/wp\/v2\/media\/4510"}],"wp:attachment":[{"href":"https:\/\/seausasino.pl\/news\/wp-json\/wp\/v2\/media?parent=4511"}],"wp:term":[{"taxonomy":"category","embeddable":true,"href":"https:\/\/seausasino.pl\/news\/wp-json\/wp\/v2\/categories?post=4511"},{"taxonomy":"post_tag","embeddable":true,"href":"https:\/\/seausasino.pl\/news\/wp-json\/wp\/v2\/tags?post=4511"}],"curies":[{"name":"wp","href":"https:\/\/api.w.org\/{rel}","templated":true}]}}