{"id":4509,"date":"2026-08-15T16:16:07","date_gmt":"2026-08-15T14:16:07","guid":{"rendered":"https:\/\/blog.seausasino.pl\/2026\/08\/latarnia-w-ogrodzie-domu-w-sasinie-0815\/"},"modified":"2026-08-15T16:16:07","modified_gmt":"2026-08-15T14:16:07","slug":"latarnia-w-ogrodzie-domu-w-sasinie-0815","status":"publish","type":"post","link":"https:\/\/seausasino.pl\/news\/pl\/2026\/08\/latarnia-w-ogrodzie-domu-w-sasinie-0815\/","title":{"rendered":"Latarnia w ogrodzie domu w Sasinie"},"content":{"rendered":"<figure style=\"margin:0 auto;max-width:720px;\"><img decoding=\"async\" src=\"https:\/\/riceayyncripijgnlhzv.supabase.co\/storage\/v1\/object\/public\/content-studio\/seausasino-biblioteka\/szuflada-20220622202125-11C115.jpg\" alt=\"Latarnia w ogrodzie domu w Sasinie\" style=\"width:100%;aspect-ratio:4\/5;object-fit:cover;display:block;\" \/><\/figure>\n<p>Popo\u0142udnie w Sasinie ma sw\u00f3j rytm, kt\u00f3ry najlepiej wida\u0107 w\u0142a\u015bnie w ogrodzie. Stara, kuta latarnia stoi przy \u015bcie\u017cce prowadz\u0105cej w stron\u0119 tarasu, a jej czarny metal, ozdobiony kwiatowym reliefem i zawijasami, kontrastuje dzi\u015b z jaskraw\u0105 zieleni\u0105 li\u015bci. S\u0142o\u0144ce przebija si\u0119 przez korony drzew, tworz\u0105c mi\u0119kkie plamy \u015bwiat\u0142a na szkle latarni i na trawie wok\u00f3\u0142 niej. To w\u0142a\u015bnie takie chwile najbardziej zapadaj\u0105 w pami\u0119\u0107 go\u015bciom, kt\u00f3rzy przyje\u017cd\u017caj\u0105 do dom\u00f3w nad morzem w okolicach \u0141eby \u2013 nie tylko pla\u017ca, ale i te ciche k\u0105ty ogrodu, w kt\u00f3rych czas p\u0142ynie wolniej.<\/p>\n<p>Latarnia w naszym ogrodzie nie pe\u0142ni ju\u017c dzi\u015b swojej pierwotnej funkcji o\u015bwietleniowej \u2013 w dzie\u0144 jest raczej dekoracyjnym akcentem, elementem, kt\u00f3ry dodaje przestrzeni charakteru. Wieczorem, kiedy zapada zmrok, jej sylwetka rysuje si\u0119 na tle nieba i staje si\u0119 naturalnym punktem odniesienia dla kogo\u015b, kto wraca z lasu prowadz\u0105cego w stron\u0119 dzikiej pla\u017cy Stilo. To detal, obok kt\u00f3rego \u0142atwo przej\u015b\u0107 oboj\u0119tnie, ale kt\u00f3ry \u2013 jak wiele rzeczy w Sasinie \u2013 zyskuje na uwadze, gdy si\u0119 zwolni krok.<\/p>\n<h2>Dlaczego pogoda nad Ba\u0142tykiem zawsze zaskakuje<\/h2>\n<p>Ka\u017cdy, kto cho\u0107 raz sp\u0119dzi\u0142 tydzie\u0144 w Sasinie, wie, \u017ce tutejsza aura potrafi zmieni\u0107 si\u0119 kilka razy w ci\u0105gu jednego dnia. Rano bywa mg\u0142a snuj\u0105ca si\u0119 mi\u0119dzy sosnami, w po\u0142udnie s\u0142o\u0144ce przebijaj\u0105ce si\u0119 przez li\u015bcie tak jak na zdj\u0119ciu latarni, a wieczorem ch\u0142odny wiatr znad morza, kt\u00f3ry ka\u017ce si\u0119gn\u0105\u0107 po cieplejszy sweter. Dla jednych to niedogodno\u015b\u0107, dla innych \u2013 w\u0142a\u015bnie ten urok, dla kt\u00f3rego wraca si\u0119 w te strony. Ba\u0142tyk nigdy nie jest jednorodny. Ma swoje nastroje, a Sasino, le\u017c\u0105ce mi\u0119dzy \u0141eb\u0105 a Kopalinem, pozwala te nastroje obserwowa\u0107 z bliska, bez po\u015bpiechu.<\/p>\n<p>Dni s\u0142oneczne sprzyjaj\u0105 d\u0142ugim spacerom przez sosnowy las w stron\u0119 Stilo, gdzie pla\u017ca jest dzika i niemal zawsze kameralna. Dni pochmurne czy wietrzne to z kolei czas na powr\u00f3t do wn\u0119trza \u2013 do domu z kominkiem, gdzie ogie\u0144 i drewniane belki tworz\u0105 zupe\u0142nie inny rodzaj komfortu. Oba scenariusze maj\u0105 sw\u00f3j urok i oba s\u0105 r\u00f3wnie cz\u0119ste w tutejszym klimacie.<\/p>\n<h2>Ogr\u00f3d jako cz\u0119\u015b\u0107 codzienno\u015bci pobytu<\/h2>\n<p>Ogr\u00f3d przy domu to nie tylko trawnik i taras \u2013 to przestrze\u0144, w kt\u00f3rej ka\u017cdy detal, od latarni po \u015bcie\u017cki, buduje atmosfer\u0119. W ci\u0105gu dnia mo\u017cna tu usi\u0105\u015b\u0107 z kaw\u0105 i obserwowa\u0107, jak \u015bwiat\u0142o zmienia kolor li\u015bci, a wieczorem \u2013 patrze\u0107, jak zapada zmrok i jak powoli cichnie okoliczny las. Dla go\u015bci szukaj\u0105cych Sasino noclegi z my\u015bl\u0105 o odpoczynku od miejskiego zgie\u0142ku, taki kawa\u0142ek zieleni bywa r\u00f3wnie wa\u017cny jak sama pla\u017ca.<\/p>\n<p>Warto pami\u0119ta\u0107, \u017ce ogr\u00f3d zmienia si\u0119 z porami roku \u2013 wiosn\u0105 i latem dominuje intensywna ziele\u0144, jesieni\u0105 przebarwione li\u015bcie, a zim\u0105 surowsza, spokojniejsza paleta. Niezale\u017cnie od sezonu, spacer po ogrodzie to naturalny spos\u00f3b na z\u0142apanie oddechu przed albo po d\u0142u\u017cszej w\u0119dr\u00f3wce w stron\u0119 wybrze\u017ca.<\/p>\n<h2>Wolne terminy w SeaUSasino<\/h2>\n<p>\ud83d\udccd Najbli\u017cszy wolny termin: <strong>23.08.2026<\/strong><\/p>\n<p>Cztery ca\u0142oroczne, luksusowe domy z drewna w Sasinie \u2014 ka\u017cdy dla o\u015bmiu os\u00f3b, z kominkiem i prywatnym ogrodem, spacer sosnowym lasem od pla\u017cy Stilo. Sprawd\u017a dost\u0119pno\u015b\u0107 i <a href=\"https:\/\/seausasino.pl\">zarezerwuj na seausasino.pl<\/a>.<\/p>\n","protected":false},"excerpt":{"rendered":"<p>Kuta latarnia w ogrodzie, s\u0142o\u0144ce przez li\u015bcie i cisza popo\u0142udnia w Sasinie. Sprawd\u017a wolne terminy i zarezerwuj dom nad morzem na seausasino.pl.<\/p>\n","protected":false},"author":1,"featured_media":4508,"comment_status":"closed","ping_status":"closed","sticky":false,"template":"","format":"standard","meta":{"_yoast_wpseo_focuskw":"","_yoast_wpseo_title":"SEAUSASINO.PL - Latarnia w ogrodzie domu w Sasinie","_yoast_wpseo_metadesc":"Kuta latarnia w ogrodzie, s\u0142o\u0144ce przez li\u015bcie i cisza popo\u0142udnia w Sasinie. Sprawd\u017a wolne terminy i zarezerwuj dom nad morzem na seausasino.pl.","seau_keywords":"Sasino domki, dom do wynajecia Sasino, domy nad morzem w okolicach Leby, plaza Stilo, dom z kominkiem, Sasino noclegi","footnotes":""},"categories":[12],"tags":[],"class_list":["post-4509","post","type-post","status-publish","format-standard","has-post-thumbnail","hentry","category-bez-kategorii-pl"],"yoast_head":"<!-- This site is optimized with the Yoast SEO plugin v22.6 - https:\/\/yoast.com\/wordpress\/plugins\/seo\/ -->\n<title>SEAUSASINO.PL - Latarnia w ogrodzie domu w Sasinie<\/title>\n<meta name=\"description\" content=\"Kuta latarnia w ogrodzie, s\u0142o\u0144ce przez li\u015bcie i cisza popo\u0142udnia w Sasinie. Sprawd\u017a wolne terminy i zarezerwuj dom nad morzem na seausasino.pl.\" \/>\n<meta name=\"robots\" content=\"index, follow, max-snippet:-1, max-image-preview:large, max-video-preview:-1\" \/>\n<link rel=\"canonical\" href=\"https:\/\/seausasino.pl\/news\/pl\/2026\/08\/latarnia-w-ogrodzie-domu-w-sasinie-0815\/\" \/>\n<meta property=\"og:locale\" content=\"pl_PL\" \/>\n<meta property=\"og:type\" content=\"article\" \/>\n<meta property=\"og:title\" content=\"SEAUSASINO.PL - Latarnia w ogrodzie domu w Sasinie\" \/>\n<meta property=\"og:description\" content=\"Kuta latarnia w ogrodzie, s\u0142o\u0144ce przez li\u015bcie i cisza popo\u0142udnia w Sasinie. Sprawd\u017a wolne terminy i zarezerwuj dom nad morzem na seausasino.pl.\" \/>\n<meta property=\"og:url\" content=\"https:\/\/seausasino.pl\/news\/pl\/2026\/08\/latarnia-w-ogrodzie-domu-w-sasinie-0815\/\" \/>\n<meta property=\"og:site_name\" content=\"SeaUSasino\" \/>\n<meta property=\"article:publisher\" content=\"https:\/\/www.facebook.com\/sasinoapartments4rent\" \/>\n<meta property=\"article:published_time\" content=\"2026-08-15T14:16:07+00:00\" \/>\n<meta property=\"og:image\" content=\"https:\/\/seausasino.pl\/news\/wp-content\/uploads\/2026\/08\/seau-latarnia-w-ogrodzie-domu-w-sasinie-0815.jpg\" \/>\n\t<meta property=\"og:image:width\" content=\"1920\" \/>\n\t<meta property=\"og:image:height\" content=\"1280\" \/>\n\t<meta property=\"og:image:type\" content=\"image\/jpeg\" \/>\n<meta name=\"author\" content=\"admin\" \/>\n<meta name=\"twitter:card\" content=\"summary_large_image\" \/>\n<meta name=\"twitter:label1\" content=\"Napisane przez\" \/>\n\t<meta name=\"twitter:data1\" content=\"admin\" \/>\n\t<meta name=\"twitter:label2\" content=\"Szacowany czas czytania\" \/>\n\t<meta name=\"twitter:data2\" content=\"3 minuty\" \/>\n<script type=\"application\/ld+json\" class=\"yoast-schema-graph\">{\"@context\":\"https:\/\/schema.org\",\"@graph\":[{\"@type\":\"Article\",\"@id\":\"https:\/\/seausasino.pl\/news\/pl\/2026\/08\/latarnia-w-ogrodzie-domu-w-sasinie-0815\/#article\",\"isPartOf\":{\"@id\":\"https:\/\/seausasino.pl\/news\/pl\/2026\/08\/latarnia-w-ogrodzie-domu-w-sasinie-0815\/\"},\"author\":{\"name\":\"admin\",\"@id\":\"https:\/\/seausasino.pl\/news\/#\/schema\/person\/83768b5304ac25a7aec12584e5bafa66\"},\"headline\":\"Latarnia w ogrodzie domu w Sasinie\",\"datePublished\":\"2026-08-15T14:16:07+00:00\",\"dateModified\":\"2026-08-15T14:16:07+00:00\",\"mainEntityOfPage\":{\"@id\":\"https:\/\/seausasino.pl\/news\/pl\/2026\/08\/latarnia-w-ogrodzie-domu-w-sasinie-0815\/\"},\"wordCount\":576,\"publisher\":{\"@id\":\"https:\/\/seausasino.pl\/news\/#organization\"},\"image\":{\"@id\":\"https:\/\/seausasino.pl\/news\/pl\/2026\/08\/latarnia-w-ogrodzie-domu-w-sasinie-0815\/#primaryimage\"},\"thumbnailUrl\":\"https:\/\/seausasino.pl\/news\/wp-content\/uploads\/2026\/08\/seau-latarnia-w-ogrodzie-domu-w-sasinie-0815.jpg\",\"inLanguage\":\"pl-PL\"},{\"@type\":\"WebPage\",\"@id\":\"https:\/\/seausasino.pl\/news\/pl\/2026\/08\/latarnia-w-ogrodzie-domu-w-sasinie-0815\/\",\"url\":\"https:\/\/seausasino.pl\/news\/pl\/2026\/08\/latarnia-w-ogrodzie-domu-w-sasinie-0815\/\",\"name\":\"SEAUSASINO.PL - Latarnia w ogrodzie domu w Sasinie\",\"isPartOf\":{\"@id\":\"https:\/\/seausasino.pl\/news\/#website\"},\"primaryImageOfPage\":{\"@id\":\"https:\/\/seausasino.pl\/news\/pl\/2026\/08\/latarnia-w-ogrodzie-domu-w-sasinie-0815\/#primaryimage\"},\"image\":{\"@id\":\"https:\/\/seausasino.pl\/news\/pl\/2026\/08\/latarnia-w-ogrodzie-domu-w-sasinie-0815\/#primaryimage\"},\"thumbnailUrl\":\"https:\/\/seausasino.pl\/news\/wp-content\/uploads\/2026\/08\/seau-latarnia-w-ogrodzie-domu-w-sasinie-0815.jpg\",\"datePublished\":\"2026-08-15T14:16:07+00:00\",\"dateModified\":\"2026-08-15T14:16:07+00:00\",\"description\":\"Kuta latarnia w ogrodzie, s\u0142o\u0144ce przez li\u015bcie i cisza popo\u0142udnia w Sasinie. Sprawd\u017a wolne terminy i zarezerwuj dom nad morzem na seausasino.pl.\",\"breadcrumb\":{\"@id\":\"https:\/\/seausasino.pl\/news\/pl\/2026\/08\/latarnia-w-ogrodzie-domu-w-sasinie-0815\/#breadcrumb\"},\"inLanguage\":\"pl-PL\",\"potentialAction\":[{\"@type\":\"ReadAction\",\"target\":[\"https:\/\/seausasino.pl\/news\/pl\/2026\/08\/latarnia-w-ogrodzie-domu-w-sasinie-0815\/\"]}]},{\"@type\":\"ImageObject\",\"inLanguage\":\"pl-PL\",\"@id\":\"https:\/\/seausasino.pl\/news\/pl\/2026\/08\/latarnia-w-ogrodzie-domu-w-sasinie-0815\/#primaryimage\",\"url\":\"https:\/\/seausasino.pl\/news\/wp-content\/uploads\/2026\/08\/seau-latarnia-w-ogrodzie-domu-w-sasinie-0815.jpg\",\"contentUrl\":\"https:\/\/seausasino.pl\/news\/wp-content\/uploads\/2026\/08\/seau-latarnia-w-ogrodzie-domu-w-sasinie-0815.jpg\",\"width\":1920,\"height\":1280},{\"@type\":\"BreadcrumbList\",\"@id\":\"https:\/\/seausasino.pl\/news\/pl\/2026\/08\/latarnia-w-ogrodzie-domu-w-sasinie-0815\/#breadcrumb\",\"itemListElement\":[{\"@type\":\"ListItem\",\"position\":1,\"name\":\"Strona g\u0142\u00f3wna\",\"item\":\"https:\/\/seausasino.pl\/news\/pl\/\"},{\"@type\":\"ListItem\",\"position\":2,\"name\":\"Latarnia w ogrodzie domu w Sasinie\"}]},{\"@type\":\"WebSite\",\"@id\":\"https:\/\/seausasino.pl\/news\/#website\",\"url\":\"https:\/\/seausasino.pl\/news\/\",\"name\":\"SeaUSasino\",\"description\":\"Blog\",\"publisher\":{\"@id\":\"https:\/\/seausasino.pl\/news\/#organization\"},\"potentialAction\":[{\"@type\":\"SearchAction\",\"target\":{\"@type\":\"EntryPoint\",\"urlTemplate\":\"https:\/\/seausasino.pl\/news\/?s={search_term_string}\"},\"query-input\":\"required name=search_term_string\"}],\"inLanguage\":\"pl-PL\"},{\"@type\":\"Organization\",\"@id\":\"https:\/\/seausasino.pl\/news\/#organization\",\"name\":\"SeaUSasino\",\"url\":\"https:\/\/seausasino.pl\/news\/\",\"logo\":{\"@type\":\"ImageObject\",\"inLanguage\":\"pl-PL\",\"@id\":\"https:\/\/seausasino.pl\/news\/#\/schema\/logo\/image\/\",\"url\":\"https:\/\/seausasino.pl\/news\/wp-content\/uploads\/2022\/09\/06-2.jpg\",\"contentUrl\":\"https:\/\/seausasino.pl\/news\/wp-content\/uploads\/2022\/09\/06-2.jpg\",\"width\":853,\"height\":1280,\"caption\":\"SeaUSasino\"},\"image\":{\"@id\":\"https:\/\/seausasino.pl\/news\/#\/schema\/logo\/image\/\"},\"sameAs\":[\"https:\/\/www.facebook.com\/sasinoapartments4rent\",\"https:\/\/www.instagram.com\/seausasino\"]},{\"@type\":\"Person\",\"@id\":\"https:\/\/seausasino.pl\/news\/#\/schema\/person\/83768b5304ac25a7aec12584e5bafa66\",\"name\":\"admin\",\"image\":{\"@type\":\"ImageObject\",\"inLanguage\":\"pl-PL\",\"@id\":\"https:\/\/seausasino.pl\/news\/#\/schema\/person\/image\/\",\"url\":\"https:\/\/secure.gravatar.com\/avatar\/fc9bb3bac2b6959872cb274c84c62cf23e37f06526382b7da0d744fac7f387cb?s=96&d=mm&r=g\",\"contentUrl\":\"https:\/\/secure.gravatar.com\/avatar\/fc9bb3bac2b6959872cb274c84c62cf23e37f06526382b7da0d744fac7f387cb?s=96&d=mm&r=g\",\"caption\":\"admin\"},\"url\":\"https:\/\/seausasino.pl\/news\/author\/admin\/\"}]}<\/script>\n<!-- \/ Yoast SEO plugin. -->","yoast_head_json":{"title":"SEAUSASINO.PL - Latarnia w ogrodzie domu w Sasinie","description":"Kuta latarnia w ogrodzie, s\u0142o\u0144ce przez li\u015bcie i cisza popo\u0142udnia w Sasinie. Sprawd\u017a wolne terminy i zarezerwuj dom nad morzem na seausasino.pl.","robots":{"index":"index","follow":"follow","max-snippet":"max-snippet:-1","max-image-preview":"max-image-preview:large","max-video-preview":"max-video-preview:-1"},"canonical":"https:\/\/seausasino.pl\/news\/pl\/2026\/08\/latarnia-w-ogrodzie-domu-w-sasinie-0815\/","og_locale":"pl_PL","og_type":"article","og_title":"SEAUSASINO.PL - Latarnia w ogrodzie domu w Sasinie","og_description":"Kuta latarnia w ogrodzie, s\u0142o\u0144ce przez li\u015bcie i cisza popo\u0142udnia w Sasinie. Sprawd\u017a wolne terminy i zarezerwuj dom nad morzem na seausasino.pl.","og_url":"https:\/\/seausasino.pl\/news\/pl\/2026\/08\/latarnia-w-ogrodzie-domu-w-sasinie-0815\/","og_site_name":"SeaUSasino","article_publisher":"https:\/\/www.facebook.com\/sasinoapartments4rent","article_published_time":"2026-08-15T14:16:07+00:00","og_image":[{"width":1920,"height":1280,"url":"https:\/\/seausasino.pl\/news\/wp-content\/uploads\/2026\/08\/seau-latarnia-w-ogrodzie-domu-w-sasinie-0815.jpg","type":"image\/jpeg"}],"author":"admin","twitter_card":"summary_large_image","twitter_misc":{"Napisane przez":"admin","Szacowany czas czytania":"3 minuty"},"schema":{"@context":"https:\/\/schema.org","@graph":[{"@type":"Article","@id":"https:\/\/seausasino.pl\/news\/pl\/2026\/08\/latarnia-w-ogrodzie-domu-w-sasinie-0815\/#article","isPartOf":{"@id":"https:\/\/seausasino.pl\/news\/pl\/2026\/08\/latarnia-w-ogrodzie-domu-w-sasinie-0815\/"},"author":{"name":"admin","@id":"https:\/\/seausasino.pl\/news\/#\/schema\/person\/83768b5304ac25a7aec12584e5bafa66"},"headline":"Latarnia w ogrodzie domu w Sasinie","datePublished":"2026-08-15T14:16:07+00:00","dateModified":"2026-08-15T14:16:07+00:00","mainEntityOfPage":{"@id":"https:\/\/seausasino.pl\/news\/pl\/2026\/08\/latarnia-w-ogrodzie-domu-w-sasinie-0815\/"},"wordCount":576,"publisher":{"@id":"https:\/\/seausasino.pl\/news\/#organization"},"image":{"@id":"https:\/\/seausasino.pl\/news\/pl\/2026\/08\/latarnia-w-ogrodzie-domu-w-sasinie-0815\/#primaryimage"},"thumbnailUrl":"https:\/\/seausasino.pl\/news\/wp-content\/uploads\/2026\/08\/seau-latarnia-w-ogrodzie-domu-w-sasinie-0815.jpg","inLanguage":"pl-PL"},{"@type":"WebPage","@id":"https:\/\/seausasino.pl\/news\/pl\/2026\/08\/latarnia-w-ogrodzie-domu-w-sasinie-0815\/","url":"https:\/\/seausasino.pl\/news\/pl\/2026\/08\/latarnia-w-ogrodzie-domu-w-sasinie-0815\/","name":"SEAUSASINO.PL - Latarnia w ogrodzie domu w Sasinie","isPartOf":{"@id":"https:\/\/seausasino.pl\/news\/#website"},"primaryImageOfPage":{"@id":"https:\/\/seausasino.pl\/news\/pl\/2026\/08\/latarnia-w-ogrodzie-domu-w-sasinie-0815\/#primaryimage"},"image":{"@id":"https:\/\/seausasino.pl\/news\/pl\/2026\/08\/latarnia-w-ogrodzie-domu-w-sasinie-0815\/#primaryimage"},"thumbnailUrl":"https:\/\/seausasino.pl\/news\/wp-content\/uploads\/2026\/08\/seau-latarnia-w-ogrodzie-domu-w-sasinie-0815.jpg","datePublished":"2026-08-15T14:16:07+00:00","dateModified":"2026-08-15T14:16:07+00:00","description":"Kuta latarnia w ogrodzie, s\u0142o\u0144ce przez li\u015bcie i cisza popo\u0142udnia w Sasinie. Sprawd\u017a wolne terminy i zarezerwuj dom nad morzem na seausasino.pl.","breadcrumb":{"@id":"https:\/\/seausasino.pl\/news\/pl\/2026\/08\/latarnia-w-ogrodzie-domu-w-sasinie-0815\/#breadcrumb"},"inLanguage":"pl-PL","potentialAction":[{"@type":"ReadAction","target":["https:\/\/seausasino.pl\/news\/pl\/2026\/08\/latarnia-w-ogrodzie-domu-w-sasinie-0815\/"]}]},{"@type":"ImageObject","inLanguage":"pl-PL","@id":"https:\/\/seausasino.pl\/news\/pl\/2026\/08\/latarnia-w-ogrodzie-domu-w-sasinie-0815\/#primaryimage","url":"https:\/\/seausasino.pl\/news\/wp-content\/uploads\/2026\/08\/seau-latarnia-w-ogrodzie-domu-w-sasinie-0815.jpg","contentUrl":"https:\/\/seausasino.pl\/news\/wp-content\/uploads\/2026\/08\/seau-latarnia-w-ogrodzie-domu-w-sasinie-0815.jpg","width":1920,"height":1280},{"@type":"BreadcrumbList","@id":"https:\/\/seausasino.pl\/news\/pl\/2026\/08\/latarnia-w-ogrodzie-domu-w-sasinie-0815\/#breadcrumb","itemListElement":[{"@type":"ListItem","position":1,"name":"Strona g\u0142\u00f3wna","item":"https:\/\/seausasino.pl\/news\/pl\/"},{"@type":"ListItem","position":2,"name":"Latarnia w ogrodzie domu w Sasinie"}]},{"@type":"WebSite","@id":"https:\/\/seausasino.pl\/news\/#website","url":"https:\/\/seausasino.pl\/news\/","name":"SeaUSasino","description":"Blog","publisher":{"@id":"https:\/\/seausasino.pl\/news\/#organization"},"potentialAction":[{"@type":"SearchAction","target":{"@type":"EntryPoint","urlTemplate":"https:\/\/seausasino.pl\/news\/?s={search_term_string}"},"query-input":"required name=search_term_string"}],"inLanguage":"pl-PL"},{"@type":"Organization","@id":"https:\/\/seausasino.pl\/news\/#organization","name":"SeaUSasino","url":"https:\/\/seausasino.pl\/news\/","logo":{"@type":"ImageObject","inLanguage":"pl-PL","@id":"https:\/\/seausasino.pl\/news\/#\/schema\/logo\/image\/","url":"https:\/\/seausasino.pl\/news\/wp-content\/uploads\/2022\/09\/06-2.jpg","contentUrl":"https:\/\/seausasino.pl\/news\/wp-content\/uploads\/2022\/09\/06-2.jpg","width":853,"height":1280,"caption":"SeaUSasino"},"image":{"@id":"https:\/\/seausasino.pl\/news\/#\/schema\/logo\/image\/"},"sameAs":["https:\/\/www.facebook.com\/sasinoapartments4rent","https:\/\/www.instagram.com\/seausasino"]},{"@type":"Person","@id":"https:\/\/seausasino.pl\/news\/#\/schema\/person\/83768b5304ac25a7aec12584e5bafa66","name":"admin","image":{"@type":"ImageObject","inLanguage":"pl-PL","@id":"https:\/\/seausasino.pl\/news\/#\/schema\/person\/image\/","url":"https:\/\/secure.gravatar.com\/avatar\/fc9bb3bac2b6959872cb274c84c62cf23e37f06526382b7da0d744fac7f387cb?s=96&d=mm&r=g","contentUrl":"https:\/\/secure.gravatar.com\/avatar\/fc9bb3bac2b6959872cb274c84c62cf23e37f06526382b7da0d744fac7f387cb?s=96&d=mm&r=g","caption":"admin"},"url":"https:\/\/seausasino.pl\/news\/author\/admin\/"}]}},"_links":{"self":[{"href":"https:\/\/seausasino.pl\/news\/wp-json\/wp\/v2\/posts\/4509","targetHints":{"allow":["GET"]}}],"collection":[{"href":"https:\/\/seausasino.pl\/news\/wp-json\/wp\/v2\/posts"}],"about":[{"href":"https:\/\/seausasino.pl\/news\/wp-json\/wp\/v2\/types\/post"}],"author":[{"embeddable":true,"href":"https:\/\/seausasino.pl\/news\/wp-json\/wp\/v2\/users\/1"}],"replies":[{"embeddable":true,"href":"https:\/\/seausasino.pl\/news\/wp-json\/wp\/v2\/comments?post=4509"}],"version-history":[{"count":0,"href":"https:\/\/seausasino.pl\/news\/wp-json\/wp\/v2\/posts\/4509\/revisions"}],"wp:featuredmedia":[{"embeddable":true,"href":"https:\/\/seausasino.pl\/news\/wp-json\/wp\/v2\/media\/4508"}],"wp:attachment":[{"href":"https:\/\/seausasino.pl\/news\/wp-json\/wp\/v2\/media?parent=4509"}],"wp:term":[{"taxonomy":"category","embeddable":true,"href":"https:\/\/seausasino.pl\/news\/wp-json\/wp\/v2\/categories?post=4509"},{"taxonomy":"post_tag","embeddable":true,"href":"https:\/\/seausasino.pl\/news\/wp-json\/wp\/v2\/tags?post=4509"}],"curies":[{"name":"wp","href":"https:\/\/api.w.org\/{rel}","templated":true}]}}