{"id":4503,"date":"2026-08-14T12:16:01","date_gmt":"2026-08-14T10:16:01","guid":{"rendered":"https:\/\/blog.seausasino.pl\/2026\/08\/cisza-pol-przy-sasinie-0814\/"},"modified":"2026-08-14T12:16:01","modified_gmt":"2026-08-14T10:16:01","slug":"cisza-pol-przy-sasinie-0814","status":"publish","type":"post","link":"https:\/\/seausasino.pl\/news\/pl\/2026\/08\/cisza-pol-przy-sasinie-0814\/","title":{"rendered":"Dom nad morzem, cisza p\u00f3l przy Sasinie"},"content":{"rendered":"<figure style=\"margin:0 auto;max-width:720px;\"><img decoding=\"async\" src=\"https:\/\/riceayyncripijgnlhzv.supabase.co\/storage\/v1\/object\/public\/content-studio\/seausasino-biblioteka\/szuflada-20220622202125-11C115.jpg\" alt=\"Dom nad morzem, cisza p\u00f3l przy Sasinie\" style=\"width:100%;aspect-ratio:4\/5;object-fit:cover;display:block;\" \/><\/figure>\n<p>Wieczorem, kiedy s\u0142o\u0144ce zaczyna si\u0119 zni\u017ca\u0107 nad polami mi\u0119dzy Sasinem a Kopalinem, niebo robi si\u0119 pomara\u0144czowe, potem czerwone, a na horyzoncie majaczy sylwetka wiatraka i porozrzucane po \u015bciernisku bele siana. Nie trzeba jecha\u0107 daleko, \u017ceby to zobaczy\u0107 &#8211; wystarczy wyj\u015b\u0107 z ogrodu jednego z naszych dom\u00f3w i przej\u015b\u0107 kilkaset metr\u00f3w w stron\u0119 p\u00f3l. Nikogo tam nie ma. \u017badnych samochod\u00f3w, \u017cadnego po\u015bpiechu. Tylko mg\u0142a unosz\u0105ca si\u0119 nad traw\u0105 i cisza, kt\u00f3ra w Sasinie jest w\u0142a\u015bciwie sta\u0142ym elementem krajobrazu, nie dodatkiem na specjalne okazje.<\/p>\n<h2>Dlaczego wieczory tutaj s\u0105 takie kameralne<\/h2>\n<p>Sasino le\u017cy z boku od g\u0142\u00f3wnych tras, mi\u0119dzy \u0141eb\u0105 a Kopalinem, a najbli\u017csze s\u0105siedztwo to pola uprawne, las sosnowy i wydmy prowadz\u0105ce do pla\u017cy Stilo. Nie ma tu zabudowy ci\u0105gn\u0105cej si\u0119 kilometrami, nie ma \u015bwiate\u0142 miejskich rozja\u015bniaj\u0105cych niebo. Dzi\u0119ki temu zachody s\u0142o\u0144ca wida\u0107 naprawd\u0119 wyra\u017anie &#8211; kolory przechodz\u0105 przez wszystkie odcienie pomara\u0144czu, zanim zrobi si\u0119 ciemno. To codzienny widok dla tych, kt\u00f3rzy wybieraj\u0105 dom z kominkiem w tej okolicy zamiast pokoju w wi\u0119kszym o\u015brodku nad morzem.<\/p>\n<h2>Pola, bele siana i droga powrotna do domu<\/h2>\n<p>\u015acie\u017cka prowadz\u0105ca w stron\u0119 p\u00f3l to dobry spos\u00f3b na zako\u0144czenie dnia sp\u0119dzonego na pla\u017cy. Po powrocie ze Stilo, kiedy sk\u00f3ra jest jeszcze s\u0142ona od morskiego powietrza, warto zboczy\u0107 w stron\u0119 otwartych przestrzeni za S\u0142ajszewem. Wida\u0107 stamt\u0105d ca\u0142e niebo, bez przeszk\u00f3d, bez drzew zas\u0142aniaj\u0105cych horyzont. Bele siana le\u017c\u0105 porozrzucane jak du\u017ce okr\u0105g\u0142e cienie, a jedyny d\u017awi\u0119k to szum wiatru w skrzyd\u0142ach wiatraka i odleg\u0142e granie \u015bwierszczy.<\/p>\n<h2>Wracaj\u0105c do ciep\u0142a domu<\/h2>\n<p>Po takim spacerze dobrze jest wr\u00f3ci\u0107 do wn\u0119trza, kt\u00f3re czeka spokojne i gotowe &#8211; z rozpalonym kominkiem albo bez, zale\u017cnie od pory roku, ale zawsze z w\u0142asnym ogrodem i tarasem, gdzie mo\u017cna jeszcze chwil\u0119 posiedzie\u0107, patrz\u0105c jak gasn\u0105 ostatnie kolory nad polami. To w\u0142a\u015bnie ta kameralno\u015b\u0107 &#8211; brak t\u0142umu, brak ha\u0142asu, tylko przestrze\u0144 i cisza &#8211; sprawia, \u017ce domy nad morzem w okolicach \u0141eby, takie jak nasze, maj\u0105 sens dla tych, kt\u00f3rzy szukaj\u0105 odpoczynku, a nie kolejnego zat\u0142oczonego kurortu.<\/p>\n<h2>Wolne terminy w SeaUSasino<\/h2>\n<p>\ud83d\udccd Najbli\u017cszy wolny termin: <strong>23.08.2026<\/strong><\/p>\n<p>Cztery ca\u0142oroczne, luksusowe domy z drewna w Sasinie \u2014 ka\u017cdy dla o\u015bmiu os\u00f3b, z kominkiem i prywatnym ogrodem, spacer sosnowym lasem od pla\u017cy Stilo. Sprawd\u017a dost\u0119pno\u015b\u0107 i <a href=\"https:\/\/seausasino.pl\">zarezerwuj na seausasino.pl<\/a>.<\/p>\n","protected":false},"excerpt":{"rendered":"<p>Kameralne domy nad morzem w okolicach \u0141eby, tu\u017c przy polach ko\u0142o Sasina. Wieczorna cisza, zach\u00f3d s\u0142o\u0144ca nad wiatrakiem i bele siana na horyzoncie.<\/p>\n","protected":false},"author":1,"featured_media":4502,"comment_status":"closed","ping_status":"closed","sticky":false,"template":"","format":"standard","meta":{"_yoast_wpseo_focuskw":"","_yoast_wpseo_title":"SEAUSASINO.PL - Dom nad morzem, cisza p\u00f3l przy Sasinie","_yoast_wpseo_metadesc":"Kameralne domy nad morzem w okolicach \u0141eby, tu\u017c przy polach ko\u0142o Sasina. Wieczorna cisza, zach\u00f3d s\u0142o\u0144ca nad wiatrakiem i bele siana na horyzoncie.","seau_keywords":"domy nad morzem w okolicach Leby, Sasino domki, dom z kominkiem, Kopalino, Slajszewo domy, cisza Sasino, dom do wynajecia Sasino","footnotes":""},"categories":[12],"tags":[],"class_list":["post-4503","post","type-post","status-publish","format-standard","has-post-thumbnail","hentry","category-bez-kategorii-pl"],"yoast_head":"<!-- This site is optimized with the Yoast SEO plugin v22.6 - https:\/\/yoast.com\/wordpress\/plugins\/seo\/ -->\n<title>SEAUSASINO.PL - Dom nad morzem, cisza p\u00f3l przy Sasinie<\/title>\n<meta name=\"description\" content=\"Kameralne domy nad morzem w okolicach \u0141eby, tu\u017c przy polach ko\u0142o Sasina. Wieczorna cisza, zach\u00f3d s\u0142o\u0144ca nad wiatrakiem i bele siana na horyzoncie.\" \/>\n<meta name=\"robots\" content=\"index, follow, max-snippet:-1, max-image-preview:large, max-video-preview:-1\" \/>\n<link rel=\"canonical\" href=\"https:\/\/seausasino.pl\/news\/pl\/2026\/08\/cisza-pol-przy-sasinie-0814\/\" \/>\n<meta property=\"og:locale\" content=\"pl_PL\" \/>\n<meta property=\"og:type\" content=\"article\" \/>\n<meta property=\"og:title\" content=\"SEAUSASINO.PL - Dom nad morzem, cisza p\u00f3l przy Sasinie\" \/>\n<meta property=\"og:description\" content=\"Kameralne domy nad morzem w okolicach \u0141eby, tu\u017c przy polach ko\u0142o Sasina. Wieczorna cisza, zach\u00f3d s\u0142o\u0144ca nad wiatrakiem i bele siana na horyzoncie.\" \/>\n<meta property=\"og:url\" content=\"https:\/\/seausasino.pl\/news\/pl\/2026\/08\/cisza-pol-przy-sasinie-0814\/\" \/>\n<meta property=\"og:site_name\" content=\"SeaUSasino\" \/>\n<meta property=\"article:publisher\" content=\"https:\/\/www.facebook.com\/sasinoapartments4rent\" \/>\n<meta property=\"article:published_time\" content=\"2026-08-14T10:16:01+00:00\" \/>\n<meta property=\"og:image\" content=\"https:\/\/seausasino.pl\/news\/wp-content\/uploads\/2026\/08\/seau-cisza-pol-przy-sasinie-0814.jpg\" \/>\n\t<meta property=\"og:image:width\" content=\"1920\" \/>\n\t<meta property=\"og:image:height\" content=\"1280\" \/>\n\t<meta property=\"og:image:type\" content=\"image\/jpeg\" \/>\n<meta name=\"author\" content=\"admin\" \/>\n<meta name=\"twitter:card\" content=\"summary_large_image\" \/>\n<meta name=\"twitter:label1\" content=\"Napisane przez\" \/>\n\t<meta name=\"twitter:data1\" content=\"admin\" \/>\n\t<meta name=\"twitter:label2\" content=\"Szacowany czas czytania\" \/>\n\t<meta name=\"twitter:data2\" content=\"2 minuty\" \/>\n<script type=\"application\/ld+json\" class=\"yoast-schema-graph\">{\"@context\":\"https:\/\/schema.org\",\"@graph\":[{\"@type\":\"Article\",\"@id\":\"https:\/\/seausasino.pl\/news\/pl\/2026\/08\/cisza-pol-przy-sasinie-0814\/#article\",\"isPartOf\":{\"@id\":\"https:\/\/seausasino.pl\/news\/pl\/2026\/08\/cisza-pol-przy-sasinie-0814\/\"},\"author\":{\"name\":\"admin\",\"@id\":\"https:\/\/seausasino.pl\/news\/#\/schema\/person\/83768b5304ac25a7aec12584e5bafa66\"},\"headline\":\"Dom nad morzem, cisza p\u00f3l przy Sasinie\",\"datePublished\":\"2026-08-14T10:16:01+00:00\",\"dateModified\":\"2026-08-14T10:16:01+00:00\",\"mainEntityOfPage\":{\"@id\":\"https:\/\/seausasino.pl\/news\/pl\/2026\/08\/cisza-pol-przy-sasinie-0814\/\"},\"wordCount\":444,\"publisher\":{\"@id\":\"https:\/\/seausasino.pl\/news\/#organization\"},\"image\":{\"@id\":\"https:\/\/seausasino.pl\/news\/pl\/2026\/08\/cisza-pol-przy-sasinie-0814\/#primaryimage\"},\"thumbnailUrl\":\"https:\/\/seausasino.pl\/news\/wp-content\/uploads\/2026\/08\/seau-cisza-pol-przy-sasinie-0814.jpg\",\"inLanguage\":\"pl-PL\"},{\"@type\":\"WebPage\",\"@id\":\"https:\/\/seausasino.pl\/news\/pl\/2026\/08\/cisza-pol-przy-sasinie-0814\/\",\"url\":\"https:\/\/seausasino.pl\/news\/pl\/2026\/08\/cisza-pol-przy-sasinie-0814\/\",\"name\":\"SEAUSASINO.PL - Dom nad morzem, cisza p\u00f3l przy Sasinie\",\"isPartOf\":{\"@id\":\"https:\/\/seausasino.pl\/news\/#website\"},\"primaryImageOfPage\":{\"@id\":\"https:\/\/seausasino.pl\/news\/pl\/2026\/08\/cisza-pol-przy-sasinie-0814\/#primaryimage\"},\"image\":{\"@id\":\"https:\/\/seausasino.pl\/news\/pl\/2026\/08\/cisza-pol-przy-sasinie-0814\/#primaryimage\"},\"thumbnailUrl\":\"https:\/\/seausasino.pl\/news\/wp-content\/uploads\/2026\/08\/seau-cisza-pol-przy-sasinie-0814.jpg\",\"datePublished\":\"2026-08-14T10:16:01+00:00\",\"dateModified\":\"2026-08-14T10:16:01+00:00\",\"description\":\"Kameralne domy nad morzem w okolicach \u0141eby, tu\u017c przy polach ko\u0142o Sasina. Wieczorna cisza, zach\u00f3d s\u0142o\u0144ca nad wiatrakiem i bele siana na horyzoncie.\",\"breadcrumb\":{\"@id\":\"https:\/\/seausasino.pl\/news\/pl\/2026\/08\/cisza-pol-przy-sasinie-0814\/#breadcrumb\"},\"inLanguage\":\"pl-PL\",\"potentialAction\":[{\"@type\":\"ReadAction\",\"target\":[\"https:\/\/seausasino.pl\/news\/pl\/2026\/08\/cisza-pol-przy-sasinie-0814\/\"]}]},{\"@type\":\"ImageObject\",\"inLanguage\":\"pl-PL\",\"@id\":\"https:\/\/seausasino.pl\/news\/pl\/2026\/08\/cisza-pol-przy-sasinie-0814\/#primaryimage\",\"url\":\"https:\/\/seausasino.pl\/news\/wp-content\/uploads\/2026\/08\/seau-cisza-pol-przy-sasinie-0814.jpg\",\"contentUrl\":\"https:\/\/seausasino.pl\/news\/wp-content\/uploads\/2026\/08\/seau-cisza-pol-przy-sasinie-0814.jpg\",\"width\":1920,\"height\":1280},{\"@type\":\"BreadcrumbList\",\"@id\":\"https:\/\/seausasino.pl\/news\/pl\/2026\/08\/cisza-pol-przy-sasinie-0814\/#breadcrumb\",\"itemListElement\":[{\"@type\":\"ListItem\",\"position\":1,\"name\":\"Strona g\u0142\u00f3wna\",\"item\":\"https:\/\/seausasino.pl\/news\/pl\/\"},{\"@type\":\"ListItem\",\"position\":2,\"name\":\"Dom nad morzem, cisza p\u00f3l przy Sasinie\"}]},{\"@type\":\"WebSite\",\"@id\":\"https:\/\/seausasino.pl\/news\/#website\",\"url\":\"https:\/\/seausasino.pl\/news\/\",\"name\":\"SeaUSasino\",\"description\":\"Blog\",\"publisher\":{\"@id\":\"https:\/\/seausasino.pl\/news\/#organization\"},\"potentialAction\":[{\"@type\":\"SearchAction\",\"target\":{\"@type\":\"EntryPoint\",\"urlTemplate\":\"https:\/\/seausasino.pl\/news\/?s={search_term_string}\"},\"query-input\":\"required name=search_term_string\"}],\"inLanguage\":\"pl-PL\"},{\"@type\":\"Organization\",\"@id\":\"https:\/\/seausasino.pl\/news\/#organization\",\"name\":\"SeaUSasino\",\"url\":\"https:\/\/seausasino.pl\/news\/\",\"logo\":{\"@type\":\"ImageObject\",\"inLanguage\":\"pl-PL\",\"@id\":\"https:\/\/seausasino.pl\/news\/#\/schema\/logo\/image\/\",\"url\":\"https:\/\/seausasino.pl\/news\/wp-content\/uploads\/2022\/09\/06-2.jpg\",\"contentUrl\":\"https:\/\/seausasino.pl\/news\/wp-content\/uploads\/2022\/09\/06-2.jpg\",\"width\":853,\"height\":1280,\"caption\":\"SeaUSasino\"},\"image\":{\"@id\":\"https:\/\/seausasino.pl\/news\/#\/schema\/logo\/image\/\"},\"sameAs\":[\"https:\/\/www.facebook.com\/sasinoapartments4rent\",\"https:\/\/www.instagram.com\/seausasino\"]},{\"@type\":\"Person\",\"@id\":\"https:\/\/seausasino.pl\/news\/#\/schema\/person\/83768b5304ac25a7aec12584e5bafa66\",\"name\":\"admin\",\"image\":{\"@type\":\"ImageObject\",\"inLanguage\":\"pl-PL\",\"@id\":\"https:\/\/seausasino.pl\/news\/#\/schema\/person\/image\/\",\"url\":\"https:\/\/secure.gravatar.com\/avatar\/fc9bb3bac2b6959872cb274c84c62cf23e37f06526382b7da0d744fac7f387cb?s=96&d=mm&r=g\",\"contentUrl\":\"https:\/\/secure.gravatar.com\/avatar\/fc9bb3bac2b6959872cb274c84c62cf23e37f06526382b7da0d744fac7f387cb?s=96&d=mm&r=g\",\"caption\":\"admin\"},\"url\":\"https:\/\/seausasino.pl\/news\/author\/admin\/\"}]}<\/script>\n<!-- \/ Yoast SEO plugin. -->","yoast_head_json":{"title":"SEAUSASINO.PL - Dom nad morzem, cisza p\u00f3l przy Sasinie","description":"Kameralne domy nad morzem w okolicach \u0141eby, tu\u017c przy polach ko\u0142o Sasina. Wieczorna cisza, zach\u00f3d s\u0142o\u0144ca nad wiatrakiem i bele siana na horyzoncie.","robots":{"index":"index","follow":"follow","max-snippet":"max-snippet:-1","max-image-preview":"max-image-preview:large","max-video-preview":"max-video-preview:-1"},"canonical":"https:\/\/seausasino.pl\/news\/pl\/2026\/08\/cisza-pol-przy-sasinie-0814\/","og_locale":"pl_PL","og_type":"article","og_title":"SEAUSASINO.PL - Dom nad morzem, cisza p\u00f3l przy Sasinie","og_description":"Kameralne domy nad morzem w okolicach \u0141eby, tu\u017c przy polach ko\u0142o Sasina. Wieczorna cisza, zach\u00f3d s\u0142o\u0144ca nad wiatrakiem i bele siana na horyzoncie.","og_url":"https:\/\/seausasino.pl\/news\/pl\/2026\/08\/cisza-pol-przy-sasinie-0814\/","og_site_name":"SeaUSasino","article_publisher":"https:\/\/www.facebook.com\/sasinoapartments4rent","article_published_time":"2026-08-14T10:16:01+00:00","og_image":[{"width":1920,"height":1280,"url":"https:\/\/seausasino.pl\/news\/wp-content\/uploads\/2026\/08\/seau-cisza-pol-przy-sasinie-0814.jpg","type":"image\/jpeg"}],"author":"admin","twitter_card":"summary_large_image","twitter_misc":{"Napisane przez":"admin","Szacowany czas czytania":"2 minuty"},"schema":{"@context":"https:\/\/schema.org","@graph":[{"@type":"Article","@id":"https:\/\/seausasino.pl\/news\/pl\/2026\/08\/cisza-pol-przy-sasinie-0814\/#article","isPartOf":{"@id":"https:\/\/seausasino.pl\/news\/pl\/2026\/08\/cisza-pol-przy-sasinie-0814\/"},"author":{"name":"admin","@id":"https:\/\/seausasino.pl\/news\/#\/schema\/person\/83768b5304ac25a7aec12584e5bafa66"},"headline":"Dom nad morzem, cisza p\u00f3l przy Sasinie","datePublished":"2026-08-14T10:16:01+00:00","dateModified":"2026-08-14T10:16:01+00:00","mainEntityOfPage":{"@id":"https:\/\/seausasino.pl\/news\/pl\/2026\/08\/cisza-pol-przy-sasinie-0814\/"},"wordCount":444,"publisher":{"@id":"https:\/\/seausasino.pl\/news\/#organization"},"image":{"@id":"https:\/\/seausasino.pl\/news\/pl\/2026\/08\/cisza-pol-przy-sasinie-0814\/#primaryimage"},"thumbnailUrl":"https:\/\/seausasino.pl\/news\/wp-content\/uploads\/2026\/08\/seau-cisza-pol-przy-sasinie-0814.jpg","inLanguage":"pl-PL"},{"@type":"WebPage","@id":"https:\/\/seausasino.pl\/news\/pl\/2026\/08\/cisza-pol-przy-sasinie-0814\/","url":"https:\/\/seausasino.pl\/news\/pl\/2026\/08\/cisza-pol-przy-sasinie-0814\/","name":"SEAUSASINO.PL - Dom nad morzem, cisza p\u00f3l przy Sasinie","isPartOf":{"@id":"https:\/\/seausasino.pl\/news\/#website"},"primaryImageOfPage":{"@id":"https:\/\/seausasino.pl\/news\/pl\/2026\/08\/cisza-pol-przy-sasinie-0814\/#primaryimage"},"image":{"@id":"https:\/\/seausasino.pl\/news\/pl\/2026\/08\/cisza-pol-przy-sasinie-0814\/#primaryimage"},"thumbnailUrl":"https:\/\/seausasino.pl\/news\/wp-content\/uploads\/2026\/08\/seau-cisza-pol-przy-sasinie-0814.jpg","datePublished":"2026-08-14T10:16:01+00:00","dateModified":"2026-08-14T10:16:01+00:00","description":"Kameralne domy nad morzem w okolicach \u0141eby, tu\u017c przy polach ko\u0142o Sasina. Wieczorna cisza, zach\u00f3d s\u0142o\u0144ca nad wiatrakiem i bele siana na horyzoncie.","breadcrumb":{"@id":"https:\/\/seausasino.pl\/news\/pl\/2026\/08\/cisza-pol-przy-sasinie-0814\/#breadcrumb"},"inLanguage":"pl-PL","potentialAction":[{"@type":"ReadAction","target":["https:\/\/seausasino.pl\/news\/pl\/2026\/08\/cisza-pol-przy-sasinie-0814\/"]}]},{"@type":"ImageObject","inLanguage":"pl-PL","@id":"https:\/\/seausasino.pl\/news\/pl\/2026\/08\/cisza-pol-przy-sasinie-0814\/#primaryimage","url":"https:\/\/seausasino.pl\/news\/wp-content\/uploads\/2026\/08\/seau-cisza-pol-przy-sasinie-0814.jpg","contentUrl":"https:\/\/seausasino.pl\/news\/wp-content\/uploads\/2026\/08\/seau-cisza-pol-przy-sasinie-0814.jpg","width":1920,"height":1280},{"@type":"BreadcrumbList","@id":"https:\/\/seausasino.pl\/news\/pl\/2026\/08\/cisza-pol-przy-sasinie-0814\/#breadcrumb","itemListElement":[{"@type":"ListItem","position":1,"name":"Strona g\u0142\u00f3wna","item":"https:\/\/seausasino.pl\/news\/pl\/"},{"@type":"ListItem","position":2,"name":"Dom nad morzem, cisza p\u00f3l przy Sasinie"}]},{"@type":"WebSite","@id":"https:\/\/seausasino.pl\/news\/#website","url":"https:\/\/seausasino.pl\/news\/","name":"SeaUSasino","description":"Blog","publisher":{"@id":"https:\/\/seausasino.pl\/news\/#organization"},"potentialAction":[{"@type":"SearchAction","target":{"@type":"EntryPoint","urlTemplate":"https:\/\/seausasino.pl\/news\/?s={search_term_string}"},"query-input":"required name=search_term_string"}],"inLanguage":"pl-PL"},{"@type":"Organization","@id":"https:\/\/seausasino.pl\/news\/#organization","name":"SeaUSasino","url":"https:\/\/seausasino.pl\/news\/","logo":{"@type":"ImageObject","inLanguage":"pl-PL","@id":"https:\/\/seausasino.pl\/news\/#\/schema\/logo\/image\/","url":"https:\/\/seausasino.pl\/news\/wp-content\/uploads\/2022\/09\/06-2.jpg","contentUrl":"https:\/\/seausasino.pl\/news\/wp-content\/uploads\/2022\/09\/06-2.jpg","width":853,"height":1280,"caption":"SeaUSasino"},"image":{"@id":"https:\/\/seausasino.pl\/news\/#\/schema\/logo\/image\/"},"sameAs":["https:\/\/www.facebook.com\/sasinoapartments4rent","https:\/\/www.instagram.com\/seausasino"]},{"@type":"Person","@id":"https:\/\/seausasino.pl\/news\/#\/schema\/person\/83768b5304ac25a7aec12584e5bafa66","name":"admin","image":{"@type":"ImageObject","inLanguage":"pl-PL","@id":"https:\/\/seausasino.pl\/news\/#\/schema\/person\/image\/","url":"https:\/\/secure.gravatar.com\/avatar\/fc9bb3bac2b6959872cb274c84c62cf23e37f06526382b7da0d744fac7f387cb?s=96&d=mm&r=g","contentUrl":"https:\/\/secure.gravatar.com\/avatar\/fc9bb3bac2b6959872cb274c84c62cf23e37f06526382b7da0d744fac7f387cb?s=96&d=mm&r=g","caption":"admin"},"url":"https:\/\/seausasino.pl\/news\/author\/admin\/"}]}},"_links":{"self":[{"href":"https:\/\/seausasino.pl\/news\/wp-json\/wp\/v2\/posts\/4503","targetHints":{"allow":["GET"]}}],"collection":[{"href":"https:\/\/seausasino.pl\/news\/wp-json\/wp\/v2\/posts"}],"about":[{"href":"https:\/\/seausasino.pl\/news\/wp-json\/wp\/v2\/types\/post"}],"author":[{"embeddable":true,"href":"https:\/\/seausasino.pl\/news\/wp-json\/wp\/v2\/users\/1"}],"replies":[{"embeddable":true,"href":"https:\/\/seausasino.pl\/news\/wp-json\/wp\/v2\/comments?post=4503"}],"version-history":[{"count":0,"href":"https:\/\/seausasino.pl\/news\/wp-json\/wp\/v2\/posts\/4503\/revisions"}],"wp:featuredmedia":[{"embeddable":true,"href":"https:\/\/seausasino.pl\/news\/wp-json\/wp\/v2\/media\/4502"}],"wp:attachment":[{"href":"https:\/\/seausasino.pl\/news\/wp-json\/wp\/v2\/media?parent=4503"}],"wp:term":[{"taxonomy":"category","embeddable":true,"href":"https:\/\/seausasino.pl\/news\/wp-json\/wp\/v2\/categories?post=4503"},{"taxonomy":"post_tag","embeddable":true,"href":"https:\/\/seausasino.pl\/news\/wp-json\/wp\/v2\/tags?post=4503"}],"curies":[{"name":"wp","href":"https:\/\/api.w.org\/{rel}","templated":true}]}}