{"id":4495,"date":"2026-08-12T16:16:13","date_gmt":"2026-08-12T14:16:13","guid":{"rendered":"https:\/\/blog.seausasino.pl\/2026\/08\/kolorowy-wieczor-ogrod-sasino-0812\/"},"modified":"2026-08-12T16:16:13","modified_gmt":"2026-08-12T14:16:13","slug":"kolorowy-wieczor-ogrod-sasino-0812","status":"publish","type":"post","link":"https:\/\/seausasino.pl\/news\/pl\/2026\/08\/kolorowy-wieczor-ogrod-sasino-0812\/","title":{"rendered":"Kolorowy wiecz\u00f3r w ogrodzie domu w Sasinie"},"content":{"rendered":"<figure style=\"margin:0 auto;max-width:720px;\"><img decoding=\"async\" src=\"https:\/\/riceayyncripijgnlhzv.supabase.co\/storage\/v1\/object\/public\/content-studio\/seausasino-biblioteka\/szuflada-20220622202633-4272ED.jpg\" alt=\"Kolorowy wiecz\u00f3r w ogrodzie domu w Sasinie\" style=\"width:100%;aspect-ratio:4\/5;object-fit:cover;display:block;\" \/><\/figure>\n<p>Zmierzch w Sasinie ma sw\u00f3j w\u0142asny rytm. Najpierw ga\u015bnie \u015bwiat\u0142o nad lasem, potem cichnie ptactwo, a na ko\u0144cu ogr\u00f3d przy domu zaczyna \u017cy\u0107 w\u0142asnym, zupe\u0142nie innym \u017cyciem. Dzi\u015b wieczorem trawnik przed jednym z naszych dom\u00f3w roz\u015bwietli\u0142 si\u0119 kolorami, kt\u00f3re trudno opisa\u0107 jednym s\u0142owem &#8211; czerwie\u0144 na li\u015bciach klonu, g\u0142\u0119boki granat w\u015br\u00f3d krzew\u00f3w, plamy zieleni i \u017c\u00f3\u0142ci przebijaj\u0105ce si\u0119 przez ga\u0142\u0119zie. Na pierwszym planie stoi gliniana kula ogrodowa z wyci\u0119tym w niej wzorem &#8211; w \u015brodku pali si\u0119 ma\u0142e \u015bwiat\u0142o, kt\u00f3re s\u0105czy si\u0119 przez otwory pomara\u0144czowym blaskiem, jakby kto\u015b zostawi\u0142 na trawie ma\u0142y latarnik.<\/p>\n<p>To w\u0142a\u015bnie takie kadry najlepiej pokazuj\u0105, dlaczego <strong>domy nad morzem w okolicach \u0141eby<\/strong> maj\u0105 sens nie tylko w sezonie pla\u017cowym. Wieczorem, kiedy dzie\u0144 och\u0142adza si\u0119, a niebo robi si\u0119 granatowe, ogr\u00f3d przy domu w Sasinie staje si\u0119 osobnym, kameralnym \u015bwiatem &#8211; z dala od zgie\u0142ku, z widokiem, kt\u00f3ry zmienia si\u0119 co kilkana\u015bcie minut wraz z zapadaj\u0105cym zmrokiem.<\/p>\n<h2>Jak wygl\u0105da wiecz\u00f3r w ogrodzie w Sasinie?<\/h2>\n<p>Nasze domy stoj\u0105 w otoczeniu zieleni na tyle g\u0119stej, \u017ce wieczorem trudno dostrzec s\u0105siednie dzia\u0142ki &#8211; a jednocze\u015bnie na tyle uporz\u0105dkowanej, \u017ce taras i trawnik s\u0105 w pe\u0142ni wasze. To w\u0142a\u015bnie ta kombinacja &#8211; las tu\u017c obok, a jednocze\u015bnie zadbany, prywatny ogr\u00f3d &#8211; sprawia, \u017ce wieczory tutaj maj\u0105 sw\u00f3j charakter. Delikatne o\u015bwietlenie punktowe wydobywa z ciemno\u015bci detale, kt\u00f3rych w ci\u0105gu dnia si\u0119 nie zauwa\u017ca: faktur\u0119 li\u015bci, kolor kory, kszta\u0142t krzewu przyci\u0119ty w nietypowy spos\u00f3b. Kiedy s\u0142o\u0144ce ju\u017c zniknie, a niebo przechodzi przez wszystkie odcienie granatu, warto wyj\u015b\u0107 na chwil\u0119 na taras z kubkiem czego\u015b ciep\u0142ego i po prostu popatrze\u0107.<\/p>\n<h2>Dlaczego warto zosta\u0107 na wiecz\u00f3r d\u0142u\u017cej ni\u017c jeden dzie\u0144?<\/h2>\n<p>Sasino nie jest miejscem, kt\u00f3re trzeba zwiedzi\u0107 w jeden dzie\u0144. To raczej miejsce, w kt\u00f3rym warto zosta\u0107 na kilka wieczor\u00f3w i obserwowa\u0107, jak zmienia si\u0119 \u015bwiat\u0142o &#8211; inaczej wygl\u0105da ogr\u00f3d o zachodzie s\u0142o\u0144ca w sierpniu, inaczej we wrze\u015bniu, kiedy powietrze robi si\u0119 ch\u0142odniejsze i szybciej robi si\u0119 ciemno. Dla go\u015bci, kt\u00f3rzy szukaj\u0105 <strong>dom z kominkiem<\/strong> na d\u0142u\u017cszy pobyt, taki wiecz\u00f3r w ogrodzie to naturalne przed\u0142u\u017cenie dnia sp\u0119dzonego na pla\u017cy Stilo czy w sosnowym lesie. Po powrocie z pla\u017cy, zanim rozpali si\u0119 ogie\u0144 w kominku, wystarczy kilka minut w ogrodzie, \u017ceby poczu\u0107, \u017ce dzie\u0144 naprawd\u0119 si\u0119 ko\u0144czy.<\/p>\n<p>Poni\u017cej mo\u017cecie zobaczy\u0107 kr\u00f3tki film z tego wieczoru &#8211; kolory w ogrodzie wychodz\u0105 na nagraniu jeszcze wyra\u017aniej ni\u017c na zdj\u0119ciu, a spok\u00f3j tego miejsca chyba najlepiej oddaje w\u0142a\u015bnie ruchomy obraz, a nie opis.<\/p>\n<h2>Co warto wiedzie\u0107, planuj\u0105c wiecz\u00f3r w Sasinie?<\/h2>\n<p>Je\u015bli szukacie miejsca, gdzie <strong>Sasino noclegi<\/strong> \u0142\u0105cz\u0105 si\u0119 z realnym kontaktem z przyrod\u0105 &#8211; las tu\u017c za ogrodem, cisza przerywana jedynie szumem sosen i odg\u0142osami z pobliskiego Kopalina &#8211; to w\u0142a\u015bnie taki klimat czeka na go\u015bci ka\u017cdego wieczoru, niezale\u017cnie od pory roku. Ogr\u00f3d zmienia si\u0119 z sezonu na sezon, ale ta charakterystyczna, kameralna atmosfera zostaje zawsze taka sama.<\/p>\n<p style=\"text-align:center;\"><video controls preload=\"metadata\" style=\"width:100%;max-width:540px;aspect-ratio:9\/16;object-fit:cover;\" src=\"https:\/\/riceayyncripijgnlhzv.supabase.co\/storage\/v1\/object\/public\/content-studio\/seausasino-reels\/reel-plaza-01.mp4\"><\/video><\/p>\n<h2>Wolne terminy w SeaUSasino<\/h2>\n<p>\ud83d\udccd Najbli\u017cszy wolny termin: <strong>12.08.2026<\/strong><\/p>\n<p>Cztery ca\u0142oroczne, luksusowe domy z drewna w Sasinie \u2014 ka\u017cdy dla o\u015bmiu os\u00f3b, z kominkiem i prywatnym ogrodem, spacer sosnowym lasem od pla\u017cy Stilo. Sprawd\u017a dost\u0119pno\u015b\u0107 i <a href=\"https:\/\/seausasino.pl\">zarezerwuj na seausasino.pl<\/a>.<\/p>\n","protected":false},"excerpt":{"rendered":"<p>Kolorowe \u015bwiat\u0142a w ogrodzie, gliniany lampion i cisza sosnowego lasu. Zobacz, jak wygl\u0105da wiecz\u00f3r przy domu z kominkiem w Sasinie. Sprawd\u017a terminy.<\/p>\n","protected":false},"author":1,"featured_media":4494,"comment_status":"closed","ping_status":"closed","sticky":false,"template":"","format":"standard","meta":{"_yoast_wpseo_focuskw":"","_yoast_wpseo_title":"SEAUSASINO.PL - Wiecz\u00f3r w ogrodzie domu w Sasinie","_yoast_wpseo_metadesc":"Kolorowe \u015bwiat\u0142a w ogrodzie, gliniany lampion i cisza sosnowego lasu. Zobacz, jak wygl\u0105da wiecz\u00f3r przy domu z kominkiem w Sasinie. Sprawd\u017a terminy.","seau_keywords":"Sasino noclegi, dom z kominkiem, domy nad morzem w okolicach \u0141eby, Sasino domki, ogr\u00f3d w Sasinie, wiecz\u00f3r nad morzem, Kopalino","footnotes":""},"categories":[12],"tags":[],"class_list":["post-4495","post","type-post","status-publish","format-standard","has-post-thumbnail","hentry","category-bez-kategorii-pl"],"yoast_head":"<!-- This site is optimized with the Yoast SEO plugin v22.6 - https:\/\/yoast.com\/wordpress\/plugins\/seo\/ -->\n<title>SEAUSASINO.PL - Wiecz\u00f3r w ogrodzie domu w Sasinie<\/title>\n<meta name=\"description\" content=\"Kolorowe \u015bwiat\u0142a w ogrodzie, gliniany lampion i cisza sosnowego lasu. Zobacz, jak wygl\u0105da wiecz\u00f3r przy domu z kominkiem w Sasinie. Sprawd\u017a terminy.\" \/>\n<meta name=\"robots\" content=\"index, follow, max-snippet:-1, max-image-preview:large, max-video-preview:-1\" \/>\n<link rel=\"canonical\" href=\"https:\/\/seausasino.pl\/news\/pl\/2026\/08\/kolorowy-wieczor-ogrod-sasino-0812\/\" \/>\n<meta property=\"og:locale\" content=\"pl_PL\" \/>\n<meta property=\"og:type\" content=\"article\" \/>\n<meta property=\"og:title\" content=\"SEAUSASINO.PL - Wiecz\u00f3r w ogrodzie domu w Sasinie\" \/>\n<meta property=\"og:description\" content=\"Kolorowe \u015bwiat\u0142a w ogrodzie, gliniany lampion i cisza sosnowego lasu. Zobacz, jak wygl\u0105da wiecz\u00f3r przy domu z kominkiem w Sasinie. Sprawd\u017a terminy.\" \/>\n<meta property=\"og:url\" content=\"https:\/\/seausasino.pl\/news\/pl\/2026\/08\/kolorowy-wieczor-ogrod-sasino-0812\/\" \/>\n<meta property=\"og:site_name\" content=\"SeaUSasino\" \/>\n<meta property=\"article:publisher\" content=\"https:\/\/www.facebook.com\/sasinoapartments4rent\" \/>\n<meta property=\"article:published_time\" content=\"2026-08-12T14:16:13+00:00\" \/>\n<meta property=\"og:image\" content=\"https:\/\/seausasino.pl\/news\/wp-content\/uploads\/2026\/08\/seau-kolorowy-wieczor-ogrod-sasino-0812.jpg\" \/>\n\t<meta property=\"og:image:width\" content=\"1280\" \/>\n\t<meta property=\"og:image:height\" content=\"1920\" \/>\n\t<meta property=\"og:image:type\" content=\"image\/jpeg\" \/>\n<meta name=\"author\" content=\"admin\" \/>\n<meta name=\"twitter:card\" content=\"summary_large_image\" \/>\n<meta name=\"twitter:label1\" content=\"Napisane przez\" \/>\n\t<meta name=\"twitter:data1\" content=\"admin\" \/>\n\t<meta name=\"twitter:label2\" content=\"Szacowany czas czytania\" \/>\n\t<meta name=\"twitter:data2\" content=\"3 minuty\" \/>\n<script type=\"application\/ld+json\" class=\"yoast-schema-graph\">{\"@context\":\"https:\/\/schema.org\",\"@graph\":[{\"@type\":\"Article\",\"@id\":\"https:\/\/seausasino.pl\/news\/pl\/2026\/08\/kolorowy-wieczor-ogrod-sasino-0812\/#article\",\"isPartOf\":{\"@id\":\"https:\/\/seausasino.pl\/news\/pl\/2026\/08\/kolorowy-wieczor-ogrod-sasino-0812\/\"},\"author\":{\"name\":\"admin\",\"@id\":\"https:\/\/seausasino.pl\/news\/#\/schema\/person\/83768b5304ac25a7aec12584e5bafa66\"},\"headline\":\"Kolorowy wiecz\u00f3r w ogrodzie domu w Sasinie\",\"datePublished\":\"2026-08-12T14:16:13+00:00\",\"dateModified\":\"2026-08-12T14:16:13+00:00\",\"mainEntityOfPage\":{\"@id\":\"https:\/\/seausasino.pl\/news\/pl\/2026\/08\/kolorowy-wieczor-ogrod-sasino-0812\/\"},\"wordCount\":613,\"publisher\":{\"@id\":\"https:\/\/seausasino.pl\/news\/#organization\"},\"image\":{\"@id\":\"https:\/\/seausasino.pl\/news\/pl\/2026\/08\/kolorowy-wieczor-ogrod-sasino-0812\/#primaryimage\"},\"thumbnailUrl\":\"https:\/\/seausasino.pl\/news\/wp-content\/uploads\/2026\/08\/seau-kolorowy-wieczor-ogrod-sasino-0812.jpg\",\"inLanguage\":\"pl-PL\"},{\"@type\":\"WebPage\",\"@id\":\"https:\/\/seausasino.pl\/news\/pl\/2026\/08\/kolorowy-wieczor-ogrod-sasino-0812\/\",\"url\":\"https:\/\/seausasino.pl\/news\/pl\/2026\/08\/kolorowy-wieczor-ogrod-sasino-0812\/\",\"name\":\"SEAUSASINO.PL - Wiecz\u00f3r w ogrodzie domu w Sasinie\",\"isPartOf\":{\"@id\":\"https:\/\/seausasino.pl\/news\/#website\"},\"primaryImageOfPage\":{\"@id\":\"https:\/\/seausasino.pl\/news\/pl\/2026\/08\/kolorowy-wieczor-ogrod-sasino-0812\/#primaryimage\"},\"image\":{\"@id\":\"https:\/\/seausasino.pl\/news\/pl\/2026\/08\/kolorowy-wieczor-ogrod-sasino-0812\/#primaryimage\"},\"thumbnailUrl\":\"https:\/\/seausasino.pl\/news\/wp-content\/uploads\/2026\/08\/seau-kolorowy-wieczor-ogrod-sasino-0812.jpg\",\"datePublished\":\"2026-08-12T14:16:13+00:00\",\"dateModified\":\"2026-08-12T14:16:13+00:00\",\"description\":\"Kolorowe \u015bwiat\u0142a w ogrodzie, gliniany lampion i cisza sosnowego lasu. Zobacz, jak wygl\u0105da wiecz\u00f3r przy domu z kominkiem w Sasinie. Sprawd\u017a terminy.\",\"breadcrumb\":{\"@id\":\"https:\/\/seausasino.pl\/news\/pl\/2026\/08\/kolorowy-wieczor-ogrod-sasino-0812\/#breadcrumb\"},\"inLanguage\":\"pl-PL\",\"potentialAction\":[{\"@type\":\"ReadAction\",\"target\":[\"https:\/\/seausasino.pl\/news\/pl\/2026\/08\/kolorowy-wieczor-ogrod-sasino-0812\/\"]}]},{\"@type\":\"ImageObject\",\"inLanguage\":\"pl-PL\",\"@id\":\"https:\/\/seausasino.pl\/news\/pl\/2026\/08\/kolorowy-wieczor-ogrod-sasino-0812\/#primaryimage\",\"url\":\"https:\/\/seausasino.pl\/news\/wp-content\/uploads\/2026\/08\/seau-kolorowy-wieczor-ogrod-sasino-0812.jpg\",\"contentUrl\":\"https:\/\/seausasino.pl\/news\/wp-content\/uploads\/2026\/08\/seau-kolorowy-wieczor-ogrod-sasino-0812.jpg\",\"width\":1280,\"height\":1920},{\"@type\":\"BreadcrumbList\",\"@id\":\"https:\/\/seausasino.pl\/news\/pl\/2026\/08\/kolorowy-wieczor-ogrod-sasino-0812\/#breadcrumb\",\"itemListElement\":[{\"@type\":\"ListItem\",\"position\":1,\"name\":\"Strona g\u0142\u00f3wna\",\"item\":\"https:\/\/seausasino.pl\/news\/pl\/\"},{\"@type\":\"ListItem\",\"position\":2,\"name\":\"Kolorowy wiecz\u00f3r w ogrodzie domu w Sasinie\"}]},{\"@type\":\"WebSite\",\"@id\":\"https:\/\/seausasino.pl\/news\/#website\",\"url\":\"https:\/\/seausasino.pl\/news\/\",\"name\":\"SeaUSasino\",\"description\":\"Blog\",\"publisher\":{\"@id\":\"https:\/\/seausasino.pl\/news\/#organization\"},\"potentialAction\":[{\"@type\":\"SearchAction\",\"target\":{\"@type\":\"EntryPoint\",\"urlTemplate\":\"https:\/\/seausasino.pl\/news\/?s={search_term_string}\"},\"query-input\":\"required name=search_term_string\"}],\"inLanguage\":\"pl-PL\"},{\"@type\":\"Organization\",\"@id\":\"https:\/\/seausasino.pl\/news\/#organization\",\"name\":\"SeaUSasino\",\"url\":\"https:\/\/seausasino.pl\/news\/\",\"logo\":{\"@type\":\"ImageObject\",\"inLanguage\":\"pl-PL\",\"@id\":\"https:\/\/seausasino.pl\/news\/#\/schema\/logo\/image\/\",\"url\":\"https:\/\/seausasino.pl\/news\/wp-content\/uploads\/2022\/09\/06-2.jpg\",\"contentUrl\":\"https:\/\/seausasino.pl\/news\/wp-content\/uploads\/2022\/09\/06-2.jpg\",\"width\":853,\"height\":1280,\"caption\":\"SeaUSasino\"},\"image\":{\"@id\":\"https:\/\/seausasino.pl\/news\/#\/schema\/logo\/image\/\"},\"sameAs\":[\"https:\/\/www.facebook.com\/sasinoapartments4rent\",\"https:\/\/www.instagram.com\/seausasino\"]},{\"@type\":\"Person\",\"@id\":\"https:\/\/seausasino.pl\/news\/#\/schema\/person\/83768b5304ac25a7aec12584e5bafa66\",\"name\":\"admin\",\"image\":{\"@type\":\"ImageObject\",\"inLanguage\":\"pl-PL\",\"@id\":\"https:\/\/seausasino.pl\/news\/#\/schema\/person\/image\/\",\"url\":\"https:\/\/secure.gravatar.com\/avatar\/fc9bb3bac2b6959872cb274c84c62cf23e37f06526382b7da0d744fac7f387cb?s=96&d=mm&r=g\",\"contentUrl\":\"https:\/\/secure.gravatar.com\/avatar\/fc9bb3bac2b6959872cb274c84c62cf23e37f06526382b7da0d744fac7f387cb?s=96&d=mm&r=g\",\"caption\":\"admin\"},\"url\":\"https:\/\/seausasino.pl\/news\/author\/admin\/\"}]}<\/script>\n<!-- \/ Yoast SEO plugin. -->","yoast_head_json":{"title":"SEAUSASINO.PL - Wiecz\u00f3r w ogrodzie domu w Sasinie","description":"Kolorowe \u015bwiat\u0142a w ogrodzie, gliniany lampion i cisza sosnowego lasu. Zobacz, jak wygl\u0105da wiecz\u00f3r przy domu z kominkiem w Sasinie. Sprawd\u017a terminy.","robots":{"index":"index","follow":"follow","max-snippet":"max-snippet:-1","max-image-preview":"max-image-preview:large","max-video-preview":"max-video-preview:-1"},"canonical":"https:\/\/seausasino.pl\/news\/pl\/2026\/08\/kolorowy-wieczor-ogrod-sasino-0812\/","og_locale":"pl_PL","og_type":"article","og_title":"SEAUSASINO.PL - Wiecz\u00f3r w ogrodzie domu w Sasinie","og_description":"Kolorowe \u015bwiat\u0142a w ogrodzie, gliniany lampion i cisza sosnowego lasu. Zobacz, jak wygl\u0105da wiecz\u00f3r przy domu z kominkiem w Sasinie. Sprawd\u017a terminy.","og_url":"https:\/\/seausasino.pl\/news\/pl\/2026\/08\/kolorowy-wieczor-ogrod-sasino-0812\/","og_site_name":"SeaUSasino","article_publisher":"https:\/\/www.facebook.com\/sasinoapartments4rent","article_published_time":"2026-08-12T14:16:13+00:00","og_image":[{"width":1280,"height":1920,"url":"https:\/\/seausasino.pl\/news\/wp-content\/uploads\/2026\/08\/seau-kolorowy-wieczor-ogrod-sasino-0812.jpg","type":"image\/jpeg"}],"author":"admin","twitter_card":"summary_large_image","twitter_misc":{"Napisane przez":"admin","Szacowany czas czytania":"3 minuty"},"schema":{"@context":"https:\/\/schema.org","@graph":[{"@type":"Article","@id":"https:\/\/seausasino.pl\/news\/pl\/2026\/08\/kolorowy-wieczor-ogrod-sasino-0812\/#article","isPartOf":{"@id":"https:\/\/seausasino.pl\/news\/pl\/2026\/08\/kolorowy-wieczor-ogrod-sasino-0812\/"},"author":{"name":"admin","@id":"https:\/\/seausasino.pl\/news\/#\/schema\/person\/83768b5304ac25a7aec12584e5bafa66"},"headline":"Kolorowy wiecz\u00f3r w ogrodzie domu w Sasinie","datePublished":"2026-08-12T14:16:13+00:00","dateModified":"2026-08-12T14:16:13+00:00","mainEntityOfPage":{"@id":"https:\/\/seausasino.pl\/news\/pl\/2026\/08\/kolorowy-wieczor-ogrod-sasino-0812\/"},"wordCount":613,"publisher":{"@id":"https:\/\/seausasino.pl\/news\/#organization"},"image":{"@id":"https:\/\/seausasino.pl\/news\/pl\/2026\/08\/kolorowy-wieczor-ogrod-sasino-0812\/#primaryimage"},"thumbnailUrl":"https:\/\/seausasino.pl\/news\/wp-content\/uploads\/2026\/08\/seau-kolorowy-wieczor-ogrod-sasino-0812.jpg","inLanguage":"pl-PL"},{"@type":"WebPage","@id":"https:\/\/seausasino.pl\/news\/pl\/2026\/08\/kolorowy-wieczor-ogrod-sasino-0812\/","url":"https:\/\/seausasino.pl\/news\/pl\/2026\/08\/kolorowy-wieczor-ogrod-sasino-0812\/","name":"SEAUSASINO.PL - Wiecz\u00f3r w ogrodzie domu w Sasinie","isPartOf":{"@id":"https:\/\/seausasino.pl\/news\/#website"},"primaryImageOfPage":{"@id":"https:\/\/seausasino.pl\/news\/pl\/2026\/08\/kolorowy-wieczor-ogrod-sasino-0812\/#primaryimage"},"image":{"@id":"https:\/\/seausasino.pl\/news\/pl\/2026\/08\/kolorowy-wieczor-ogrod-sasino-0812\/#primaryimage"},"thumbnailUrl":"https:\/\/seausasino.pl\/news\/wp-content\/uploads\/2026\/08\/seau-kolorowy-wieczor-ogrod-sasino-0812.jpg","datePublished":"2026-08-12T14:16:13+00:00","dateModified":"2026-08-12T14:16:13+00:00","description":"Kolorowe \u015bwiat\u0142a w ogrodzie, gliniany lampion i cisza sosnowego lasu. Zobacz, jak wygl\u0105da wiecz\u00f3r przy domu z kominkiem w Sasinie. Sprawd\u017a terminy.","breadcrumb":{"@id":"https:\/\/seausasino.pl\/news\/pl\/2026\/08\/kolorowy-wieczor-ogrod-sasino-0812\/#breadcrumb"},"inLanguage":"pl-PL","potentialAction":[{"@type":"ReadAction","target":["https:\/\/seausasino.pl\/news\/pl\/2026\/08\/kolorowy-wieczor-ogrod-sasino-0812\/"]}]},{"@type":"ImageObject","inLanguage":"pl-PL","@id":"https:\/\/seausasino.pl\/news\/pl\/2026\/08\/kolorowy-wieczor-ogrod-sasino-0812\/#primaryimage","url":"https:\/\/seausasino.pl\/news\/wp-content\/uploads\/2026\/08\/seau-kolorowy-wieczor-ogrod-sasino-0812.jpg","contentUrl":"https:\/\/seausasino.pl\/news\/wp-content\/uploads\/2026\/08\/seau-kolorowy-wieczor-ogrod-sasino-0812.jpg","width":1280,"height":1920},{"@type":"BreadcrumbList","@id":"https:\/\/seausasino.pl\/news\/pl\/2026\/08\/kolorowy-wieczor-ogrod-sasino-0812\/#breadcrumb","itemListElement":[{"@type":"ListItem","position":1,"name":"Strona g\u0142\u00f3wna","item":"https:\/\/seausasino.pl\/news\/pl\/"},{"@type":"ListItem","position":2,"name":"Kolorowy wiecz\u00f3r w ogrodzie domu w Sasinie"}]},{"@type":"WebSite","@id":"https:\/\/seausasino.pl\/news\/#website","url":"https:\/\/seausasino.pl\/news\/","name":"SeaUSasino","description":"Blog","publisher":{"@id":"https:\/\/seausasino.pl\/news\/#organization"},"potentialAction":[{"@type":"SearchAction","target":{"@type":"EntryPoint","urlTemplate":"https:\/\/seausasino.pl\/news\/?s={search_term_string}"},"query-input":"required name=search_term_string"}],"inLanguage":"pl-PL"},{"@type":"Organization","@id":"https:\/\/seausasino.pl\/news\/#organization","name":"SeaUSasino","url":"https:\/\/seausasino.pl\/news\/","logo":{"@type":"ImageObject","inLanguage":"pl-PL","@id":"https:\/\/seausasino.pl\/news\/#\/schema\/logo\/image\/","url":"https:\/\/seausasino.pl\/news\/wp-content\/uploads\/2022\/09\/06-2.jpg","contentUrl":"https:\/\/seausasino.pl\/news\/wp-content\/uploads\/2022\/09\/06-2.jpg","width":853,"height":1280,"caption":"SeaUSasino"},"image":{"@id":"https:\/\/seausasino.pl\/news\/#\/schema\/logo\/image\/"},"sameAs":["https:\/\/www.facebook.com\/sasinoapartments4rent","https:\/\/www.instagram.com\/seausasino"]},{"@type":"Person","@id":"https:\/\/seausasino.pl\/news\/#\/schema\/person\/83768b5304ac25a7aec12584e5bafa66","name":"admin","image":{"@type":"ImageObject","inLanguage":"pl-PL","@id":"https:\/\/seausasino.pl\/news\/#\/schema\/person\/image\/","url":"https:\/\/secure.gravatar.com\/avatar\/fc9bb3bac2b6959872cb274c84c62cf23e37f06526382b7da0d744fac7f387cb?s=96&d=mm&r=g","contentUrl":"https:\/\/secure.gravatar.com\/avatar\/fc9bb3bac2b6959872cb274c84c62cf23e37f06526382b7da0d744fac7f387cb?s=96&d=mm&r=g","caption":"admin"},"url":"https:\/\/seausasino.pl\/news\/author\/admin\/"}]}},"_links":{"self":[{"href":"https:\/\/seausasino.pl\/news\/wp-json\/wp\/v2\/posts\/4495","targetHints":{"allow":["GET"]}}],"collection":[{"href":"https:\/\/seausasino.pl\/news\/wp-json\/wp\/v2\/posts"}],"about":[{"href":"https:\/\/seausasino.pl\/news\/wp-json\/wp\/v2\/types\/post"}],"author":[{"embeddable":true,"href":"https:\/\/seausasino.pl\/news\/wp-json\/wp\/v2\/users\/1"}],"replies":[{"embeddable":true,"href":"https:\/\/seausasino.pl\/news\/wp-json\/wp\/v2\/comments?post=4495"}],"version-history":[{"count":0,"href":"https:\/\/seausasino.pl\/news\/wp-json\/wp\/v2\/posts\/4495\/revisions"}],"wp:featuredmedia":[{"embeddable":true,"href":"https:\/\/seausasino.pl\/news\/wp-json\/wp\/v2\/media\/4494"}],"wp:attachment":[{"href":"https:\/\/seausasino.pl\/news\/wp-json\/wp\/v2\/media?parent=4495"}],"wp:term":[{"taxonomy":"category","embeddable":true,"href":"https:\/\/seausasino.pl\/news\/wp-json\/wp\/v2\/categories?post=4495"},{"taxonomy":"post_tag","embeddable":true,"href":"https:\/\/seausasino.pl\/news\/wp-json\/wp\/v2\/tags?post=4495"}],"curies":[{"name":"wp","href":"https:\/\/api.w.org\/{rel}","templated":true}]}}