{"id":447,"date":"2021-06-11T14:03:38","date_gmt":"2021-06-11T12:03:38","guid":{"rendered":"http:\/\/blog.newseau.stage.gotoma.com.pl\/?p=447"},"modified":"2026-08-10T12:42:59","modified_gmt":"2026-08-10T10:42:59","slug":"stilo-plaza-latarnia-las-nieopodal","status":"publish","type":"post","link":"https:\/\/seausasino.pl\/news\/pl\/2021\/06\/stilo-plaza-latarnia-las-nieopodal\/","title":{"rendered":"Stilo-pla\u017ca, las&#8230; i oczywi\u015bcie Latarnia Morska&#8230;"},"content":{"rendered":"\n<p class=\"wp-block-paragraph\">Stilo &#8211; prawa odnoga wej\u015bcia na pla\u017ce &#8211; klasyczna barwna i chyba najszybsza trasa na pla\u017ce. Po drodze wej\u015bcie na Latarnie Morsk\u0105 Stilo, stary &#8211; nie dzia\u0142aj\u0105cy ju\u017c Buczek i \u015bwie\u017co odnowiona idealna trasa rowerowa Stilo-Pla\u017ca.<br>W 1989 roku wej\u015bcie to na pla\u017ce by\u0142o oko\u0142o 30 metr\u00f3w dalej &#8211; zakrywa\u0142o betonowy kloc, kt\u00f3ry zacz\u0105\u0142 ods\u0142ania\u0107 si\u0119 w 2004 roku.<br>Zej\u015bcie by\u0142o tak strome, \u017ce ledwie da\u0142o si\u0119 zej\u015b\u0107 urwiskiem na pla\u017ce. Wida\u0107, jak rokrocznie ubywa pla\u017cy. W 1989 roku po prawej stronie od wej\u015bcia &#8211; tu\u017c wzd\u0142u\u017c linii brzegu, na g\u00f3rze skarpy znajdowa\u0142a si\u0119 wie\u017ca stra\u017cnicza, kt\u00f3ra w wyniku osuni\u0119cia si\u0119 zar\u00f3wno komuny jak i skarpy &#8211; urwa\u0142a si\u0119 i zawali\u0142a. Resztki metalowych cz\u0119\u015bci rozkradli z\u0142omiarze\u2026.<\/p>\n\n\n\n<figure class=\"wp-block-gallery has-nested-images columns-default is-cropped wp-block-gallery-1 is-layout-flex wp-block-gallery-is-layout-flex\">\n<figure class=\"wp-block-image size-large\"><img fetchpriority=\"high\" decoding=\"async\" width=\"960\" height=\"640\" data-id=\"448\" src=\"http:\/\/blog.newseau.stage.gotoma.com.pl\/wp-content\/uploads\/2021\/06\/95662985_1097638973934449_4674387365513396224_n.jpg\" alt=\"\" class=\"wp-image-448\" srcset=\"https:\/\/seausasino.pl\/news\/wp-content\/uploads\/2021\/06\/95662985_1097638973934449_4674387365513396224_n.jpg 960w, https:\/\/seausasino.pl\/news\/wp-content\/uploads\/2021\/06\/95662985_1097638973934449_4674387365513396224_n-768x512.jpg 768w\" sizes=\"(max-width: 960px) 100vw, 960px\" \/><\/figure>\n\n\n\n<figure class=\"wp-block-image size-large\"><img decoding=\"async\" width=\"960\" height=\"640\" data-id=\"451\" src=\"http:\/\/blog.newseau.stage.gotoma.com.pl\/wp-content\/uploads\/2021\/06\/96257038_1097639297267750_2971727128103485440_n.jpg\" alt=\"\" class=\"wp-image-451\" srcset=\"https:\/\/seausasino.pl\/news\/wp-content\/uploads\/2021\/06\/96257038_1097639297267750_2971727128103485440_n.jpg 960w, https:\/\/seausasino.pl\/news\/wp-content\/uploads\/2021\/06\/96257038_1097639297267750_2971727128103485440_n-768x512.jpg 768w\" sizes=\"(max-width: 960px) 100vw, 960px\" \/><\/figure>\n<\/figure>\n\n\n\n<figure class=\"wp-block-gallery has-nested-images columns-default is-cropped wp-block-gallery-2 is-layout-flex wp-block-gallery-is-layout-flex\">\n<figure class=\"wp-block-image size-large\"><img decoding=\"async\" width=\"960\" height=\"640\" data-id=\"450\" src=\"http:\/\/blog.newseau.stage.gotoma.com.pl\/wp-content\/uploads\/2021\/06\/95700499_1097639173934429_6347618044629483520_n.jpg\" alt=\"\" class=\"wp-image-450\" srcset=\"https:\/\/seausasino.pl\/news\/wp-content\/uploads\/2021\/06\/95700499_1097639173934429_6347618044629483520_n.jpg 960w, https:\/\/seausasino.pl\/news\/wp-content\/uploads\/2021\/06\/95700499_1097639173934429_6347618044629483520_n-768x512.jpg 768w\" sizes=\"(max-width: 960px) 100vw, 960px\" \/><\/figure>\n\n\n\n<figure class=\"wp-block-image size-large\"><img loading=\"lazy\" decoding=\"async\" width=\"960\" height=\"640\" data-id=\"452\" src=\"http:\/\/blog.newseau.stage.gotoma.com.pl\/wp-content\/uploads\/2021\/06\/95665331_1097639113934435_8203601033889316864_n.jpg\" alt=\"\" class=\"wp-image-452\" srcset=\"https:\/\/seausasino.pl\/news\/wp-content\/uploads\/2021\/06\/95665331_1097639113934435_8203601033889316864_n.jpg 960w, https:\/\/seausasino.pl\/news\/wp-content\/uploads\/2021\/06\/95665331_1097639113934435_8203601033889316864_n-768x512.jpg 768w\" sizes=\"(max-width: 960px) 100vw, 960px\" \/><\/figure>\n<\/figure>\n\n\n\n<figure class=\"wp-block-gallery has-nested-images columns-default is-cropped wp-block-gallery-3 is-layout-flex wp-block-gallery-is-layout-flex\">\n<figure class=\"wp-block-image size-large\"><img loading=\"lazy\" decoding=\"async\" width=\"960\" height=\"640\" data-id=\"456\" src=\"http:\/\/blog.newseau.stage.gotoma.com.pl\/wp-content\/uploads\/2021\/06\/95607171_1097638983934448_4256149785305677824_n-1.jpg\" alt=\"\" class=\"wp-image-456\" srcset=\"https:\/\/seausasino.pl\/news\/wp-content\/uploads\/2021\/06\/95607171_1097638983934448_4256149785305677824_n-1.jpg 960w, https:\/\/seausasino.pl\/news\/wp-content\/uploads\/2021\/06\/95607171_1097638983934448_4256149785305677824_n-1-768x512.jpg 768w\" sizes=\"(max-width: 960px) 100vw, 960px\" \/><\/figure>\n\n\n\n<figure class=\"wp-block-image size-large\"><img loading=\"lazy\" decoding=\"async\" width=\"960\" height=\"640\" data-id=\"459\" src=\"http:\/\/blog.newseau.stage.gotoma.com.pl\/wp-content\/uploads\/2021\/06\/96012423_1097639043934442_3204093212528476160_n.jpg\" alt=\"\" class=\"wp-image-459\" srcset=\"https:\/\/seausasino.pl\/news\/wp-content\/uploads\/2021\/06\/96012423_1097639043934442_3204093212528476160_n.jpg 960w, https:\/\/seausasino.pl\/news\/wp-content\/uploads\/2021\/06\/96012423_1097639043934442_3204093212528476160_n-768x512.jpg 768w\" sizes=\"(max-width: 960px) 100vw, 960px\" \/><\/figure>\n<\/figure>\n\n\n\n<figure class=\"wp-block-gallery has-nested-images columns-default is-cropped wp-block-gallery-4 is-layout-flex wp-block-gallery-is-layout-flex\">\n<figure class=\"wp-block-image size-large\"><img loading=\"lazy\" decoding=\"async\" width=\"960\" height=\"640\" data-id=\"453\" src=\"http:\/\/blog.newseau.stage.gotoma.com.pl\/wp-content\/uploads\/2021\/06\/95852570_1097639303934416_350082956095651840_n.jpg\" alt=\"\" class=\"wp-image-453\" srcset=\"https:\/\/seausasino.pl\/news\/wp-content\/uploads\/2021\/06\/95852570_1097639303934416_350082956095651840_n.jpg 960w, https:\/\/seausasino.pl\/news\/wp-content\/uploads\/2021\/06\/95852570_1097639303934416_350082956095651840_n-768x512.jpg 768w\" sizes=\"(max-width: 960px) 100vw, 960px\" \/><\/figure>\n\n\n\n<figure class=\"wp-block-image size-large\"><img loading=\"lazy\" decoding=\"async\" width=\"960\" height=\"640\" data-id=\"454\" src=\"http:\/\/blog.newseau.stage.gotoma.com.pl\/wp-content\/uploads\/2021\/06\/95897739_1097639120601101_3429430875031339008_n.jpg\" alt=\"\" class=\"wp-image-454\" srcset=\"https:\/\/seausasino.pl\/news\/wp-content\/uploads\/2021\/06\/95897739_1097639120601101_3429430875031339008_n.jpg 960w, https:\/\/seausasino.pl\/news\/wp-content\/uploads\/2021\/06\/95897739_1097639120601101_3429430875031339008_n-768x512.jpg 768w\" sizes=\"(max-width: 960px) 100vw, 960px\" \/><\/figure>\n<\/figure>\n\n\n\n<figure class=\"wp-block-image size-large\"><img loading=\"lazy\" decoding=\"async\" width=\"960\" height=\"540\" src=\"http:\/\/blog.newseau.stage.gotoma.com.pl\/wp-content\/uploads\/2021\/06\/96091488_1097639170601096_3389416623239593984_n-edited.jpg\" alt=\"\" class=\"wp-image-460\" srcset=\"https:\/\/seausasino.pl\/news\/wp-content\/uploads\/2021\/06\/96091488_1097639170601096_3389416623239593984_n-edited.jpg 960w, https:\/\/seausasino.pl\/news\/wp-content\/uploads\/2021\/06\/96091488_1097639170601096_3389416623239593984_n-edited-768x432.jpg 768w\" sizes=\"(max-width: 960px) 100vw, 960px\" \/><\/figure>\n\n\n\n<p class=\"wp-block-paragraph\">M\u00f3wi\u0105c o Stilo nie mo\u017cna nie wspomnie\u0107 o Latarni Morskiej Stilo!<\/p>\n\n\n\n<p class=\"wp-block-paragraph\">Wysoko\u015b\u0107 wzg\u00f3rza \u2013 55 m n.p.m.<br>Wysoko\u015b\u0107 latarni do \u015bwiat\u0142a \u2013 32 m<br>Wysoko\u015b\u0107 \u015bwiate\u0142 n.p.m. \u2013 75 m<br>Zasi\u0119g \u015bwiate\u0142 latarni \u2013 do 23.5 mil morskich<br>Charakterystyka \u015bwiate\u0142 \u2013 pe\u0142ny cykl 12 s.<br>Charakterystyczne barwy latarni: czarny, bia\u0142y, czerwony i czarna galeryjka na bia\u0142ym tle<br>Po\u0142o\u017cenie \u2013 1000 m od linii brzegowej<br>Udost\u0119pniana do zwiedzania od 1 czerwca 1992 roku<\/p>\n\n\n\n<figure class=\"wp-block-image size-large\"><img loading=\"lazy\" decoding=\"async\" width=\"960\" height=\"540\" src=\"http:\/\/blog.newseau.stage.gotoma.com.pl\/wp-content\/uploads\/2021\/06\/96296337_1102203556811324_851033424511631360_n-edited.jpg\" alt=\"\" class=\"wp-image-464\" srcset=\"https:\/\/seausasino.pl\/news\/wp-content\/uploads\/2021\/06\/96296337_1102203556811324_851033424511631360_n-edited.jpg 960w, https:\/\/seausasino.pl\/news\/wp-content\/uploads\/2021\/06\/96296337_1102203556811324_851033424511631360_n-edited-768x432.jpg 768w\" sizes=\"(max-width: 960px) 100vw, 960px\" \/><\/figure>\n\n\n\n<p class=\"wp-block-paragraph\">Zbudowana przez Niemc\u00f3w na fundamencie z betonu i granitu bia\u0142ego. Montowana z gotowych element\u00f3w ze staliwa, skr\u0119canych \u015brubami.<br>S\u0105 trzy takie konstrukcje na \u015bwiecie, z czego dwie w Europie.<\/p>\n\n\n\n<figure class=\"wp-block-image size-large\"><img loading=\"lazy\" decoding=\"async\" width=\"960\" height=\"720\" src=\"http:\/\/blog.newseau.stage.gotoma.com.pl\/wp-content\/uploads\/2021\/06\/96153396_1102203510144662_7652523929147277312_n.jpg\" alt=\"\" class=\"wp-image-462\" srcset=\"https:\/\/seausasino.pl\/news\/wp-content\/uploads\/2021\/06\/96153396_1102203510144662_7652523929147277312_n.jpg 960w, https:\/\/seausasino.pl\/news\/wp-content\/uploads\/2021\/06\/96153396_1102203510144662_7652523929147277312_n-768x576.jpg 768w\" sizes=\"(max-width: 960px) 100vw, 960px\" \/><\/figure>\n\n\n\n<p class=\"wp-block-paragraph\">Jedna z pi\u0119kniejszych latarni w Polsce.<\/p>\n\n\n\n<p class=\"wp-block-paragraph\">Po\u0142\u0105czona niegdy\u015b z tak zwanym buczkiem znajduj\u0105cym si\u0119 bezpo\u015brednio przed wej\u015bciem na pla\u017ce. W 1995 r. Buczek oficjalnie przesta\u0142 dzia\u0142a\u0107.<\/p>\n\n\n\n<div class=\"wp-block-image\"><figure class=\"aligncenter size-large\"><img loading=\"lazy\" decoding=\"async\" width=\"540\" height=\"720\" src=\"http:\/\/blog.newseau.stage.gotoma.com.pl\/wp-content\/uploads\/2021\/06\/96383731_1102204510144562_7079702770785189888_n-edited.jpg\" alt=\"\" class=\"wp-image-465\"\/><\/figure><\/div>\n\n\n\n<p class=\"wp-block-paragraph\">Na jednej sekcji znajdowa\u0142y si\u0119 3 fony Wydaj\u0105ce d\u017awi\u0119k o niskiej modulacji. Jeden z nich wa\u017cy\u0142 oko\u0142o 200 kg i wykonany by\u0142 z tego samego materia\u0142u co \u015bciany latarni.<\/p>\n\n\n\n<figure class=\"wp-block-image size-large\"><img loading=\"lazy\" decoding=\"async\" width=\"960\" height=\"540\" src=\"http:\/\/blog.newseau.stage.gotoma.com.pl\/wp-content\/uploads\/2021\/06\/96662601_1102203480144665_7375358028700188672_n-edited.jpg\" alt=\"\" class=\"wp-image-467\" srcset=\"https:\/\/seausasino.pl\/news\/wp-content\/uploads\/2021\/06\/96662601_1102203480144665_7375358028700188672_n-edited.jpg 960w, https:\/\/seausasino.pl\/news\/wp-content\/uploads\/2021\/06\/96662601_1102203480144665_7375358028700188672_n-edited-768x432.jpg 768w\" sizes=\"(max-width: 960px) 100vw, 960px\" \/><\/figure>\n","protected":false},"excerpt":{"rendered":"<p>Stilo &#8211; prawa odnoga wej\u015bcia na pla\u017ce &#8211; klasyczna barwna i chyba najszybsza trasa na pla\u017ce. Po drodze wej\u015bcie na Latarnie Morsk\u0105 Stilo, stary &#8211; nie dzia\u0142aj\u0105cy ju\u017c Buczek i \u015bwie\u017co odnowiona idealna trasa rowerowa Stilo-Pla\u017ca.W 1989 roku wej\u015bcie to na pla\u017ce by\u0142o oko\u0142o 30 metr\u00f3w dalej &#8211; zakrywa\u0142o betonowy kloc, kt\u00f3ry zacz\u0105\u0142 ods\u0142ania\u0107 si\u0119 [&hellip;]<\/p>\n","protected":false},"author":1,"featured_media":455,"comment_status":"open","ping_status":"open","sticky":false,"template":"","format":"standard","meta":{"_yoast_wpseo_focuskw":"Stilo","_yoast_wpseo_title":"SEAUSASINO.PL \u2014 Latarnia Stilo, pla\u017ca i las","_yoast_wpseo_metadesc":"Latarnia morska Stilo, wej\u015bcie na pla\u017c\u0119 i sosnowy las w drodze z Sasina. Sprawd\u017a noclegi w drewnianych domach z kominkiem nad morzem.","seau_keywords":"latarnia Stilo, pla\u017ca Stilo, Stilo noclegi, Sasino domki, domy nad morzem","footnotes":""},"categories":[12],"tags":[],"class_list":["post-447","post","type-post","status-publish","format-standard","has-post-thumbnail","hentry","category-bez-kategorii-pl"],"yoast_head":"<!-- This site is optimized with the Yoast SEO plugin v22.6 - https:\/\/yoast.com\/wordpress\/plugins\/seo\/ -->\n<title>SEAUSASINO.PL \u2014 Latarnia Stilo, pla\u017ca i las<\/title>\n<meta name=\"description\" content=\"Latarnia morska Stilo, wej\u015bcie na pla\u017c\u0119 i sosnowy las w drodze z Sasina. Sprawd\u017a noclegi w drewnianych domach z kominkiem nad morzem.\" \/>\n<meta name=\"robots\" content=\"index, follow, max-snippet:-1, max-image-preview:large, max-video-preview:-1\" \/>\n<link rel=\"canonical\" href=\"https:\/\/seausasino.pl\/news\/pl\/2021\/06\/stilo-plaza-latarnia-las-nieopodal\/\" \/>\n<meta property=\"og:locale\" content=\"pl_PL\" \/>\n<meta property=\"og:type\" content=\"article\" \/>\n<meta property=\"og:title\" content=\"SEAUSASINO.PL \u2014 Latarnia Stilo, pla\u017ca i las\" \/>\n<meta property=\"og:description\" content=\"Latarnia morska Stilo, wej\u015bcie na pla\u017c\u0119 i sosnowy las w drodze z Sasina. Sprawd\u017a noclegi w drewnianych domach z kominkiem nad morzem.\" \/>\n<meta property=\"og:url\" content=\"https:\/\/seausasino.pl\/news\/pl\/2021\/06\/stilo-plaza-latarnia-las-nieopodal\/\" \/>\n<meta property=\"og:site_name\" content=\"SeaUSasino\" \/>\n<meta property=\"article:publisher\" content=\"https:\/\/www.facebook.com\/sasinoapartments4rent\" \/>\n<meta property=\"article:published_time\" content=\"2021-06-11T12:03:38+00:00\" \/>\n<meta property=\"article:modified_time\" content=\"2026-08-10T10:42:59+00:00\" \/>\n<meta property=\"og:image\" content=\"https:\/\/seausasino.pl\/news\/wp-content\/uploads\/2021\/06\/95543964_1097639223934424_3037223785934618624_n.jpg\" \/>\n\t<meta property=\"og:image:width\" content=\"960\" \/>\n\t<meta property=\"og:image:height\" content=\"640\" \/>\n\t<meta property=\"og:image:type\" content=\"image\/jpeg\" \/>\n<meta name=\"author\" content=\"admin\" \/>\n<meta name=\"twitter:card\" content=\"summary_large_image\" \/>\n<meta name=\"twitter:label1\" content=\"Napisane przez\" \/>\n\t<meta name=\"twitter:data1\" content=\"admin\" \/>\n\t<meta name=\"twitter:label2\" content=\"Szacowany czas czytania\" \/>\n\t<meta name=\"twitter:data2\" content=\"5 minut\" \/>\n<script type=\"application\/ld+json\" class=\"yoast-schema-graph\">{\"@context\":\"https:\/\/schema.org\",\"@graph\":[{\"@type\":\"Article\",\"@id\":\"https:\/\/seausasino.pl\/news\/pl\/2021\/06\/stilo-plaza-latarnia-las-nieopodal\/#article\",\"isPartOf\":{\"@id\":\"https:\/\/seausasino.pl\/news\/pl\/2021\/06\/stilo-plaza-latarnia-las-nieopodal\/\"},\"author\":{\"name\":\"admin\",\"@id\":\"https:\/\/seausasino.pl\/news\/#\/schema\/person\/83768b5304ac25a7aec12584e5bafa66\"},\"headline\":\"Stilo-pla\u017ca, las&#8230; i oczywi\u015bcie Latarnia Morska&#8230;\",\"datePublished\":\"2021-06-11T12:03:38+00:00\",\"dateModified\":\"2026-08-10T10:42:59+00:00\",\"mainEntityOfPage\":{\"@id\":\"https:\/\/seausasino.pl\/news\/pl\/2021\/06\/stilo-plaza-latarnia-las-nieopodal\/\"},\"wordCount\":322,\"commentCount\":0,\"publisher\":{\"@id\":\"https:\/\/seausasino.pl\/news\/#organization\"},\"image\":{\"@id\":\"https:\/\/seausasino.pl\/news\/pl\/2021\/06\/stilo-plaza-latarnia-las-nieopodal\/#primaryimage\"},\"thumbnailUrl\":\"https:\/\/seausasino.pl\/news\/wp-content\/uploads\/2021\/06\/95543964_1097639223934424_3037223785934618624_n.jpg\",\"inLanguage\":\"pl-PL\",\"potentialAction\":[{\"@type\":\"CommentAction\",\"name\":\"Comment\",\"target\":[\"https:\/\/seausasino.pl\/news\/pl\/2021\/06\/stilo-plaza-latarnia-las-nieopodal\/#respond\"]}]},{\"@type\":\"WebPage\",\"@id\":\"https:\/\/seausasino.pl\/news\/pl\/2021\/06\/stilo-plaza-latarnia-las-nieopodal\/\",\"url\":\"https:\/\/seausasino.pl\/news\/pl\/2021\/06\/stilo-plaza-latarnia-las-nieopodal\/\",\"name\":\"SEAUSASINO.PL \u2014 Latarnia Stilo, pla\u017ca i las\",\"isPartOf\":{\"@id\":\"https:\/\/seausasino.pl\/news\/#website\"},\"primaryImageOfPage\":{\"@id\":\"https:\/\/seausasino.pl\/news\/pl\/2021\/06\/stilo-plaza-latarnia-las-nieopodal\/#primaryimage\"},\"image\":{\"@id\":\"https:\/\/seausasino.pl\/news\/pl\/2021\/06\/stilo-plaza-latarnia-las-nieopodal\/#primaryimage\"},\"thumbnailUrl\":\"https:\/\/seausasino.pl\/news\/wp-content\/uploads\/2021\/06\/95543964_1097639223934424_3037223785934618624_n.jpg\",\"datePublished\":\"2021-06-11T12:03:38+00:00\",\"dateModified\":\"2026-08-10T10:42:59+00:00\",\"description\":\"Latarnia morska Stilo, wej\u015bcie na pla\u017c\u0119 i sosnowy las w drodze z Sasina. Sprawd\u017a noclegi w drewnianych domach z kominkiem nad morzem.\",\"breadcrumb\":{\"@id\":\"https:\/\/seausasino.pl\/news\/pl\/2021\/06\/stilo-plaza-latarnia-las-nieopodal\/#breadcrumb\"},\"inLanguage\":\"pl-PL\",\"potentialAction\":[{\"@type\":\"ReadAction\",\"target\":[\"https:\/\/seausasino.pl\/news\/pl\/2021\/06\/stilo-plaza-latarnia-las-nieopodal\/\"]}]},{\"@type\":\"ImageObject\",\"inLanguage\":\"pl-PL\",\"@id\":\"https:\/\/seausasino.pl\/news\/pl\/2021\/06\/stilo-plaza-latarnia-las-nieopodal\/#primaryimage\",\"url\":\"https:\/\/seausasino.pl\/news\/wp-content\/uploads\/2021\/06\/95543964_1097639223934424_3037223785934618624_n.jpg\",\"contentUrl\":\"https:\/\/seausasino.pl\/news\/wp-content\/uploads\/2021\/06\/95543964_1097639223934424_3037223785934618624_n.jpg\",\"width\":960,\"height\":640},{\"@type\":\"BreadcrumbList\",\"@id\":\"https:\/\/seausasino.pl\/news\/pl\/2021\/06\/stilo-plaza-latarnia-las-nieopodal\/#breadcrumb\",\"itemListElement\":[{\"@type\":\"ListItem\",\"position\":1,\"name\":\"Strona g\u0142\u00f3wna\",\"item\":\"https:\/\/seausasino.pl\/news\/pl\/\"},{\"@type\":\"ListItem\",\"position\":2,\"name\":\"Stilo-pla\u017ca, las&#8230; i oczywi\u015bcie Latarnia Morska&#8230;\"}]},{\"@type\":\"WebSite\",\"@id\":\"https:\/\/seausasino.pl\/news\/#website\",\"url\":\"https:\/\/seausasino.pl\/news\/\",\"name\":\"SeaUSasino\",\"description\":\"Blog\",\"publisher\":{\"@id\":\"https:\/\/seausasino.pl\/news\/#organization\"},\"potentialAction\":[{\"@type\":\"SearchAction\",\"target\":{\"@type\":\"EntryPoint\",\"urlTemplate\":\"https:\/\/seausasino.pl\/news\/?s={search_term_string}\"},\"query-input\":\"required name=search_term_string\"}],\"inLanguage\":\"pl-PL\"},{\"@type\":\"Organization\",\"@id\":\"https:\/\/seausasino.pl\/news\/#organization\",\"name\":\"SeaUSasino\",\"url\":\"https:\/\/seausasino.pl\/news\/\",\"logo\":{\"@type\":\"ImageObject\",\"inLanguage\":\"pl-PL\",\"@id\":\"https:\/\/seausasino.pl\/news\/#\/schema\/logo\/image\/\",\"url\":\"https:\/\/seausasino.pl\/news\/wp-content\/uploads\/2022\/09\/06-2.jpg\",\"contentUrl\":\"https:\/\/seausasino.pl\/news\/wp-content\/uploads\/2022\/09\/06-2.jpg\",\"width\":853,\"height\":1280,\"caption\":\"SeaUSasino\"},\"image\":{\"@id\":\"https:\/\/seausasino.pl\/news\/#\/schema\/logo\/image\/\"},\"sameAs\":[\"https:\/\/www.facebook.com\/sasinoapartments4rent\",\"https:\/\/www.instagram.com\/seausasino\"]},{\"@type\":\"Person\",\"@id\":\"https:\/\/seausasino.pl\/news\/#\/schema\/person\/83768b5304ac25a7aec12584e5bafa66\",\"name\":\"admin\",\"image\":{\"@type\":\"ImageObject\",\"inLanguage\":\"pl-PL\",\"@id\":\"https:\/\/seausasino.pl\/news\/#\/schema\/person\/image\/\",\"url\":\"https:\/\/secure.gravatar.com\/avatar\/fc9bb3bac2b6959872cb274c84c62cf23e37f06526382b7da0d744fac7f387cb?s=96&d=mm&r=g\",\"contentUrl\":\"https:\/\/secure.gravatar.com\/avatar\/fc9bb3bac2b6959872cb274c84c62cf23e37f06526382b7da0d744fac7f387cb?s=96&d=mm&r=g\",\"caption\":\"admin\"},\"url\":\"https:\/\/seausasino.pl\/news\/author\/admin\/\"}]}<\/script>\n<!-- \/ Yoast SEO plugin. -->","yoast_head_json":{"title":"SEAUSASINO.PL \u2014 Latarnia Stilo, pla\u017ca i las","description":"Latarnia morska Stilo, wej\u015bcie na pla\u017c\u0119 i sosnowy las w drodze z Sasina. Sprawd\u017a noclegi w drewnianych domach z kominkiem nad morzem.","robots":{"index":"index","follow":"follow","max-snippet":"max-snippet:-1","max-image-preview":"max-image-preview:large","max-video-preview":"max-video-preview:-1"},"canonical":"https:\/\/seausasino.pl\/news\/pl\/2021\/06\/stilo-plaza-latarnia-las-nieopodal\/","og_locale":"pl_PL","og_type":"article","og_title":"SEAUSASINO.PL \u2014 Latarnia Stilo, pla\u017ca i las","og_description":"Latarnia morska Stilo, wej\u015bcie na pla\u017c\u0119 i sosnowy las w drodze z Sasina. Sprawd\u017a noclegi w drewnianych domach z kominkiem nad morzem.","og_url":"https:\/\/seausasino.pl\/news\/pl\/2021\/06\/stilo-plaza-latarnia-las-nieopodal\/","og_site_name":"SeaUSasino","article_publisher":"https:\/\/www.facebook.com\/sasinoapartments4rent","article_published_time":"2021-06-11T12:03:38+00:00","article_modified_time":"2026-08-10T10:42:59+00:00","og_image":[{"width":960,"height":640,"url":"https:\/\/seausasino.pl\/news\/wp-content\/uploads\/2021\/06\/95543964_1097639223934424_3037223785934618624_n.jpg","type":"image\/jpeg"}],"author":"admin","twitter_card":"summary_large_image","twitter_misc":{"Napisane przez":"admin","Szacowany czas czytania":"5 minut"},"schema":{"@context":"https:\/\/schema.org","@graph":[{"@type":"Article","@id":"https:\/\/seausasino.pl\/news\/pl\/2021\/06\/stilo-plaza-latarnia-las-nieopodal\/#article","isPartOf":{"@id":"https:\/\/seausasino.pl\/news\/pl\/2021\/06\/stilo-plaza-latarnia-las-nieopodal\/"},"author":{"name":"admin","@id":"https:\/\/seausasino.pl\/news\/#\/schema\/person\/83768b5304ac25a7aec12584e5bafa66"},"headline":"Stilo-pla\u017ca, las&#8230; i oczywi\u015bcie Latarnia Morska&#8230;","datePublished":"2021-06-11T12:03:38+00:00","dateModified":"2026-08-10T10:42:59+00:00","mainEntityOfPage":{"@id":"https:\/\/seausasino.pl\/news\/pl\/2021\/06\/stilo-plaza-latarnia-las-nieopodal\/"},"wordCount":322,"commentCount":0,"publisher":{"@id":"https:\/\/seausasino.pl\/news\/#organization"},"image":{"@id":"https:\/\/seausasino.pl\/news\/pl\/2021\/06\/stilo-plaza-latarnia-las-nieopodal\/#primaryimage"},"thumbnailUrl":"https:\/\/seausasino.pl\/news\/wp-content\/uploads\/2021\/06\/95543964_1097639223934424_3037223785934618624_n.jpg","inLanguage":"pl-PL","potentialAction":[{"@type":"CommentAction","name":"Comment","target":["https:\/\/seausasino.pl\/news\/pl\/2021\/06\/stilo-plaza-latarnia-las-nieopodal\/#respond"]}]},{"@type":"WebPage","@id":"https:\/\/seausasino.pl\/news\/pl\/2021\/06\/stilo-plaza-latarnia-las-nieopodal\/","url":"https:\/\/seausasino.pl\/news\/pl\/2021\/06\/stilo-plaza-latarnia-las-nieopodal\/","name":"SEAUSASINO.PL \u2014 Latarnia Stilo, pla\u017ca i las","isPartOf":{"@id":"https:\/\/seausasino.pl\/news\/#website"},"primaryImageOfPage":{"@id":"https:\/\/seausasino.pl\/news\/pl\/2021\/06\/stilo-plaza-latarnia-las-nieopodal\/#primaryimage"},"image":{"@id":"https:\/\/seausasino.pl\/news\/pl\/2021\/06\/stilo-plaza-latarnia-las-nieopodal\/#primaryimage"},"thumbnailUrl":"https:\/\/seausasino.pl\/news\/wp-content\/uploads\/2021\/06\/95543964_1097639223934424_3037223785934618624_n.jpg","datePublished":"2021-06-11T12:03:38+00:00","dateModified":"2026-08-10T10:42:59+00:00","description":"Latarnia morska Stilo, wej\u015bcie na pla\u017c\u0119 i sosnowy las w drodze z Sasina. Sprawd\u017a noclegi w drewnianych domach z kominkiem nad morzem.","breadcrumb":{"@id":"https:\/\/seausasino.pl\/news\/pl\/2021\/06\/stilo-plaza-latarnia-las-nieopodal\/#breadcrumb"},"inLanguage":"pl-PL","potentialAction":[{"@type":"ReadAction","target":["https:\/\/seausasino.pl\/news\/pl\/2021\/06\/stilo-plaza-latarnia-las-nieopodal\/"]}]},{"@type":"ImageObject","inLanguage":"pl-PL","@id":"https:\/\/seausasino.pl\/news\/pl\/2021\/06\/stilo-plaza-latarnia-las-nieopodal\/#primaryimage","url":"https:\/\/seausasino.pl\/news\/wp-content\/uploads\/2021\/06\/95543964_1097639223934424_3037223785934618624_n.jpg","contentUrl":"https:\/\/seausasino.pl\/news\/wp-content\/uploads\/2021\/06\/95543964_1097639223934424_3037223785934618624_n.jpg","width":960,"height":640},{"@type":"BreadcrumbList","@id":"https:\/\/seausasino.pl\/news\/pl\/2021\/06\/stilo-plaza-latarnia-las-nieopodal\/#breadcrumb","itemListElement":[{"@type":"ListItem","position":1,"name":"Strona g\u0142\u00f3wna","item":"https:\/\/seausasino.pl\/news\/pl\/"},{"@type":"ListItem","position":2,"name":"Stilo-pla\u017ca, las&#8230; i oczywi\u015bcie Latarnia Morska&#8230;"}]},{"@type":"WebSite","@id":"https:\/\/seausasino.pl\/news\/#website","url":"https:\/\/seausasino.pl\/news\/","name":"SeaUSasino","description":"Blog","publisher":{"@id":"https:\/\/seausasino.pl\/news\/#organization"},"potentialAction":[{"@type":"SearchAction","target":{"@type":"EntryPoint","urlTemplate":"https:\/\/seausasino.pl\/news\/?s={search_term_string}"},"query-input":"required name=search_term_string"}],"inLanguage":"pl-PL"},{"@type":"Organization","@id":"https:\/\/seausasino.pl\/news\/#organization","name":"SeaUSasino","url":"https:\/\/seausasino.pl\/news\/","logo":{"@type":"ImageObject","inLanguage":"pl-PL","@id":"https:\/\/seausasino.pl\/news\/#\/schema\/logo\/image\/","url":"https:\/\/seausasino.pl\/news\/wp-content\/uploads\/2022\/09\/06-2.jpg","contentUrl":"https:\/\/seausasino.pl\/news\/wp-content\/uploads\/2022\/09\/06-2.jpg","width":853,"height":1280,"caption":"SeaUSasino"},"image":{"@id":"https:\/\/seausasino.pl\/news\/#\/schema\/logo\/image\/"},"sameAs":["https:\/\/www.facebook.com\/sasinoapartments4rent","https:\/\/www.instagram.com\/seausasino"]},{"@type":"Person","@id":"https:\/\/seausasino.pl\/news\/#\/schema\/person\/83768b5304ac25a7aec12584e5bafa66","name":"admin","image":{"@type":"ImageObject","inLanguage":"pl-PL","@id":"https:\/\/seausasino.pl\/news\/#\/schema\/person\/image\/","url":"https:\/\/secure.gravatar.com\/avatar\/fc9bb3bac2b6959872cb274c84c62cf23e37f06526382b7da0d744fac7f387cb?s=96&d=mm&r=g","contentUrl":"https:\/\/secure.gravatar.com\/avatar\/fc9bb3bac2b6959872cb274c84c62cf23e37f06526382b7da0d744fac7f387cb?s=96&d=mm&r=g","caption":"admin"},"url":"https:\/\/seausasino.pl\/news\/author\/admin\/"}]}},"_links":{"self":[{"href":"https:\/\/seausasino.pl\/news\/wp-json\/wp\/v2\/posts\/447","targetHints":{"allow":["GET"]}}],"collection":[{"href":"https:\/\/seausasino.pl\/news\/wp-json\/wp\/v2\/posts"}],"about":[{"href":"https:\/\/seausasino.pl\/news\/wp-json\/wp\/v2\/types\/post"}],"author":[{"embeddable":true,"href":"https:\/\/seausasino.pl\/news\/wp-json\/wp\/v2\/users\/1"}],"replies":[{"embeddable":true,"href":"https:\/\/seausasino.pl\/news\/wp-json\/wp\/v2\/comments?post=447"}],"version-history":[{"count":4,"href":"https:\/\/seausasino.pl\/news\/wp-json\/wp\/v2\/posts\/447\/revisions"}],"predecessor-version":[{"id":724,"href":"https:\/\/seausasino.pl\/news\/wp-json\/wp\/v2\/posts\/447\/revisions\/724"}],"wp:featuredmedia":[{"embeddable":true,"href":"https:\/\/seausasino.pl\/news\/wp-json\/wp\/v2\/media\/455"}],"wp:attachment":[{"href":"https:\/\/seausasino.pl\/news\/wp-json\/wp\/v2\/media?parent=447"}],"wp:term":[{"taxonomy":"category","embeddable":true,"href":"https:\/\/seausasino.pl\/news\/wp-json\/wp\/v2\/categories?post=447"},{"taxonomy":"post_tag","embeddable":true,"href":"https:\/\/seausasino.pl\/news\/wp-json\/wp\/v2\/tags?post=447"}],"curies":[{"name":"wp","href":"https:\/\/api.w.org\/{rel}","templated":true}]}}