{"id":4462,"date":"2026-08-10T08:16:06","date_gmt":"2026-08-10T06:16:06","guid":{"rendered":"https:\/\/blog.seausasino.pl\/2026\/08\/rude-poszycie-lasu-do-stilo-0810\/"},"modified":"2026-08-10T12:42:56","modified_gmt":"2026-08-10T10:42:56","slug":"rude-poszycie-lasu-do-stilo-0810","status":"publish","type":"post","link":"https:\/\/seausasino.pl\/news\/pl\/2026\/08\/rude-poszycie-lasu-do-stilo-0810\/","title":{"rendered":"Rude poszycie lasu na drodze do Stilo"},"content":{"rendered":"<figure style=\"margin:0 auto;max-width:720px;\"><img decoding=\"async\" src=\"https:\/\/riceayyncripijgnlhzv.supabase.co\/storage\/v1\/object\/public\/content-studio\/seausasino-biblioteka\/szuflada-20220622202827-FE45B6.jpg\" alt=\"Rude poszycie lasu na drodze do Stilo\" style=\"width:100%;aspect-ratio:4\/5;object-fit:cover;display:block;\" \/><\/figure>\n<p>Popo\u0142udnie w lesie sosnowym ko\u0142o Sasina ma sw\u00f3j w\u0142asny rytm \u015bwiat\u0142a. S\u0142o\u0144ce stoi jeszcze wysoko, ale promienie ju\u017c przebijaj\u0105 si\u0119 przez korony pod k\u0105tem, kt\u00f3ry zapala rudy odcie\u0144 na ko\u0144czynach ga\u0142\u0119zi i podpala od spodu warstw\u0119 wrzos\u00f3w roz\u0142o\u017con\u0105 na ziemi jak gruby kobierzec. Pnie sosen &#8211; grube, poznaczone porostami i mchem &#8211; stoj\u0105 w regularnych odst\u0119pach, a mi\u0119dzy nimi wida\u0107 kawa\u0142ki nieba, jasne i p\u0142askie. To ten sam las, przez kt\u00f3ry prowadzi \u015bcie\u017cka od naszych dom\u00f3w do dzikiej pla\u017cy Stilo, ale dzi\u015b zatrzymujemy si\u0119 w po\u0142owie drogi, \u017ceby po prostu popatrze\u0107.<\/p>\n<p>Poni\u017cej mo\u017cna zobaczy\u0107 kr\u00f3tki film z tego w\u0142a\u015bnie miejsca &#8211; kilka minut spokoju mi\u0119dzy drzewami, bez komentarza, bez po\u015bpiechu. Warto go odtworzy\u0107 z d\u017awi\u0119kiem, bo szum wierzcho\u0142k\u00f3w sosen niesie si\u0119 tutaj inaczej ni\u017c gdziekolwiek indziej na wybrze\u017cu.<\/p>\n<h2>Jak wygl\u0105da ten las w r\u00f3\u017cnych godzinach?<\/h2>\n<p>Rano \u015bci\u00f3\u0142ka jest ciemniejsza, wilgotna od nocnej rosy, a \u015bwiat\u0142o pada ni\u017cej i bardziej p\u0142asko. W \u015brodku dnia korony sosen zamykaj\u0105 si\u0119 nad g\u0142ow\u0105 i robi si\u0119 kameralnie, ch\u0142odno, zielono. Ale to popo\u0142udnie jest tu najbardziej fotogeniczne &#8211; w\u0142a\u015bnie wtedy rude trawy i wrzosy nabieraj\u0105 koloru, a kora starych drzew, pokryta plamami mchu, zaczyna \u015bwieci\u0107 w kontrze. Wieczorem las \u015bciemnia si\u0119 szybciej ni\u017c otwarta pla\u017ca, bo drzewa zatrzymuj\u0105 ostatnie \u015bwiat\u0142o w koronach, zanim ono zejdzie w d\u00f3\u0142 do poszycia.<\/p>\n<h2>Dlaczego ten fragment lasu ma znaczenie dla go\u015bci SeaUSasino<\/h2>\n<p>Ten pas sosnowego lasu to naturalny bufor mi\u0119dzy Sasinem a wybrze\u017cem &#8211; to w\u0142a\u015bnie t\u0119dy prowadzi trasa do Stilo, jednej z ostatnich dzikich pla\u017c w tej cz\u0119\u015bci Ba\u0142tyku. Nasze domy stoj\u0105 tak, \u017ce wystarczy wyj\u015b\u0107 z ogrodu, min\u0105\u0107 kilka takich kadr\u00f3w jak ten na zdj\u0119ciu, i po kilkunastu minutach marszu s\u0142yszy si\u0119 ju\u017c morze. To jest r\u00f3\u017cnica mi\u0119dzy <strong>domami nad morzem do wynajecia<\/strong> stoj\u0105cymi tu\u017c przy zat\u0142oczonej promenadzie, a naszymi &#8211; schowanymi w spokoju, otoczonymi lasem, kt\u00f3ry sam jest cz\u0119\u015bci\u0105 wypoczynku, nie tylko drog\u0105 do niego.<\/p>\n<ul>\n<li>\u015acie\u017cka przez las jest w ca\u0142o\u015bci piesza, bez samochod\u00f3w i asfaltu<\/li>\n<li>Poszycie zmienia kolor sezonowo &#8211; teraz dominuj\u0105 rude i zielone tony<\/li>\n<li>Las oddziela domy w Sasinie od ha\u0142asu, daj\u0105c realn\u0105 cisz\u0119 wieczorami<\/li>\n<\/ul>\n<h2>Co po powrocie z lasu?<\/h2>\n<p>Po takiej przechadzce najlepiej wraca si\u0119 do <strong>domu z kominkiem<\/strong>, gdzie mo\u017cna zdj\u0105\u0107 buty pe\u0142ne piasku i wrzosowych igliwia, zaparzy\u0107 herbat\u0119 i patrze\u0107 przez okno na w\u0142asny ogr\u00f3d. Okolica Sasina, Kopalina i S\u0142ajszewa to wci\u0105\u017c tereny, gdzie las i wydmy s\u0105 bli\u017cej ni\u017c jakikolwiek sklep czy bar, a to w\u0142a\u015bnie ta blisko\u015b\u0107 przyrody sprawia, \u017ce wielu go\u015bci szukaj\u0105cych <strong>nocleg\u00f3w w Stilo<\/strong> wybiera w\u0142a\u015bnie ten kawa\u0142ek wybrze\u017ca, zamiast bardziej zat\u0142oczonych kurort\u00f3w.<\/p>\n<p style=\"text-align:center;\"><video controls preload=\"metadata\" style=\"width:100%;max-width:540px;aspect-ratio:9\/16;object-fit:cover;\" src=\"https:\/\/riceayyncripijgnlhzv.supabase.co\/storage\/v1\/object\/public\/content-studio\/seausasino-reels\/reel-dom-01.mp4\"><\/video><\/p>\n<h2>Wolne terminy w SeaUSasino<\/h2>\n<p>\ud83d\udccd Najbli\u017cszy wolny termin: <strong>10.08.2026<\/strong><\/p>\n<p>Cztery ca\u0142oroczne, luksusowe domy z drewna w Sasinie \u2014 ka\u017cdy dla o\u015bmiu os\u00f3b, z kominkiem i prywatnym ogrodem, spacer sosnowym lasem od pla\u017cy Stilo. Sprawd\u017a dost\u0119pno\u015b\u0107 i <a href=\"https:\/\/seausasino.pl\">zarezerwuj na seausasino.pl<\/a>.<\/p>\n","protected":false},"excerpt":{"rendered":"<p>Sosnowy las mi\u0119dzy Sasinem a pla\u017c\u0105 Stilo w popo\u0142udniowym \u015bwietle &#8211; kora, wrzosy, cisza. Zobacz film i zarezerwuj dom z kominkiem w SeaUSasino.<\/p>\n","protected":false},"author":1,"featured_media":4461,"comment_status":"closed","ping_status":"closed","sticky":false,"template":"","format":"standard","meta":{"_yoast_wpseo_focuskw":"","_yoast_wpseo_title":"SEAUSASINO.PL \u2014 Las i pla\u017ca Stilo \u2014 domy w Sasinie","_yoast_wpseo_metadesc":"Sosnowy las mi\u0119dzy Sasinem a pla\u017c\u0105 Stilo. Cztery drewniane domy z kominkiem na weekend nad morzem. Sprawd\u017a wolne terminy na seausasino.pl.","seau_keywords":"domy nad morzem, Sasino noclegi, pla\u017ca Stilo, dom z kominkiem, las Sasino","footnotes":""},"categories":[12],"tags":[],"class_list":["post-4462","post","type-post","status-publish","format-standard","has-post-thumbnail","hentry","category-bez-kategorii-pl"],"yoast_head":"<!-- This site is optimized with the Yoast SEO plugin v22.6 - https:\/\/yoast.com\/wordpress\/plugins\/seo\/ -->\n<title>SEAUSASINO.PL \u2014 Las i pla\u017ca Stilo \u2014 domy w Sasinie<\/title>\n<meta name=\"description\" content=\"Sosnowy las mi\u0119dzy Sasinem a pla\u017c\u0105 Stilo. Cztery drewniane domy z kominkiem na weekend nad morzem. Sprawd\u017a wolne terminy na seausasino.pl.\" \/>\n<meta name=\"robots\" content=\"index, follow, max-snippet:-1, max-image-preview:large, max-video-preview:-1\" \/>\n<link rel=\"canonical\" href=\"https:\/\/seausasino.pl\/news\/pl\/2026\/08\/rude-poszycie-lasu-do-stilo-0810\/\" \/>\n<meta property=\"og:locale\" content=\"pl_PL\" \/>\n<meta property=\"og:type\" content=\"article\" \/>\n<meta property=\"og:title\" content=\"SEAUSASINO.PL \u2014 Las i pla\u017ca Stilo \u2014 domy w Sasinie\" \/>\n<meta property=\"og:description\" content=\"Sosnowy las mi\u0119dzy Sasinem a pla\u017c\u0105 Stilo. Cztery drewniane domy z kominkiem na weekend nad morzem. Sprawd\u017a wolne terminy na seausasino.pl.\" \/>\n<meta property=\"og:url\" content=\"https:\/\/seausasino.pl\/news\/pl\/2026\/08\/rude-poszycie-lasu-do-stilo-0810\/\" \/>\n<meta property=\"og:site_name\" content=\"SeaUSasino\" \/>\n<meta property=\"article:publisher\" content=\"https:\/\/www.facebook.com\/sasinoapartments4rent\" \/>\n<meta property=\"article:published_time\" content=\"2026-08-10T06:16:06+00:00\" \/>\n<meta property=\"article:modified_time\" content=\"2026-08-10T10:42:56+00:00\" \/>\n<meta property=\"og:image\" content=\"https:\/\/seausasino.pl\/news\/wp-content\/uploads\/2026\/08\/seau-rude-poszycie-lasu-do-stilo-0810.jpg\" \/>\n\t<meta property=\"og:image:width\" content=\"1920\" \/>\n\t<meta property=\"og:image:height\" content=\"1280\" \/>\n\t<meta property=\"og:image:type\" content=\"image\/jpeg\" \/>\n<meta name=\"author\" content=\"admin\" \/>\n<meta name=\"twitter:card\" content=\"summary_large_image\" \/>\n<meta name=\"twitter:label1\" content=\"Napisane przez\" \/>\n\t<meta name=\"twitter:data1\" content=\"admin\" \/>\n\t<meta name=\"twitter:label2\" content=\"Szacowany czas czytania\" \/>\n\t<meta name=\"twitter:data2\" content=\"3 minuty\" \/>\n<script type=\"application\/ld+json\" class=\"yoast-schema-graph\">{\"@context\":\"https:\/\/schema.org\",\"@graph\":[{\"@type\":\"Article\",\"@id\":\"https:\/\/seausasino.pl\/news\/pl\/2026\/08\/rude-poszycie-lasu-do-stilo-0810\/#article\",\"isPartOf\":{\"@id\":\"https:\/\/seausasino.pl\/news\/pl\/2026\/08\/rude-poszycie-lasu-do-stilo-0810\/\"},\"author\":{\"name\":\"admin\",\"@id\":\"https:\/\/seausasino.pl\/news\/#\/schema\/person\/83768b5304ac25a7aec12584e5bafa66\"},\"headline\":\"Rude poszycie lasu na drodze do Stilo\",\"datePublished\":\"2026-08-10T06:16:06+00:00\",\"dateModified\":\"2026-08-10T10:42:56+00:00\",\"mainEntityOfPage\":{\"@id\":\"https:\/\/seausasino.pl\/news\/pl\/2026\/08\/rude-poszycie-lasu-do-stilo-0810\/\"},\"wordCount\":556,\"publisher\":{\"@id\":\"https:\/\/seausasino.pl\/news\/#organization\"},\"image\":{\"@id\":\"https:\/\/seausasino.pl\/news\/pl\/2026\/08\/rude-poszycie-lasu-do-stilo-0810\/#primaryimage\"},\"thumbnailUrl\":\"https:\/\/seausasino.pl\/news\/wp-content\/uploads\/2026\/08\/seau-rude-poszycie-lasu-do-stilo-0810.jpg\",\"inLanguage\":\"pl-PL\"},{\"@type\":\"WebPage\",\"@id\":\"https:\/\/seausasino.pl\/news\/pl\/2026\/08\/rude-poszycie-lasu-do-stilo-0810\/\",\"url\":\"https:\/\/seausasino.pl\/news\/pl\/2026\/08\/rude-poszycie-lasu-do-stilo-0810\/\",\"name\":\"SEAUSASINO.PL \u2014 Las i pla\u017ca Stilo \u2014 domy w Sasinie\",\"isPartOf\":{\"@id\":\"https:\/\/seausasino.pl\/news\/#website\"},\"primaryImageOfPage\":{\"@id\":\"https:\/\/seausasino.pl\/news\/pl\/2026\/08\/rude-poszycie-lasu-do-stilo-0810\/#primaryimage\"},\"image\":{\"@id\":\"https:\/\/seausasino.pl\/news\/pl\/2026\/08\/rude-poszycie-lasu-do-stilo-0810\/#primaryimage\"},\"thumbnailUrl\":\"https:\/\/seausasino.pl\/news\/wp-content\/uploads\/2026\/08\/seau-rude-poszycie-lasu-do-stilo-0810.jpg\",\"datePublished\":\"2026-08-10T06:16:06+00:00\",\"dateModified\":\"2026-08-10T10:42:56+00:00\",\"description\":\"Sosnowy las mi\u0119dzy Sasinem a pla\u017c\u0105 Stilo. Cztery drewniane domy z kominkiem na weekend nad morzem. Sprawd\u017a wolne terminy na seausasino.pl.\",\"breadcrumb\":{\"@id\":\"https:\/\/seausasino.pl\/news\/pl\/2026\/08\/rude-poszycie-lasu-do-stilo-0810\/#breadcrumb\"},\"inLanguage\":\"pl-PL\",\"potentialAction\":[{\"@type\":\"ReadAction\",\"target\":[\"https:\/\/seausasino.pl\/news\/pl\/2026\/08\/rude-poszycie-lasu-do-stilo-0810\/\"]}]},{\"@type\":\"ImageObject\",\"inLanguage\":\"pl-PL\",\"@id\":\"https:\/\/seausasino.pl\/news\/pl\/2026\/08\/rude-poszycie-lasu-do-stilo-0810\/#primaryimage\",\"url\":\"https:\/\/seausasino.pl\/news\/wp-content\/uploads\/2026\/08\/seau-rude-poszycie-lasu-do-stilo-0810.jpg\",\"contentUrl\":\"https:\/\/seausasino.pl\/news\/wp-content\/uploads\/2026\/08\/seau-rude-poszycie-lasu-do-stilo-0810.jpg\",\"width\":1920,\"height\":1280},{\"@type\":\"BreadcrumbList\",\"@id\":\"https:\/\/seausasino.pl\/news\/pl\/2026\/08\/rude-poszycie-lasu-do-stilo-0810\/#breadcrumb\",\"itemListElement\":[{\"@type\":\"ListItem\",\"position\":1,\"name\":\"Strona g\u0142\u00f3wna\",\"item\":\"https:\/\/seausasino.pl\/news\/pl\/\"},{\"@type\":\"ListItem\",\"position\":2,\"name\":\"Rude poszycie lasu na drodze do Stilo\"}]},{\"@type\":\"WebSite\",\"@id\":\"https:\/\/seausasino.pl\/news\/#website\",\"url\":\"https:\/\/seausasino.pl\/news\/\",\"name\":\"SeaUSasino\",\"description\":\"Blog\",\"publisher\":{\"@id\":\"https:\/\/seausasino.pl\/news\/#organization\"},\"potentialAction\":[{\"@type\":\"SearchAction\",\"target\":{\"@type\":\"EntryPoint\",\"urlTemplate\":\"https:\/\/seausasino.pl\/news\/?s={search_term_string}\"},\"query-input\":\"required name=search_term_string\"}],\"inLanguage\":\"pl-PL\"},{\"@type\":\"Organization\",\"@id\":\"https:\/\/seausasino.pl\/news\/#organization\",\"name\":\"SeaUSasino\",\"url\":\"https:\/\/seausasino.pl\/news\/\",\"logo\":{\"@type\":\"ImageObject\",\"inLanguage\":\"pl-PL\",\"@id\":\"https:\/\/seausasino.pl\/news\/#\/schema\/logo\/image\/\",\"url\":\"https:\/\/seausasino.pl\/news\/wp-content\/uploads\/2022\/09\/06-2.jpg\",\"contentUrl\":\"https:\/\/seausasino.pl\/news\/wp-content\/uploads\/2022\/09\/06-2.jpg\",\"width\":853,\"height\":1280,\"caption\":\"SeaUSasino\"},\"image\":{\"@id\":\"https:\/\/seausasino.pl\/news\/#\/schema\/logo\/image\/\"},\"sameAs\":[\"https:\/\/www.facebook.com\/sasinoapartments4rent\",\"https:\/\/www.instagram.com\/seausasino\"]},{\"@type\":\"Person\",\"@id\":\"https:\/\/seausasino.pl\/news\/#\/schema\/person\/83768b5304ac25a7aec12584e5bafa66\",\"name\":\"admin\",\"image\":{\"@type\":\"ImageObject\",\"inLanguage\":\"pl-PL\",\"@id\":\"https:\/\/seausasino.pl\/news\/#\/schema\/person\/image\/\",\"url\":\"https:\/\/secure.gravatar.com\/avatar\/fc9bb3bac2b6959872cb274c84c62cf23e37f06526382b7da0d744fac7f387cb?s=96&d=mm&r=g\",\"contentUrl\":\"https:\/\/secure.gravatar.com\/avatar\/fc9bb3bac2b6959872cb274c84c62cf23e37f06526382b7da0d744fac7f387cb?s=96&d=mm&r=g\",\"caption\":\"admin\"},\"url\":\"https:\/\/seausasino.pl\/news\/author\/admin\/\"}]}<\/script>\n<!-- \/ Yoast SEO plugin. -->","yoast_head_json":{"title":"SEAUSASINO.PL \u2014 Las i pla\u017ca Stilo \u2014 domy w Sasinie","description":"Sosnowy las mi\u0119dzy Sasinem a pla\u017c\u0105 Stilo. Cztery drewniane domy z kominkiem na weekend nad morzem. Sprawd\u017a wolne terminy na seausasino.pl.","robots":{"index":"index","follow":"follow","max-snippet":"max-snippet:-1","max-image-preview":"max-image-preview:large","max-video-preview":"max-video-preview:-1"},"canonical":"https:\/\/seausasino.pl\/news\/pl\/2026\/08\/rude-poszycie-lasu-do-stilo-0810\/","og_locale":"pl_PL","og_type":"article","og_title":"SEAUSASINO.PL \u2014 Las i pla\u017ca Stilo \u2014 domy w Sasinie","og_description":"Sosnowy las mi\u0119dzy Sasinem a pla\u017c\u0105 Stilo. Cztery drewniane domy z kominkiem na weekend nad morzem. Sprawd\u017a wolne terminy na seausasino.pl.","og_url":"https:\/\/seausasino.pl\/news\/pl\/2026\/08\/rude-poszycie-lasu-do-stilo-0810\/","og_site_name":"SeaUSasino","article_publisher":"https:\/\/www.facebook.com\/sasinoapartments4rent","article_published_time":"2026-08-10T06:16:06+00:00","article_modified_time":"2026-08-10T10:42:56+00:00","og_image":[{"width":1920,"height":1280,"url":"https:\/\/seausasino.pl\/news\/wp-content\/uploads\/2026\/08\/seau-rude-poszycie-lasu-do-stilo-0810.jpg","type":"image\/jpeg"}],"author":"admin","twitter_card":"summary_large_image","twitter_misc":{"Napisane przez":"admin","Szacowany czas czytania":"3 minuty"},"schema":{"@context":"https:\/\/schema.org","@graph":[{"@type":"Article","@id":"https:\/\/seausasino.pl\/news\/pl\/2026\/08\/rude-poszycie-lasu-do-stilo-0810\/#article","isPartOf":{"@id":"https:\/\/seausasino.pl\/news\/pl\/2026\/08\/rude-poszycie-lasu-do-stilo-0810\/"},"author":{"name":"admin","@id":"https:\/\/seausasino.pl\/news\/#\/schema\/person\/83768b5304ac25a7aec12584e5bafa66"},"headline":"Rude poszycie lasu na drodze do Stilo","datePublished":"2026-08-10T06:16:06+00:00","dateModified":"2026-08-10T10:42:56+00:00","mainEntityOfPage":{"@id":"https:\/\/seausasino.pl\/news\/pl\/2026\/08\/rude-poszycie-lasu-do-stilo-0810\/"},"wordCount":556,"publisher":{"@id":"https:\/\/seausasino.pl\/news\/#organization"},"image":{"@id":"https:\/\/seausasino.pl\/news\/pl\/2026\/08\/rude-poszycie-lasu-do-stilo-0810\/#primaryimage"},"thumbnailUrl":"https:\/\/seausasino.pl\/news\/wp-content\/uploads\/2026\/08\/seau-rude-poszycie-lasu-do-stilo-0810.jpg","inLanguage":"pl-PL"},{"@type":"WebPage","@id":"https:\/\/seausasino.pl\/news\/pl\/2026\/08\/rude-poszycie-lasu-do-stilo-0810\/","url":"https:\/\/seausasino.pl\/news\/pl\/2026\/08\/rude-poszycie-lasu-do-stilo-0810\/","name":"SEAUSASINO.PL \u2014 Las i pla\u017ca Stilo \u2014 domy w Sasinie","isPartOf":{"@id":"https:\/\/seausasino.pl\/news\/#website"},"primaryImageOfPage":{"@id":"https:\/\/seausasino.pl\/news\/pl\/2026\/08\/rude-poszycie-lasu-do-stilo-0810\/#primaryimage"},"image":{"@id":"https:\/\/seausasino.pl\/news\/pl\/2026\/08\/rude-poszycie-lasu-do-stilo-0810\/#primaryimage"},"thumbnailUrl":"https:\/\/seausasino.pl\/news\/wp-content\/uploads\/2026\/08\/seau-rude-poszycie-lasu-do-stilo-0810.jpg","datePublished":"2026-08-10T06:16:06+00:00","dateModified":"2026-08-10T10:42:56+00:00","description":"Sosnowy las mi\u0119dzy Sasinem a pla\u017c\u0105 Stilo. Cztery drewniane domy z kominkiem na weekend nad morzem. Sprawd\u017a wolne terminy na seausasino.pl.","breadcrumb":{"@id":"https:\/\/seausasino.pl\/news\/pl\/2026\/08\/rude-poszycie-lasu-do-stilo-0810\/#breadcrumb"},"inLanguage":"pl-PL","potentialAction":[{"@type":"ReadAction","target":["https:\/\/seausasino.pl\/news\/pl\/2026\/08\/rude-poszycie-lasu-do-stilo-0810\/"]}]},{"@type":"ImageObject","inLanguage":"pl-PL","@id":"https:\/\/seausasino.pl\/news\/pl\/2026\/08\/rude-poszycie-lasu-do-stilo-0810\/#primaryimage","url":"https:\/\/seausasino.pl\/news\/wp-content\/uploads\/2026\/08\/seau-rude-poszycie-lasu-do-stilo-0810.jpg","contentUrl":"https:\/\/seausasino.pl\/news\/wp-content\/uploads\/2026\/08\/seau-rude-poszycie-lasu-do-stilo-0810.jpg","width":1920,"height":1280},{"@type":"BreadcrumbList","@id":"https:\/\/seausasino.pl\/news\/pl\/2026\/08\/rude-poszycie-lasu-do-stilo-0810\/#breadcrumb","itemListElement":[{"@type":"ListItem","position":1,"name":"Strona g\u0142\u00f3wna","item":"https:\/\/seausasino.pl\/news\/pl\/"},{"@type":"ListItem","position":2,"name":"Rude poszycie lasu na drodze do Stilo"}]},{"@type":"WebSite","@id":"https:\/\/seausasino.pl\/news\/#website","url":"https:\/\/seausasino.pl\/news\/","name":"SeaUSasino","description":"Blog","publisher":{"@id":"https:\/\/seausasino.pl\/news\/#organization"},"potentialAction":[{"@type":"SearchAction","target":{"@type":"EntryPoint","urlTemplate":"https:\/\/seausasino.pl\/news\/?s={search_term_string}"},"query-input":"required name=search_term_string"}],"inLanguage":"pl-PL"},{"@type":"Organization","@id":"https:\/\/seausasino.pl\/news\/#organization","name":"SeaUSasino","url":"https:\/\/seausasino.pl\/news\/","logo":{"@type":"ImageObject","inLanguage":"pl-PL","@id":"https:\/\/seausasino.pl\/news\/#\/schema\/logo\/image\/","url":"https:\/\/seausasino.pl\/news\/wp-content\/uploads\/2022\/09\/06-2.jpg","contentUrl":"https:\/\/seausasino.pl\/news\/wp-content\/uploads\/2022\/09\/06-2.jpg","width":853,"height":1280,"caption":"SeaUSasino"},"image":{"@id":"https:\/\/seausasino.pl\/news\/#\/schema\/logo\/image\/"},"sameAs":["https:\/\/www.facebook.com\/sasinoapartments4rent","https:\/\/www.instagram.com\/seausasino"]},{"@type":"Person","@id":"https:\/\/seausasino.pl\/news\/#\/schema\/person\/83768b5304ac25a7aec12584e5bafa66","name":"admin","image":{"@type":"ImageObject","inLanguage":"pl-PL","@id":"https:\/\/seausasino.pl\/news\/#\/schema\/person\/image\/","url":"https:\/\/secure.gravatar.com\/avatar\/fc9bb3bac2b6959872cb274c84c62cf23e37f06526382b7da0d744fac7f387cb?s=96&d=mm&r=g","contentUrl":"https:\/\/secure.gravatar.com\/avatar\/fc9bb3bac2b6959872cb274c84c62cf23e37f06526382b7da0d744fac7f387cb?s=96&d=mm&r=g","caption":"admin"},"url":"https:\/\/seausasino.pl\/news\/author\/admin\/"}]}},"_links":{"self":[{"href":"https:\/\/seausasino.pl\/news\/wp-json\/wp\/v2\/posts\/4462","targetHints":{"allow":["GET"]}}],"collection":[{"href":"https:\/\/seausasino.pl\/news\/wp-json\/wp\/v2\/posts"}],"about":[{"href":"https:\/\/seausasino.pl\/news\/wp-json\/wp\/v2\/types\/post"}],"author":[{"embeddable":true,"href":"https:\/\/seausasino.pl\/news\/wp-json\/wp\/v2\/users\/1"}],"replies":[{"embeddable":true,"href":"https:\/\/seausasino.pl\/news\/wp-json\/wp\/v2\/comments?post=4462"}],"version-history":[{"count":1,"href":"https:\/\/seausasino.pl\/news\/wp-json\/wp\/v2\/posts\/4462\/revisions"}],"predecessor-version":[{"id":4479,"href":"https:\/\/seausasino.pl\/news\/wp-json\/wp\/v2\/posts\/4462\/revisions\/4479"}],"wp:featuredmedia":[{"embeddable":true,"href":"https:\/\/seausasino.pl\/news\/wp-json\/wp\/v2\/media\/4461"}],"wp:attachment":[{"href":"https:\/\/seausasino.pl\/news\/wp-json\/wp\/v2\/media?parent=4462"}],"wp:term":[{"taxonomy":"category","embeddable":true,"href":"https:\/\/seausasino.pl\/news\/wp-json\/wp\/v2\/categories?post=4462"},{"taxonomy":"post_tag","embeddable":true,"href":"https:\/\/seausasino.pl\/news\/wp-json\/wp\/v2\/tags?post=4462"}],"curies":[{"name":"wp","href":"https:\/\/api.w.org\/{rel}","templated":true}]}}