{"id":4460,"date":"2026-08-09T16:16:06","date_gmt":"2026-08-09T14:16:06","guid":{"rendered":"https:\/\/blog.seausasino.pl\/2026\/08\/granatowe-zaslony-popoludnie-w-salonie-0809\/"},"modified":"2026-08-10T12:42:56","modified_gmt":"2026-08-10T10:42:56","slug":"granatowe-zaslony-popoludnie-w-salonie-0809","status":"publish","type":"post","link":"https:\/\/seausasino.pl\/news\/pl\/2026\/08\/granatowe-zaslony-popoludnie-w-salonie-0809\/","title":{"rendered":"Granatowe zas\u0142ony i popo\u0142udnie w salonie"},"content":{"rendered":"<figure style=\"margin:0 auto;max-width:720px;\"><img decoding=\"async\" src=\"https:\/\/riceayyncripijgnlhzv.supabase.co\/storage\/v1\/object\/public\/content-studio\/seausasino-biblioteka\/szuflada-20220622200347-FBD1CD.jpg\" alt=\"Granatowe zas\u0142ony i popo\u0142udnie w salonie\" style=\"width:100%;aspect-ratio:4\/5;object-fit:cover;display:block;\" \/><\/figure>\n<p>Oko\u0142o szesnastej s\u0142o\u0144ce wchodzi ju\u017c inaczej &#8211; nisko, bokiem, przez drzwi balkonowe prowadz\u0105ce na taras. Wpada do salonu i k\u0142adzie si\u0119 na jasnym drewnie \u015bcian, na bia\u0142ym regale, na be\u017cowej kanapie zasypanej poduszkami. To jedna z tych chwil dnia, kiedy dom w Sasinie pokazuje si\u0119 z najlepszej strony &#8211; bez po\u015bpiechu, bez planu, po prostu jest.<\/p>\n<p>Granatowo-z\u0142ote zas\u0142ony przy oknach robi\u0105 w takim \u015bwietle r\u00f3\u017cnic\u0119. Ich orientalny wz\u00f3r &#8211; ksi\u0119\u017cyce i gwiazdy na ciemnym tle &#8211; kontrastuje z jasnym, sosnowym wn\u0119trzem i sprawia, \u017ce salon nie wygl\u0105da jak typowy drewniany domek, tylko jak miejsce, w kt\u00f3rym kto\u015b pomy\u015bla\u0142 o ka\u017cdym detalu. Podobnie jest z dekoracjami: metalowe ptaki lec\u0105ce po \u015bcianie, ma\u0142y model \u017cagl\u00f3wki na parapecie, ciep\u0142a lampka na komodzie. Nic przypadkowego, nic na pokaz &#8211; po prostu elementy, kt\u00f3re dobrze si\u0119 czuje, siedz\u0105c wieczorem z kubkiem herbaty.<\/p>\n<h2>Co wida\u0107 z kanapy w salonie<\/h2>\n<p>Tapicerowane krzes\u0142o stoi przodem do drzwi balkonowych, wi\u0119c naturalnie przyci\u0105ga wzrok w stron\u0119 ogrodu. Przez oszklone skrzyd\u0142a wida\u0107 fragment tarasu, kawa\u0142ek trawnika i ziele\u0144 s\u0105siaduj\u0105c\u0105 z sosnowym lasem, kt\u00f3ry prowadzi w stron\u0119 pla\u017cy Stilo. To ten rodzaj widoku, kt\u00f3ry zmienia si\u0119 z ka\u017cd\u0105 por\u0105 dnia &#8211; rano ostry i ch\u0142odny, po po\u0142udniu mi\u0119kki, z\u0142oty, jak dzi\u015b. Drewniany st\u00f3\u0142 z krzes\u0142ami stoi bli\u017cej okna z drugiej strony salonu &#8211; to przy nim najcz\u0119\u015bciej zostaj\u0105 otwarte ksi\u0105\u017cki, mapy okolicy albo zwyk\u0142a gra planszowa na wiecz\u00f3r.<\/p>\n<h2>Dom, kt\u00f3ry mie\u015bci ca\u0142y dzie\u0144<\/h2>\n<p>W domach SeaUSasino salon to serce dnia &#8211; miejsce, do kt\u00f3rego wraca si\u0119 po spacerze do Kopalina, po grzybobraniu w lesie za Sasinem albo po wieczornym spacerze do Stilo. Kilka krok\u00f3w dalej czeka dom z kominkiem, wi\u0119c gdy za oknem robi si\u0119 ch\u0142odniej, wystarczy przenie\u015b\u0107 si\u0119 o pok\u00f3j dalej. Ale samo popo\u0142udnie w salonie, w otoczeniu jasnego drewna i mi\u0119kkiego \u015bwiat\u0142a, ma sw\u00f3j w\u0142asny rytm &#8211; spokojny, bez po\u015bpiechu, dok\u0142adnie taki, po jaki przyje\u017cd\u017ca si\u0119 nad morze.<\/p>\n<h3>Detale, kt\u00f3re zapadaj\u0105 w pami\u0119\u0107<\/h3>\n<ul>\n<li>Zas\u0142ony w granatowo-z\u0142otym wzorze, kt\u00f3re o\u017cywiaj\u0105 jasne wn\u0119trze<\/li>\n<li>Model \u017cagl\u00f3wki i metalowe ptaki jako morskie akcenty w drewnianym salonie<\/li>\n<li>Drzwi balkonowe otwieraj\u0105ce widok na ogr\u00f3d i las w tle<\/li>\n<li>Kameralna przestrze\u0144, w kt\u00f3rej dzie\u0144 zwalnia sam z siebie<\/li>\n<\/ul>\n<p>Takie wn\u0119trza to jeden z powod\u00f3w, dla kt\u00f3rych w\u015br\u00f3d ofert na domy nad morzem do wynajecia domy w Sasinie wracaj\u0105 do go\u015bci rok po roku &#8211; nie ze wzgl\u0119du na jeden efektowny kadr, tylko na sum\u0119 ma\u0142ych, dobrze przemy\u015blanych detali.<\/p>\n<h2>Wolne terminy w SeaUSasino<\/h2>\n<p>\ud83d\udccd Najbli\u017cszy wolny termin: <strong>10.08.2026<\/strong><\/p>\n<p>Cztery ca\u0142oroczne, luksusowe domy z drewna w Sasinie \u2014 ka\u017cdy dla o\u015bmiu os\u00f3b, z kominkiem i prywatnym ogrodem, spacer sosnowym lasem od pla\u017cy Stilo. Sprawd\u017a dost\u0119pno\u015b\u0107 i <a href=\"https:\/\/seausasino.pl\">zarezerwuj na seausasino.pl<\/a>.<\/p>\n","protected":false},"excerpt":{"rendered":"<p>Jasne drewno, granatowe zas\u0142ony i widok na ogr\u00f3d &#8211; popo\u0142udnie w jednym z dom\u00f3w SeaUSasino. Sprawd\u017a terminy i zarezerwuj domek w Sasinie nad morzem.<\/p>\n","protected":false},"author":1,"featured_media":4459,"comment_status":"closed","ping_status":"closed","sticky":false,"template":"","format":"standard","meta":{"_yoast_wpseo_focuskw":"","_yoast_wpseo_title":"SEAUSASINO.PL \u2014 Wn\u0119trza dom\u00f3w nad morzem, Sasino","_yoast_wpseo_metadesc":"Jasne drewno, granatowe zas\u0142ony i widok na ogr\u00f3d. Zobacz wn\u0119trza ca\u0142orocznych dom\u00f3w w Sasinie i sprawd\u017a wolne terminy nad Ba\u0142tykiem.","seau_keywords":"wn\u0119trza dom\u00f3w, Sasino domki, domy nad morzem, nocleg Sasino, dom drewniany","footnotes":""},"categories":[12],"tags":[],"class_list":["post-4460","post","type-post","status-publish","format-standard","has-post-thumbnail","hentry","category-bez-kategorii-pl"],"yoast_head":"<!-- This site is optimized with the Yoast SEO plugin v22.6 - https:\/\/yoast.com\/wordpress\/plugins\/seo\/ -->\n<title>SEAUSASINO.PL \u2014 Wn\u0119trza dom\u00f3w nad morzem, Sasino<\/title>\n<meta name=\"description\" content=\"Jasne drewno, granatowe zas\u0142ony i widok na ogr\u00f3d. Zobacz wn\u0119trza ca\u0142orocznych dom\u00f3w w Sasinie i sprawd\u017a wolne terminy nad Ba\u0142tykiem.\" \/>\n<meta name=\"robots\" content=\"index, follow, max-snippet:-1, max-image-preview:large, max-video-preview:-1\" \/>\n<link rel=\"canonical\" href=\"https:\/\/seausasino.pl\/news\/pl\/2026\/08\/granatowe-zaslony-popoludnie-w-salonie-0809\/\" \/>\n<meta property=\"og:locale\" content=\"pl_PL\" \/>\n<meta property=\"og:type\" content=\"article\" \/>\n<meta property=\"og:title\" content=\"SEAUSASINO.PL \u2014 Wn\u0119trza dom\u00f3w nad morzem, Sasino\" \/>\n<meta property=\"og:description\" content=\"Jasne drewno, granatowe zas\u0142ony i widok na ogr\u00f3d. Zobacz wn\u0119trza ca\u0142orocznych dom\u00f3w w Sasinie i sprawd\u017a wolne terminy nad Ba\u0142tykiem.\" \/>\n<meta property=\"og:url\" content=\"https:\/\/seausasino.pl\/news\/pl\/2026\/08\/granatowe-zaslony-popoludnie-w-salonie-0809\/\" \/>\n<meta property=\"og:site_name\" content=\"SeaUSasino\" \/>\n<meta property=\"article:publisher\" content=\"https:\/\/www.facebook.com\/sasinoapartments4rent\" \/>\n<meta property=\"article:published_time\" content=\"2026-08-09T14:16:06+00:00\" \/>\n<meta property=\"article:modified_time\" content=\"2026-08-10T10:42:56+00:00\" \/>\n<meta property=\"og:image\" content=\"https:\/\/seausasino.pl\/news\/wp-content\/uploads\/2026\/08\/seau-granatowe-zaslony-popoludnie-w-salonie-0809.jpg\" \/>\n\t<meta property=\"og:image:width\" content=\"1280\" \/>\n\t<meta property=\"og:image:height\" content=\"1920\" \/>\n\t<meta property=\"og:image:type\" content=\"image\/jpeg\" \/>\n<meta name=\"author\" content=\"admin\" \/>\n<meta name=\"twitter:card\" content=\"summary_large_image\" \/>\n<meta name=\"twitter:label1\" content=\"Napisane przez\" \/>\n\t<meta name=\"twitter:data1\" content=\"admin\" \/>\n\t<meta name=\"twitter:label2\" content=\"Szacowany czas czytania\" \/>\n\t<meta name=\"twitter:data2\" content=\"3 minuty\" \/>\n<script type=\"application\/ld+json\" class=\"yoast-schema-graph\">{\"@context\":\"https:\/\/schema.org\",\"@graph\":[{\"@type\":\"Article\",\"@id\":\"https:\/\/seausasino.pl\/news\/pl\/2026\/08\/granatowe-zaslony-popoludnie-w-salonie-0809\/#article\",\"isPartOf\":{\"@id\":\"https:\/\/seausasino.pl\/news\/pl\/2026\/08\/granatowe-zaslony-popoludnie-w-salonie-0809\/\"},\"author\":{\"name\":\"admin\",\"@id\":\"https:\/\/seausasino.pl\/news\/#\/schema\/person\/83768b5304ac25a7aec12584e5bafa66\"},\"headline\":\"Granatowe zas\u0142ony i popo\u0142udnie w salonie\",\"datePublished\":\"2026-08-09T14:16:06+00:00\",\"dateModified\":\"2026-08-10T10:42:56+00:00\",\"mainEntityOfPage\":{\"@id\":\"https:\/\/seausasino.pl\/news\/pl\/2026\/08\/granatowe-zaslony-popoludnie-w-salonie-0809\/\"},\"wordCount\":524,\"publisher\":{\"@id\":\"https:\/\/seausasino.pl\/news\/#organization\"},\"image\":{\"@id\":\"https:\/\/seausasino.pl\/news\/pl\/2026\/08\/granatowe-zaslony-popoludnie-w-salonie-0809\/#primaryimage\"},\"thumbnailUrl\":\"https:\/\/seausasino.pl\/news\/wp-content\/uploads\/2026\/08\/seau-granatowe-zaslony-popoludnie-w-salonie-0809.jpg\",\"inLanguage\":\"pl-PL\"},{\"@type\":\"WebPage\",\"@id\":\"https:\/\/seausasino.pl\/news\/pl\/2026\/08\/granatowe-zaslony-popoludnie-w-salonie-0809\/\",\"url\":\"https:\/\/seausasino.pl\/news\/pl\/2026\/08\/granatowe-zaslony-popoludnie-w-salonie-0809\/\",\"name\":\"SEAUSASINO.PL \u2014 Wn\u0119trza dom\u00f3w nad morzem, Sasino\",\"isPartOf\":{\"@id\":\"https:\/\/seausasino.pl\/news\/#website\"},\"primaryImageOfPage\":{\"@id\":\"https:\/\/seausasino.pl\/news\/pl\/2026\/08\/granatowe-zaslony-popoludnie-w-salonie-0809\/#primaryimage\"},\"image\":{\"@id\":\"https:\/\/seausasino.pl\/news\/pl\/2026\/08\/granatowe-zaslony-popoludnie-w-salonie-0809\/#primaryimage\"},\"thumbnailUrl\":\"https:\/\/seausasino.pl\/news\/wp-content\/uploads\/2026\/08\/seau-granatowe-zaslony-popoludnie-w-salonie-0809.jpg\",\"datePublished\":\"2026-08-09T14:16:06+00:00\",\"dateModified\":\"2026-08-10T10:42:56+00:00\",\"description\":\"Jasne drewno, granatowe zas\u0142ony i widok na ogr\u00f3d. Zobacz wn\u0119trza ca\u0142orocznych dom\u00f3w w Sasinie i sprawd\u017a wolne terminy nad Ba\u0142tykiem.\",\"breadcrumb\":{\"@id\":\"https:\/\/seausasino.pl\/news\/pl\/2026\/08\/granatowe-zaslony-popoludnie-w-salonie-0809\/#breadcrumb\"},\"inLanguage\":\"pl-PL\",\"potentialAction\":[{\"@type\":\"ReadAction\",\"target\":[\"https:\/\/seausasino.pl\/news\/pl\/2026\/08\/granatowe-zaslony-popoludnie-w-salonie-0809\/\"]}]},{\"@type\":\"ImageObject\",\"inLanguage\":\"pl-PL\",\"@id\":\"https:\/\/seausasino.pl\/news\/pl\/2026\/08\/granatowe-zaslony-popoludnie-w-salonie-0809\/#primaryimage\",\"url\":\"https:\/\/seausasino.pl\/news\/wp-content\/uploads\/2026\/08\/seau-granatowe-zaslony-popoludnie-w-salonie-0809.jpg\",\"contentUrl\":\"https:\/\/seausasino.pl\/news\/wp-content\/uploads\/2026\/08\/seau-granatowe-zaslony-popoludnie-w-salonie-0809.jpg\",\"width\":1280,\"height\":1920},{\"@type\":\"BreadcrumbList\",\"@id\":\"https:\/\/seausasino.pl\/news\/pl\/2026\/08\/granatowe-zaslony-popoludnie-w-salonie-0809\/#breadcrumb\",\"itemListElement\":[{\"@type\":\"ListItem\",\"position\":1,\"name\":\"Strona g\u0142\u00f3wna\",\"item\":\"https:\/\/seausasino.pl\/news\/pl\/\"},{\"@type\":\"ListItem\",\"position\":2,\"name\":\"Granatowe zas\u0142ony i popo\u0142udnie w salonie\"}]},{\"@type\":\"WebSite\",\"@id\":\"https:\/\/seausasino.pl\/news\/#website\",\"url\":\"https:\/\/seausasino.pl\/news\/\",\"name\":\"SeaUSasino\",\"description\":\"Blog\",\"publisher\":{\"@id\":\"https:\/\/seausasino.pl\/news\/#organization\"},\"potentialAction\":[{\"@type\":\"SearchAction\",\"target\":{\"@type\":\"EntryPoint\",\"urlTemplate\":\"https:\/\/seausasino.pl\/news\/?s={search_term_string}\"},\"query-input\":\"required name=search_term_string\"}],\"inLanguage\":\"pl-PL\"},{\"@type\":\"Organization\",\"@id\":\"https:\/\/seausasino.pl\/news\/#organization\",\"name\":\"SeaUSasino\",\"url\":\"https:\/\/seausasino.pl\/news\/\",\"logo\":{\"@type\":\"ImageObject\",\"inLanguage\":\"pl-PL\",\"@id\":\"https:\/\/seausasino.pl\/news\/#\/schema\/logo\/image\/\",\"url\":\"https:\/\/seausasino.pl\/news\/wp-content\/uploads\/2022\/09\/06-2.jpg\",\"contentUrl\":\"https:\/\/seausasino.pl\/news\/wp-content\/uploads\/2022\/09\/06-2.jpg\",\"width\":853,\"height\":1280,\"caption\":\"SeaUSasino\"},\"image\":{\"@id\":\"https:\/\/seausasino.pl\/news\/#\/schema\/logo\/image\/\"},\"sameAs\":[\"https:\/\/www.facebook.com\/sasinoapartments4rent\",\"https:\/\/www.instagram.com\/seausasino\"]},{\"@type\":\"Person\",\"@id\":\"https:\/\/seausasino.pl\/news\/#\/schema\/person\/83768b5304ac25a7aec12584e5bafa66\",\"name\":\"admin\",\"image\":{\"@type\":\"ImageObject\",\"inLanguage\":\"pl-PL\",\"@id\":\"https:\/\/seausasino.pl\/news\/#\/schema\/person\/image\/\",\"url\":\"https:\/\/secure.gravatar.com\/avatar\/fc9bb3bac2b6959872cb274c84c62cf23e37f06526382b7da0d744fac7f387cb?s=96&d=mm&r=g\",\"contentUrl\":\"https:\/\/secure.gravatar.com\/avatar\/fc9bb3bac2b6959872cb274c84c62cf23e37f06526382b7da0d744fac7f387cb?s=96&d=mm&r=g\",\"caption\":\"admin\"},\"url\":\"https:\/\/seausasino.pl\/news\/author\/admin\/\"}]}<\/script>\n<!-- \/ Yoast SEO plugin. -->","yoast_head_json":{"title":"SEAUSASINO.PL \u2014 Wn\u0119trza dom\u00f3w nad morzem, Sasino","description":"Jasne drewno, granatowe zas\u0142ony i widok na ogr\u00f3d. Zobacz wn\u0119trza ca\u0142orocznych dom\u00f3w w Sasinie i sprawd\u017a wolne terminy nad Ba\u0142tykiem.","robots":{"index":"index","follow":"follow","max-snippet":"max-snippet:-1","max-image-preview":"max-image-preview:large","max-video-preview":"max-video-preview:-1"},"canonical":"https:\/\/seausasino.pl\/news\/pl\/2026\/08\/granatowe-zaslony-popoludnie-w-salonie-0809\/","og_locale":"pl_PL","og_type":"article","og_title":"SEAUSASINO.PL \u2014 Wn\u0119trza dom\u00f3w nad morzem, Sasino","og_description":"Jasne drewno, granatowe zas\u0142ony i widok na ogr\u00f3d. Zobacz wn\u0119trza ca\u0142orocznych dom\u00f3w w Sasinie i sprawd\u017a wolne terminy nad Ba\u0142tykiem.","og_url":"https:\/\/seausasino.pl\/news\/pl\/2026\/08\/granatowe-zaslony-popoludnie-w-salonie-0809\/","og_site_name":"SeaUSasino","article_publisher":"https:\/\/www.facebook.com\/sasinoapartments4rent","article_published_time":"2026-08-09T14:16:06+00:00","article_modified_time":"2026-08-10T10:42:56+00:00","og_image":[{"width":1280,"height":1920,"url":"https:\/\/seausasino.pl\/news\/wp-content\/uploads\/2026\/08\/seau-granatowe-zaslony-popoludnie-w-salonie-0809.jpg","type":"image\/jpeg"}],"author":"admin","twitter_card":"summary_large_image","twitter_misc":{"Napisane przez":"admin","Szacowany czas czytania":"3 minuty"},"schema":{"@context":"https:\/\/schema.org","@graph":[{"@type":"Article","@id":"https:\/\/seausasino.pl\/news\/pl\/2026\/08\/granatowe-zaslony-popoludnie-w-salonie-0809\/#article","isPartOf":{"@id":"https:\/\/seausasino.pl\/news\/pl\/2026\/08\/granatowe-zaslony-popoludnie-w-salonie-0809\/"},"author":{"name":"admin","@id":"https:\/\/seausasino.pl\/news\/#\/schema\/person\/83768b5304ac25a7aec12584e5bafa66"},"headline":"Granatowe zas\u0142ony i popo\u0142udnie w salonie","datePublished":"2026-08-09T14:16:06+00:00","dateModified":"2026-08-10T10:42:56+00:00","mainEntityOfPage":{"@id":"https:\/\/seausasino.pl\/news\/pl\/2026\/08\/granatowe-zaslony-popoludnie-w-salonie-0809\/"},"wordCount":524,"publisher":{"@id":"https:\/\/seausasino.pl\/news\/#organization"},"image":{"@id":"https:\/\/seausasino.pl\/news\/pl\/2026\/08\/granatowe-zaslony-popoludnie-w-salonie-0809\/#primaryimage"},"thumbnailUrl":"https:\/\/seausasino.pl\/news\/wp-content\/uploads\/2026\/08\/seau-granatowe-zaslony-popoludnie-w-salonie-0809.jpg","inLanguage":"pl-PL"},{"@type":"WebPage","@id":"https:\/\/seausasino.pl\/news\/pl\/2026\/08\/granatowe-zaslony-popoludnie-w-salonie-0809\/","url":"https:\/\/seausasino.pl\/news\/pl\/2026\/08\/granatowe-zaslony-popoludnie-w-salonie-0809\/","name":"SEAUSASINO.PL \u2014 Wn\u0119trza dom\u00f3w nad morzem, Sasino","isPartOf":{"@id":"https:\/\/seausasino.pl\/news\/#website"},"primaryImageOfPage":{"@id":"https:\/\/seausasino.pl\/news\/pl\/2026\/08\/granatowe-zaslony-popoludnie-w-salonie-0809\/#primaryimage"},"image":{"@id":"https:\/\/seausasino.pl\/news\/pl\/2026\/08\/granatowe-zaslony-popoludnie-w-salonie-0809\/#primaryimage"},"thumbnailUrl":"https:\/\/seausasino.pl\/news\/wp-content\/uploads\/2026\/08\/seau-granatowe-zaslony-popoludnie-w-salonie-0809.jpg","datePublished":"2026-08-09T14:16:06+00:00","dateModified":"2026-08-10T10:42:56+00:00","description":"Jasne drewno, granatowe zas\u0142ony i widok na ogr\u00f3d. Zobacz wn\u0119trza ca\u0142orocznych dom\u00f3w w Sasinie i sprawd\u017a wolne terminy nad Ba\u0142tykiem.","breadcrumb":{"@id":"https:\/\/seausasino.pl\/news\/pl\/2026\/08\/granatowe-zaslony-popoludnie-w-salonie-0809\/#breadcrumb"},"inLanguage":"pl-PL","potentialAction":[{"@type":"ReadAction","target":["https:\/\/seausasino.pl\/news\/pl\/2026\/08\/granatowe-zaslony-popoludnie-w-salonie-0809\/"]}]},{"@type":"ImageObject","inLanguage":"pl-PL","@id":"https:\/\/seausasino.pl\/news\/pl\/2026\/08\/granatowe-zaslony-popoludnie-w-salonie-0809\/#primaryimage","url":"https:\/\/seausasino.pl\/news\/wp-content\/uploads\/2026\/08\/seau-granatowe-zaslony-popoludnie-w-salonie-0809.jpg","contentUrl":"https:\/\/seausasino.pl\/news\/wp-content\/uploads\/2026\/08\/seau-granatowe-zaslony-popoludnie-w-salonie-0809.jpg","width":1280,"height":1920},{"@type":"BreadcrumbList","@id":"https:\/\/seausasino.pl\/news\/pl\/2026\/08\/granatowe-zaslony-popoludnie-w-salonie-0809\/#breadcrumb","itemListElement":[{"@type":"ListItem","position":1,"name":"Strona g\u0142\u00f3wna","item":"https:\/\/seausasino.pl\/news\/pl\/"},{"@type":"ListItem","position":2,"name":"Granatowe zas\u0142ony i popo\u0142udnie w salonie"}]},{"@type":"WebSite","@id":"https:\/\/seausasino.pl\/news\/#website","url":"https:\/\/seausasino.pl\/news\/","name":"SeaUSasino","description":"Blog","publisher":{"@id":"https:\/\/seausasino.pl\/news\/#organization"},"potentialAction":[{"@type":"SearchAction","target":{"@type":"EntryPoint","urlTemplate":"https:\/\/seausasino.pl\/news\/?s={search_term_string}"},"query-input":"required name=search_term_string"}],"inLanguage":"pl-PL"},{"@type":"Organization","@id":"https:\/\/seausasino.pl\/news\/#organization","name":"SeaUSasino","url":"https:\/\/seausasino.pl\/news\/","logo":{"@type":"ImageObject","inLanguage":"pl-PL","@id":"https:\/\/seausasino.pl\/news\/#\/schema\/logo\/image\/","url":"https:\/\/seausasino.pl\/news\/wp-content\/uploads\/2022\/09\/06-2.jpg","contentUrl":"https:\/\/seausasino.pl\/news\/wp-content\/uploads\/2022\/09\/06-2.jpg","width":853,"height":1280,"caption":"SeaUSasino"},"image":{"@id":"https:\/\/seausasino.pl\/news\/#\/schema\/logo\/image\/"},"sameAs":["https:\/\/www.facebook.com\/sasinoapartments4rent","https:\/\/www.instagram.com\/seausasino"]},{"@type":"Person","@id":"https:\/\/seausasino.pl\/news\/#\/schema\/person\/83768b5304ac25a7aec12584e5bafa66","name":"admin","image":{"@type":"ImageObject","inLanguage":"pl-PL","@id":"https:\/\/seausasino.pl\/news\/#\/schema\/person\/image\/","url":"https:\/\/secure.gravatar.com\/avatar\/fc9bb3bac2b6959872cb274c84c62cf23e37f06526382b7da0d744fac7f387cb?s=96&d=mm&r=g","contentUrl":"https:\/\/secure.gravatar.com\/avatar\/fc9bb3bac2b6959872cb274c84c62cf23e37f06526382b7da0d744fac7f387cb?s=96&d=mm&r=g","caption":"admin"},"url":"https:\/\/seausasino.pl\/news\/author\/admin\/"}]}},"_links":{"self":[{"href":"https:\/\/seausasino.pl\/news\/wp-json\/wp\/v2\/posts\/4460","targetHints":{"allow":["GET"]}}],"collection":[{"href":"https:\/\/seausasino.pl\/news\/wp-json\/wp\/v2\/posts"}],"about":[{"href":"https:\/\/seausasino.pl\/news\/wp-json\/wp\/v2\/types\/post"}],"author":[{"embeddable":true,"href":"https:\/\/seausasino.pl\/news\/wp-json\/wp\/v2\/users\/1"}],"replies":[{"embeddable":true,"href":"https:\/\/seausasino.pl\/news\/wp-json\/wp\/v2\/comments?post=4460"}],"version-history":[{"count":1,"href":"https:\/\/seausasino.pl\/news\/wp-json\/wp\/v2\/posts\/4460\/revisions"}],"predecessor-version":[{"id":4480,"href":"https:\/\/seausasino.pl\/news\/wp-json\/wp\/v2\/posts\/4460\/revisions\/4480"}],"wp:featuredmedia":[{"embeddable":true,"href":"https:\/\/seausasino.pl\/news\/wp-json\/wp\/v2\/media\/4459"}],"wp:attachment":[{"href":"https:\/\/seausasino.pl\/news\/wp-json\/wp\/v2\/media?parent=4460"}],"wp:term":[{"taxonomy":"category","embeddable":true,"href":"https:\/\/seausasino.pl\/news\/wp-json\/wp\/v2\/categories?post=4460"},{"taxonomy":"post_tag","embeddable":true,"href":"https:\/\/seausasino.pl\/news\/wp-json\/wp\/v2\/tags?post=4460"}],"curies":[{"name":"wp","href":"https:\/\/api.w.org\/{rel}","templated":true}]}}