{"id":4454,"date":"2026-08-08T16:16:00","date_gmt":"2026-08-08T14:16:00","guid":{"rendered":"https:\/\/blog.seausasino.pl\/2026\/08\/wieczor-zolta-deska-plaza-stilo-0808\/"},"modified":"2026-08-10T12:42:55","modified_gmt":"2026-08-10T10:42:55","slug":"wieczor-zolta-deska-plaza-stilo-0808","status":"publish","type":"post","link":"https:\/\/seausasino.pl\/news\/pl\/2026\/08\/wieczor-zolta-deska-plaza-stilo-0808\/","title":{"rendered":"\u017b\u00f3\u0142ta deska i wieczorne poszukiwania na Stilo"},"content":{"rendered":"<figure style=\"margin:0 auto;max-width:720px;\"><img decoding=\"async\" src=\"https:\/\/riceayyncripijgnlhzv.supabase.co\/storage\/v1\/object\/public\/content-studio\/seausasino-biblioteka\/szuflada-20220622201221-A5E1AC.jpg\" alt=\"\u017b\u00f3\u0142ta deska i wieczorne poszukiwania na Stilo\" style=\"width:100%;aspect-ratio:4\/5;object-fit:cover;display:block;\" \/><\/figure>\n<p>Ba\u0142tyk o tej godzinie ma inny kolor ni\u017c w po\u0142udnie. Szarozielona woda, fale uk\u0142adaj\u0105 si\u0119 w r\u00f3wne, spokojne linie, a \u015bwiat\u0142o schodzi gdzie\u015b za horyzont, zostawiaj\u0105c na piasku srebrzysty po\u0142ysk. To jest ten moment dnia, kiedy pla\u017ca Stilo pustoszeje z parasoli i r\u0119cznik\u00f3w, a zostaj\u0105 na niej tylko ci, kt\u00f3rzy przyszli tu nie na le\u017cenie, tylko na spacer.<\/p>\n<p>Dzi\u015b wieczorem na piasku sta\u0142a \u017c\u00f3\u0142ta deska surfingowa, wbita w mokry brzeg jak drogowskaz. Obok niej dwie postacie &#8211; w r\u00f3\u017cowej bluzie i w czapce z daszkiem &#8211; schylone, wpatrzone w piasek u swoich st\u00f3p. Nie szuka\u0142y fal. Szuka\u0142y tego, co fale przynosz\u0105 i zostawiaj\u0105, kiedy si\u0119 wycofuj\u0105 &#8211; kamyczk\u00f3w wyg\u0142adzonych przez wod\u0119, kawa\u0142k\u00f3w muszli, mo\u017ce bursztynu, kt\u00f3ry po wi\u0119kszym wietrze potrafi wyp\u0142yn\u0105\u0107 bli\u017cej brzegu. Taka cisza skupienia, w kt\u00f3rej liczy si\u0119 tylko to, co jest tu\u017c przed nosem.<\/p>\n<h2>Co przynosi wieczorna fala na Stilo<\/h2>\n<p>Ba\u0142tyk na tym odcinku, mi\u0119dzy \u0141eb\u0105 a Kopalinem, nie jest przewidywalny. Jednego dnia fala jest leniwa i p\u0142aska, drugiego uderza z impetem i przesuwa piasek, odkrywaj\u0105c to, co le\u017ca\u0142o g\u0142\u0119biej. Dzieci &#8211; i doro\u015bli te\u017c, cho\u0107 rzadziej si\u0119 do tego przyznaj\u0105 &#8211; traktuj\u0105 to jak ma\u0142e polowanie. \u017b\u00f3\u0142ta deska, kt\u00f3r\u0105 wida\u0107 na zdj\u0119ciu, prawdopodobnie s\u0142u\u017cy\u0142a wcze\u015bniej do pluskania si\u0119 w falach, a teraz odpoczywa w piasku, czekaj\u0105c na powr\u00f3t do domu z ogrodem i tarasem, gdzie kto\u015b j\u0105 op\u0142ucze pod pryszni\u0119ciem na zewn\u0105trz.<\/p>\n<p>Poni\u017cej mo\u017cecie zobaczy\u0107 kr\u00f3tki film z tego wieczoru &#8211; fale, piasek, ten spokojny rytm, w kt\u00f3rym czas na pla\u017cy p\u0142ynie inaczej ni\u017c w mie\u015bcie.<\/p>\n<h2>Wiecz\u00f3r jako cz\u0119\u015b\u0107 dnia w Sasinie<\/h2>\n<p>Kto mieszka w jednym z naszych dom\u00f3w, wie, \u017ce wiecz\u00f3r na Stilo to nie dodatek do dnia, tylko jego najlepsza cz\u0119\u015b\u0107. Po ca\u0142ym dniu na s\u0142o\u0144cu, po obiedzie z rusztu albo prostej rybie kupionej rano w porcie, sosnowy las prowadzi tu w kilka minut. Wraca si\u0119 z pla\u017cy ju\u017c bez po\u015bpiechu, z piaskiem mi\u0119dzy palcami i g\u0142ow\u0105 pe\u0142n\u0105 tego, co uda\u0142o si\u0119 znale\u017a\u0107 &#8211; albo czego nie uda\u0142o si\u0119 znale\u017a\u0107, co te\u017c jest cz\u0119\u015bci\u0105 przygody.<\/p>\n<p>Domy nad morzem do wynaj\u0119cia w tej cz\u0119\u015bci wybrze\u017ca maj\u0105 t\u0119 przewag\u0119, \u017ce pla\u017ca jest naprawd\u0119 blisko, a wieczorne wypady nie wymagaj\u0105 samochodu, tylko chwili spacerowej ciszy mi\u0119dzy pniami sosen. Dom z kominkiem czeka wtedy z ciep\u0142em na powr\u00f3t, kiedy z morza zaczyna wia\u0107 ch\u0142odniejsze powietrze.<\/p>\n<h3>Sierpniowe wieczory w Sasinie<\/h3>\n<p>Sierpie\u0144 na Stilo bywa w\u0142a\u015bnie taki &#8211; troch\u0119 zachmurzony, troch\u0119 z\u0142oty, z fal\u0105, kt\u00f3ra nie daje spokoju i zaprasza do szukania. Najbli\u017cszy wolny termin w naszych domach to 10.08.2026 &#8211; dobra okazja, \u017ceby samemu sprawdzi\u0107, co przynosi wieczorna fala.<\/p>\n<p style=\"text-align:center;\"><video controls preload=\"metadata\" style=\"width:100%;max-width:540px;aspect-ratio:9\/16;object-fit:cover;\" src=\"https:\/\/riceayyncripijgnlhzv.supabase.co\/storage\/v1\/object\/public\/content-studio\/seausasino-reels\/reel-wnetrza-01.mp4\"><\/video><\/p>\n<h2>Wolne terminy w SeaUSasino<\/h2>\n<p>\ud83d\udccd Najbli\u017cszy wolny termin: <strong>10.08.2026<\/strong><\/p>\n<p>Cztery ca\u0142oroczne, luksusowe domy z drewna w Sasinie \u2014 ka\u017cdy dla o\u015bmiu os\u00f3b, z kominkiem i prywatnym ogrodem, spacer sosnowym lasem od pla\u017cy Stilo. Sprawd\u017a dost\u0119pno\u015b\u0107 i <a href=\"https:\/\/seausasino.pl\">zarezerwuj na seausasino.pl<\/a>.<\/p>\n","protected":false},"excerpt":{"rendered":"<p>\u017b\u00f3\u0142ta deska surfingowa w piasku, poszukiwanie skarb\u00f3w po fali. Zobacz wiecz\u00f3r na Stilo i zarezerwuj dom nad morzem w Sasinie.<\/p>\n","protected":false},"author":1,"featured_media":4453,"comment_status":"closed","ping_status":"closed","sticky":false,"template":"","format":"standard","meta":{"_yoast_wpseo_focuskw":"","_yoast_wpseo_title":"SEAUSASINO.PL \u2014 Pla\u017ca Stilo \u2014 noclegi w Sasinie","_yoast_wpseo_metadesc":"Wiecz\u00f3r na dzikiej pla\u017cy Stilo, pi\u0119\u0107 kilometr\u00f3w sosnowym lasem od dom\u00f3w. Sprawd\u017a wolne terminy w drewnianych domach nad morzem.","seau_keywords":"pla\u017ca Stilo, Stilo noclegi, domy nad morzem, Sasino domki, dom nad Ba\u0142tykiem","footnotes":""},"categories":[12],"tags":[],"class_list":["post-4454","post","type-post","status-publish","format-standard","has-post-thumbnail","hentry","category-bez-kategorii-pl"],"yoast_head":"<!-- This site is optimized with the Yoast SEO plugin v22.6 - https:\/\/yoast.com\/wordpress\/plugins\/seo\/ -->\n<title>SEAUSASINO.PL \u2014 Pla\u017ca Stilo \u2014 noclegi w Sasinie<\/title>\n<meta name=\"description\" content=\"Wiecz\u00f3r na dzikiej pla\u017cy Stilo, pi\u0119\u0107 kilometr\u00f3w sosnowym lasem od dom\u00f3w. Sprawd\u017a wolne terminy w drewnianych domach nad morzem.\" \/>\n<meta name=\"robots\" content=\"index, follow, max-snippet:-1, max-image-preview:large, max-video-preview:-1\" \/>\n<link rel=\"canonical\" href=\"https:\/\/seausasino.pl\/news\/pl\/2026\/08\/wieczor-zolta-deska-plaza-stilo-0808\/\" \/>\n<meta property=\"og:locale\" content=\"pl_PL\" \/>\n<meta property=\"og:type\" content=\"article\" \/>\n<meta property=\"og:title\" content=\"SEAUSASINO.PL \u2014 Pla\u017ca Stilo \u2014 noclegi w Sasinie\" \/>\n<meta property=\"og:description\" content=\"Wiecz\u00f3r na dzikiej pla\u017cy Stilo, pi\u0119\u0107 kilometr\u00f3w sosnowym lasem od dom\u00f3w. Sprawd\u017a wolne terminy w drewnianych domach nad morzem.\" \/>\n<meta property=\"og:url\" content=\"https:\/\/seausasino.pl\/news\/pl\/2026\/08\/wieczor-zolta-deska-plaza-stilo-0808\/\" \/>\n<meta property=\"og:site_name\" content=\"SeaUSasino\" \/>\n<meta property=\"article:publisher\" content=\"https:\/\/www.facebook.com\/sasinoapartments4rent\" \/>\n<meta property=\"article:published_time\" content=\"2026-08-08T14:16:00+00:00\" \/>\n<meta property=\"article:modified_time\" content=\"2026-08-10T10:42:55+00:00\" \/>\n<meta property=\"og:image\" content=\"https:\/\/seausasino.pl\/news\/wp-content\/uploads\/2026\/08\/seau-wieczor-zolta-deska-plaza-stilo-0808.jpg\" \/>\n\t<meta property=\"og:image:width\" content=\"1920\" \/>\n\t<meta property=\"og:image:height\" content=\"1280\" \/>\n\t<meta property=\"og:image:type\" content=\"image\/jpeg\" \/>\n<meta name=\"author\" content=\"admin\" \/>\n<meta name=\"twitter:card\" content=\"summary_large_image\" \/>\n<meta name=\"twitter:label1\" content=\"Napisane przez\" \/>\n\t<meta name=\"twitter:data1\" content=\"admin\" \/>\n\t<meta name=\"twitter:label2\" content=\"Szacowany czas czytania\" \/>\n\t<meta name=\"twitter:data2\" content=\"3 minuty\" \/>\n<script type=\"application\/ld+json\" class=\"yoast-schema-graph\">{\"@context\":\"https:\/\/schema.org\",\"@graph\":[{\"@type\":\"Article\",\"@id\":\"https:\/\/seausasino.pl\/news\/pl\/2026\/08\/wieczor-zolta-deska-plaza-stilo-0808\/#article\",\"isPartOf\":{\"@id\":\"https:\/\/seausasino.pl\/news\/pl\/2026\/08\/wieczor-zolta-deska-plaza-stilo-0808\/\"},\"author\":{\"name\":\"admin\",\"@id\":\"https:\/\/seausasino.pl\/news\/#\/schema\/person\/83768b5304ac25a7aec12584e5bafa66\"},\"headline\":\"\u017b\u00f3\u0142ta deska i wieczorne poszukiwania na Stilo\",\"datePublished\":\"2026-08-08T14:16:00+00:00\",\"dateModified\":\"2026-08-10T10:42:55+00:00\",\"mainEntityOfPage\":{\"@id\":\"https:\/\/seausasino.pl\/news\/pl\/2026\/08\/wieczor-zolta-deska-plaza-stilo-0808\/\"},\"wordCount\":551,\"publisher\":{\"@id\":\"https:\/\/seausasino.pl\/news\/#organization\"},\"image\":{\"@id\":\"https:\/\/seausasino.pl\/news\/pl\/2026\/08\/wieczor-zolta-deska-plaza-stilo-0808\/#primaryimage\"},\"thumbnailUrl\":\"https:\/\/seausasino.pl\/news\/wp-content\/uploads\/2026\/08\/seau-wieczor-zolta-deska-plaza-stilo-0808.jpg\",\"inLanguage\":\"pl-PL\"},{\"@type\":\"WebPage\",\"@id\":\"https:\/\/seausasino.pl\/news\/pl\/2026\/08\/wieczor-zolta-deska-plaza-stilo-0808\/\",\"url\":\"https:\/\/seausasino.pl\/news\/pl\/2026\/08\/wieczor-zolta-deska-plaza-stilo-0808\/\",\"name\":\"SEAUSASINO.PL \u2014 Pla\u017ca Stilo \u2014 noclegi w Sasinie\",\"isPartOf\":{\"@id\":\"https:\/\/seausasino.pl\/news\/#website\"},\"primaryImageOfPage\":{\"@id\":\"https:\/\/seausasino.pl\/news\/pl\/2026\/08\/wieczor-zolta-deska-plaza-stilo-0808\/#primaryimage\"},\"image\":{\"@id\":\"https:\/\/seausasino.pl\/news\/pl\/2026\/08\/wieczor-zolta-deska-plaza-stilo-0808\/#primaryimage\"},\"thumbnailUrl\":\"https:\/\/seausasino.pl\/news\/wp-content\/uploads\/2026\/08\/seau-wieczor-zolta-deska-plaza-stilo-0808.jpg\",\"datePublished\":\"2026-08-08T14:16:00+00:00\",\"dateModified\":\"2026-08-10T10:42:55+00:00\",\"description\":\"Wiecz\u00f3r na dzikiej pla\u017cy Stilo, pi\u0119\u0107 kilometr\u00f3w sosnowym lasem od dom\u00f3w. Sprawd\u017a wolne terminy w drewnianych domach nad morzem.\",\"breadcrumb\":{\"@id\":\"https:\/\/seausasino.pl\/news\/pl\/2026\/08\/wieczor-zolta-deska-plaza-stilo-0808\/#breadcrumb\"},\"inLanguage\":\"pl-PL\",\"potentialAction\":[{\"@type\":\"ReadAction\",\"target\":[\"https:\/\/seausasino.pl\/news\/pl\/2026\/08\/wieczor-zolta-deska-plaza-stilo-0808\/\"]}]},{\"@type\":\"ImageObject\",\"inLanguage\":\"pl-PL\",\"@id\":\"https:\/\/seausasino.pl\/news\/pl\/2026\/08\/wieczor-zolta-deska-plaza-stilo-0808\/#primaryimage\",\"url\":\"https:\/\/seausasino.pl\/news\/wp-content\/uploads\/2026\/08\/seau-wieczor-zolta-deska-plaza-stilo-0808.jpg\",\"contentUrl\":\"https:\/\/seausasino.pl\/news\/wp-content\/uploads\/2026\/08\/seau-wieczor-zolta-deska-plaza-stilo-0808.jpg\",\"width\":1920,\"height\":1280},{\"@type\":\"BreadcrumbList\",\"@id\":\"https:\/\/seausasino.pl\/news\/pl\/2026\/08\/wieczor-zolta-deska-plaza-stilo-0808\/#breadcrumb\",\"itemListElement\":[{\"@type\":\"ListItem\",\"position\":1,\"name\":\"Strona g\u0142\u00f3wna\",\"item\":\"https:\/\/seausasino.pl\/news\/pl\/\"},{\"@type\":\"ListItem\",\"position\":2,\"name\":\"\u017b\u00f3\u0142ta deska i wieczorne poszukiwania na Stilo\"}]},{\"@type\":\"WebSite\",\"@id\":\"https:\/\/seausasino.pl\/news\/#website\",\"url\":\"https:\/\/seausasino.pl\/news\/\",\"name\":\"SeaUSasino\",\"description\":\"Blog\",\"publisher\":{\"@id\":\"https:\/\/seausasino.pl\/news\/#organization\"},\"potentialAction\":[{\"@type\":\"SearchAction\",\"target\":{\"@type\":\"EntryPoint\",\"urlTemplate\":\"https:\/\/seausasino.pl\/news\/?s={search_term_string}\"},\"query-input\":\"required name=search_term_string\"}],\"inLanguage\":\"pl-PL\"},{\"@type\":\"Organization\",\"@id\":\"https:\/\/seausasino.pl\/news\/#organization\",\"name\":\"SeaUSasino\",\"url\":\"https:\/\/seausasino.pl\/news\/\",\"logo\":{\"@type\":\"ImageObject\",\"inLanguage\":\"pl-PL\",\"@id\":\"https:\/\/seausasino.pl\/news\/#\/schema\/logo\/image\/\",\"url\":\"https:\/\/seausasino.pl\/news\/wp-content\/uploads\/2022\/09\/06-2.jpg\",\"contentUrl\":\"https:\/\/seausasino.pl\/news\/wp-content\/uploads\/2022\/09\/06-2.jpg\",\"width\":853,\"height\":1280,\"caption\":\"SeaUSasino\"},\"image\":{\"@id\":\"https:\/\/seausasino.pl\/news\/#\/schema\/logo\/image\/\"},\"sameAs\":[\"https:\/\/www.facebook.com\/sasinoapartments4rent\",\"https:\/\/www.instagram.com\/seausasino\"]},{\"@type\":\"Person\",\"@id\":\"https:\/\/seausasino.pl\/news\/#\/schema\/person\/83768b5304ac25a7aec12584e5bafa66\",\"name\":\"admin\",\"image\":{\"@type\":\"ImageObject\",\"inLanguage\":\"pl-PL\",\"@id\":\"https:\/\/seausasino.pl\/news\/#\/schema\/person\/image\/\",\"url\":\"https:\/\/secure.gravatar.com\/avatar\/fc9bb3bac2b6959872cb274c84c62cf23e37f06526382b7da0d744fac7f387cb?s=96&d=mm&r=g\",\"contentUrl\":\"https:\/\/secure.gravatar.com\/avatar\/fc9bb3bac2b6959872cb274c84c62cf23e37f06526382b7da0d744fac7f387cb?s=96&d=mm&r=g\",\"caption\":\"admin\"},\"url\":\"https:\/\/seausasino.pl\/news\/author\/admin\/\"}]}<\/script>\n<!-- \/ Yoast SEO plugin. -->","yoast_head_json":{"title":"SEAUSASINO.PL \u2014 Pla\u017ca Stilo \u2014 noclegi w Sasinie","description":"Wiecz\u00f3r na dzikiej pla\u017cy Stilo, pi\u0119\u0107 kilometr\u00f3w sosnowym lasem od dom\u00f3w. Sprawd\u017a wolne terminy w drewnianych domach nad morzem.","robots":{"index":"index","follow":"follow","max-snippet":"max-snippet:-1","max-image-preview":"max-image-preview:large","max-video-preview":"max-video-preview:-1"},"canonical":"https:\/\/seausasino.pl\/news\/pl\/2026\/08\/wieczor-zolta-deska-plaza-stilo-0808\/","og_locale":"pl_PL","og_type":"article","og_title":"SEAUSASINO.PL \u2014 Pla\u017ca Stilo \u2014 noclegi w Sasinie","og_description":"Wiecz\u00f3r na dzikiej pla\u017cy Stilo, pi\u0119\u0107 kilometr\u00f3w sosnowym lasem od dom\u00f3w. Sprawd\u017a wolne terminy w drewnianych domach nad morzem.","og_url":"https:\/\/seausasino.pl\/news\/pl\/2026\/08\/wieczor-zolta-deska-plaza-stilo-0808\/","og_site_name":"SeaUSasino","article_publisher":"https:\/\/www.facebook.com\/sasinoapartments4rent","article_published_time":"2026-08-08T14:16:00+00:00","article_modified_time":"2026-08-10T10:42:55+00:00","og_image":[{"width":1920,"height":1280,"url":"https:\/\/seausasino.pl\/news\/wp-content\/uploads\/2026\/08\/seau-wieczor-zolta-deska-plaza-stilo-0808.jpg","type":"image\/jpeg"}],"author":"admin","twitter_card":"summary_large_image","twitter_misc":{"Napisane przez":"admin","Szacowany czas czytania":"3 minuty"},"schema":{"@context":"https:\/\/schema.org","@graph":[{"@type":"Article","@id":"https:\/\/seausasino.pl\/news\/pl\/2026\/08\/wieczor-zolta-deska-plaza-stilo-0808\/#article","isPartOf":{"@id":"https:\/\/seausasino.pl\/news\/pl\/2026\/08\/wieczor-zolta-deska-plaza-stilo-0808\/"},"author":{"name":"admin","@id":"https:\/\/seausasino.pl\/news\/#\/schema\/person\/83768b5304ac25a7aec12584e5bafa66"},"headline":"\u017b\u00f3\u0142ta deska i wieczorne poszukiwania na Stilo","datePublished":"2026-08-08T14:16:00+00:00","dateModified":"2026-08-10T10:42:55+00:00","mainEntityOfPage":{"@id":"https:\/\/seausasino.pl\/news\/pl\/2026\/08\/wieczor-zolta-deska-plaza-stilo-0808\/"},"wordCount":551,"publisher":{"@id":"https:\/\/seausasino.pl\/news\/#organization"},"image":{"@id":"https:\/\/seausasino.pl\/news\/pl\/2026\/08\/wieczor-zolta-deska-plaza-stilo-0808\/#primaryimage"},"thumbnailUrl":"https:\/\/seausasino.pl\/news\/wp-content\/uploads\/2026\/08\/seau-wieczor-zolta-deska-plaza-stilo-0808.jpg","inLanguage":"pl-PL"},{"@type":"WebPage","@id":"https:\/\/seausasino.pl\/news\/pl\/2026\/08\/wieczor-zolta-deska-plaza-stilo-0808\/","url":"https:\/\/seausasino.pl\/news\/pl\/2026\/08\/wieczor-zolta-deska-plaza-stilo-0808\/","name":"SEAUSASINO.PL \u2014 Pla\u017ca Stilo \u2014 noclegi w Sasinie","isPartOf":{"@id":"https:\/\/seausasino.pl\/news\/#website"},"primaryImageOfPage":{"@id":"https:\/\/seausasino.pl\/news\/pl\/2026\/08\/wieczor-zolta-deska-plaza-stilo-0808\/#primaryimage"},"image":{"@id":"https:\/\/seausasino.pl\/news\/pl\/2026\/08\/wieczor-zolta-deska-plaza-stilo-0808\/#primaryimage"},"thumbnailUrl":"https:\/\/seausasino.pl\/news\/wp-content\/uploads\/2026\/08\/seau-wieczor-zolta-deska-plaza-stilo-0808.jpg","datePublished":"2026-08-08T14:16:00+00:00","dateModified":"2026-08-10T10:42:55+00:00","description":"Wiecz\u00f3r na dzikiej pla\u017cy Stilo, pi\u0119\u0107 kilometr\u00f3w sosnowym lasem od dom\u00f3w. Sprawd\u017a wolne terminy w drewnianych domach nad morzem.","breadcrumb":{"@id":"https:\/\/seausasino.pl\/news\/pl\/2026\/08\/wieczor-zolta-deska-plaza-stilo-0808\/#breadcrumb"},"inLanguage":"pl-PL","potentialAction":[{"@type":"ReadAction","target":["https:\/\/seausasino.pl\/news\/pl\/2026\/08\/wieczor-zolta-deska-plaza-stilo-0808\/"]}]},{"@type":"ImageObject","inLanguage":"pl-PL","@id":"https:\/\/seausasino.pl\/news\/pl\/2026\/08\/wieczor-zolta-deska-plaza-stilo-0808\/#primaryimage","url":"https:\/\/seausasino.pl\/news\/wp-content\/uploads\/2026\/08\/seau-wieczor-zolta-deska-plaza-stilo-0808.jpg","contentUrl":"https:\/\/seausasino.pl\/news\/wp-content\/uploads\/2026\/08\/seau-wieczor-zolta-deska-plaza-stilo-0808.jpg","width":1920,"height":1280},{"@type":"BreadcrumbList","@id":"https:\/\/seausasino.pl\/news\/pl\/2026\/08\/wieczor-zolta-deska-plaza-stilo-0808\/#breadcrumb","itemListElement":[{"@type":"ListItem","position":1,"name":"Strona g\u0142\u00f3wna","item":"https:\/\/seausasino.pl\/news\/pl\/"},{"@type":"ListItem","position":2,"name":"\u017b\u00f3\u0142ta deska i wieczorne poszukiwania na Stilo"}]},{"@type":"WebSite","@id":"https:\/\/seausasino.pl\/news\/#website","url":"https:\/\/seausasino.pl\/news\/","name":"SeaUSasino","description":"Blog","publisher":{"@id":"https:\/\/seausasino.pl\/news\/#organization"},"potentialAction":[{"@type":"SearchAction","target":{"@type":"EntryPoint","urlTemplate":"https:\/\/seausasino.pl\/news\/?s={search_term_string}"},"query-input":"required name=search_term_string"}],"inLanguage":"pl-PL"},{"@type":"Organization","@id":"https:\/\/seausasino.pl\/news\/#organization","name":"SeaUSasino","url":"https:\/\/seausasino.pl\/news\/","logo":{"@type":"ImageObject","inLanguage":"pl-PL","@id":"https:\/\/seausasino.pl\/news\/#\/schema\/logo\/image\/","url":"https:\/\/seausasino.pl\/news\/wp-content\/uploads\/2022\/09\/06-2.jpg","contentUrl":"https:\/\/seausasino.pl\/news\/wp-content\/uploads\/2022\/09\/06-2.jpg","width":853,"height":1280,"caption":"SeaUSasino"},"image":{"@id":"https:\/\/seausasino.pl\/news\/#\/schema\/logo\/image\/"},"sameAs":["https:\/\/www.facebook.com\/sasinoapartments4rent","https:\/\/www.instagram.com\/seausasino"]},{"@type":"Person","@id":"https:\/\/seausasino.pl\/news\/#\/schema\/person\/83768b5304ac25a7aec12584e5bafa66","name":"admin","image":{"@type":"ImageObject","inLanguage":"pl-PL","@id":"https:\/\/seausasino.pl\/news\/#\/schema\/person\/image\/","url":"https:\/\/secure.gravatar.com\/avatar\/fc9bb3bac2b6959872cb274c84c62cf23e37f06526382b7da0d744fac7f387cb?s=96&d=mm&r=g","contentUrl":"https:\/\/secure.gravatar.com\/avatar\/fc9bb3bac2b6959872cb274c84c62cf23e37f06526382b7da0d744fac7f387cb?s=96&d=mm&r=g","caption":"admin"},"url":"https:\/\/seausasino.pl\/news\/author\/admin\/"}]}},"_links":{"self":[{"href":"https:\/\/seausasino.pl\/news\/wp-json\/wp\/v2\/posts\/4454","targetHints":{"allow":["GET"]}}],"collection":[{"href":"https:\/\/seausasino.pl\/news\/wp-json\/wp\/v2\/posts"}],"about":[{"href":"https:\/\/seausasino.pl\/news\/wp-json\/wp\/v2\/types\/post"}],"author":[{"embeddable":true,"href":"https:\/\/seausasino.pl\/news\/wp-json\/wp\/v2\/users\/1"}],"replies":[{"embeddable":true,"href":"https:\/\/seausasino.pl\/news\/wp-json\/wp\/v2\/comments?post=4454"}],"version-history":[{"count":1,"href":"https:\/\/seausasino.pl\/news\/wp-json\/wp\/v2\/posts\/4454\/revisions"}],"predecessor-version":[{"id":4468,"href":"https:\/\/seausasino.pl\/news\/wp-json\/wp\/v2\/posts\/4454\/revisions\/4468"}],"wp:featuredmedia":[{"embeddable":true,"href":"https:\/\/seausasino.pl\/news\/wp-json\/wp\/v2\/media\/4453"}],"wp:attachment":[{"href":"https:\/\/seausasino.pl\/news\/wp-json\/wp\/v2\/media?parent=4454"}],"wp:term":[{"taxonomy":"category","embeddable":true,"href":"https:\/\/seausasino.pl\/news\/wp-json\/wp\/v2\/categories?post=4454"},{"taxonomy":"post_tag","embeddable":true,"href":"https:\/\/seausasino.pl\/news\/wp-json\/wp\/v2\/tags?post=4454"}],"curies":[{"name":"wp","href":"https:\/\/api.w.org\/{rel}","templated":true}]}}