{"id":4452,"date":"2026-08-08T12:15:56","date_gmt":"2026-08-08T10:15:56","guid":{"rendered":"https:\/\/blog.seausasino.pl\/2026\/08\/zachod-slonca-nad-polami-sasino-0808\/"},"modified":"2026-08-10T12:42:56","modified_gmt":"2026-08-10T10:42:56","slug":"zachod-slonca-nad-polami-sasino-0808","status":"publish","type":"post","link":"https:\/\/seausasino.pl\/news\/pl\/2026\/08\/zachod-slonca-nad-polami-sasino-0808\/","title":{"rendered":"Pomara\u0144czowe niebo nad polami ko\u0142o Sasina"},"content":{"rendered":"<figure style=\"margin:0 auto;max-width:720px;\"><img decoding=\"async\" src=\"https:\/\/riceayyncripijgnlhzv.supabase.co\/storage\/v1\/object\/public\/content-studio\/seausasino-biblioteka\/szuflada-20220622202452-C1D5B9.jpg\" alt=\"Pomara\u0144czowe niebo nad polami ko\u0142o Sasina\" style=\"width:100%;aspect-ratio:4\/5;object-fit:cover;display:block;\" \/><\/figure>\n<p>Wystarczy wyj\u015b\u0107 kilkaset metr\u00f3w za las, \u017ceby zobaczy\u0107 to, co dzi\u015b wieczorem malowa\u0142o si\u0119 nad polami ko\u0142o Sasina. S\u0142o\u0144ce schodzi\u0142o ni\u017cej i ni\u017cej, a niebo zmienia\u0142o kolor z \u017c\u00f3\u0142tego w pomara\u0144czowy, potem w g\u0142\u0119bok\u0105 czerwie\u0144, jakby kto\u015b powoli podkr\u0119ca\u0142 ogie\u0144 pod horyzontem. Nad \u015bcierni\u0105 unosi\u0142a si\u0119 lekka mg\u0142a, ta sama, kt\u00f3ra o \u015bwicie le\u017cy nisko przy ziemi, a wieczorem wraca, gdy powietrze si\u0119 wych\u0142adza po ciep\u0142ym dniu.<\/p>\n<p>Bele s\u0142omy stoj\u0105 porozrzucane po polu jak okr\u0105g\u0142e cienie, jedna przy drugiej, w rz\u0119dach i bez rz\u0119d\u00f3w, dok\u0142adnie tak, jak je zostawili po \u017cniwach. W tym \u015bwietle ka\u017cda z nich rzuca d\u0142ugi, ciemny kontur na traw\u0119. A za nimi, wysoko na skraju lasu, kr\u0119ci si\u0119 wiatrak &#8211; trzy ramiona wyra\u017anie odci\u0119te na tle roz\u017carzonego nieba, powolny, spokojny ruch, kt\u00f3ry w og\u00f3le nie pasuje do po\u015bpiechu dnia.<\/p>\n<h2>Dlaczego to niebo wygl\u0105da tu inaczej<\/h2>\n<p>To okolica mi\u0119dzy \u0141eb\u0105 a Kopalinem, blisko wybrze\u017ca, ale jednocze\u015bnie w otoczeniu p\u00f3l i las\u00f3w, kt\u00f3re nie maj\u0105 tu \u017cadnej konkurencji w postaci \u015bwiate\u0142 miasta. Kiedy s\u0142o\u0144ce chowa si\u0119 za horyzont, kolor nieba trzyma si\u0119 d\u0142ugo &#8211; najpierw ogie\u0144, potem r\u00f3\u017cowy pas, na ko\u0144cu g\u0142\u0119boki granat. Osoby, kt\u00f3re zatrzymuj\u0105 si\u0119 w naszych domach nad morzem do wynaj\u0119cia, cz\u0119sto wychodz\u0105 wieczorem w\u0142a\u015bnie na te pola albo na sosnow\u0105 \u015bcie\u017ck\u0119 w stron\u0119 pla\u017cy Stilo, \u017ceby zobaczy\u0107 ten moment na w\u0142asne oczy, zamiast na zdj\u0119ciu.<\/p>\n<p>Powietrze wieczorem robi si\u0119 ch\u0142odniejsze, czu\u0107 w nim zapach \u015bciernia i wilgotnej trawy. Gdzie\u015b w oddali s\u0142ycha\u0107 jeszcze \u015bpiew ptak\u00f3w wracaj\u0105cych do gniazd, a bli\u017cej &#8211; cisz\u0119, kt\u00f3ra w Sasinie jest w\u0142a\u015bciwie sta\u0142ym elementem krajobrazu, nie czym\u015b wyj\u0105tkowym.<\/p>\n<h2>Powr\u00f3t do domu, gdy niebo ga\u015bnie<\/h2>\n<p>Po takim spacerze najlepiej wraca si\u0119 do ciep\u0142ego wn\u0119trza. W naszych domach z kominkiem ogie\u0144 rozpala si\u0119 szybko, a przez du\u017ce okno wida\u0107 jeszcze ostatnie \u015blady tego pomara\u0144czowego nieba, zanim zrobi si\u0119 ca\u0142kiem ciemno. To jeden z tych wieczor\u00f3w, kiedy nie trzeba nic wi\u0119cej &#8211; tylko usi\u0105\u015b\u0107, popatrze\u0107 przez chwil\u0119 na zewn\u0105trz i poczu\u0107, \u017ce dzie\u0144 si\u0119 ko\u0144czy tak, jak powinien.<\/p>\n<ul>\n<li>Widok na pola i wiatrak &#8211; kilka minut spacerem od dom\u00f3w<\/li>\n<li>Kominek czekaj\u0105cy po powrocie z wieczornej przechadzki<\/li>\n<li>Cisza i spok\u00f3j, kt\u00f3re trudno znale\u017a\u0107 w innych cz\u0119\u015bciach wybrze\u017ca<\/li>\n<\/ul>\n<p>Je\u015bli szukacie <strong>Sasino domki<\/strong> lub <strong>Stilo noclegi<\/strong> na wyjazd, w kt\u00f3rym wieczory licz\u0105 si\u0119 tak samo jak dni na pla\u017cy, to w\u0142a\u015bnie taki krajobraz czeka za progiem naszych dom\u00f3w w Sasinie.<\/p>\n<h2>Wolne terminy w SeaUSasino<\/h2>\n<p>\ud83d\udccd Najbli\u017cszy wolny termin: <strong>10.08.2026<\/strong><\/p>\n<p>Cztery ca\u0142oroczne, luksusowe domy z drewna w Sasinie \u2014 ka\u017cdy dla o\u015bmiu os\u00f3b, z kominkiem i prywatnym ogrodem, spacer sosnowym lasem od pla\u017cy Stilo. Sprawd\u017a dost\u0119pno\u015b\u0107 i <a href=\"https:\/\/seausasino.pl\">zarezerwuj na seausasino.pl<\/a>.<\/p>\n","protected":false},"excerpt":{"rendered":"<p>Bele s\u0142omy, wiatrak i pomara\u0144czowe niebo tu\u017c przy domach SeaUSasino w Sasinie. Sprawd\u017a wolny termin i zarezerwuj pobyt nad Ba\u0142tykiem.<\/p>\n","protected":false},"author":1,"featured_media":4451,"comment_status":"closed","ping_status":"closed","sticky":false,"template":"","format":"standard","meta":{"_yoast_wpseo_focuskw":"","_yoast_wpseo_title":"SEAUSASINO.PL \u2014 Zach\u00f3d s\u0142o\u0144ca \u2014 domy w Sasinie","_yoast_wpseo_metadesc":"Bele s\u0142omy, wiatrak i pomara\u0144czowe niebo tu\u017c przy domach w Sasinie. Cztery ca\u0142oroczne domy z kominkiem. Sprawd\u017a wolny termin nad morzem.","seau_keywords":"zach\u00f3d s\u0142o\u0144ca Sasino, domy nad morzem, Sasino noclegi, wakacje nad Ba\u0142tykiem","footnotes":""},"categories":[12],"tags":[],"class_list":["post-4452","post","type-post","status-publish","format-standard","has-post-thumbnail","hentry","category-bez-kategorii-pl"],"yoast_head":"<!-- This site is optimized with the Yoast SEO plugin v22.6 - https:\/\/yoast.com\/wordpress\/plugins\/seo\/ -->\n<title>SEAUSASINO.PL \u2014 Zach\u00f3d s\u0142o\u0144ca \u2014 domy w Sasinie<\/title>\n<meta name=\"description\" content=\"Bele s\u0142omy, wiatrak i pomara\u0144czowe niebo tu\u017c przy domach w Sasinie. Cztery ca\u0142oroczne domy z kominkiem. Sprawd\u017a wolny termin nad morzem.\" \/>\n<meta name=\"robots\" content=\"index, follow, max-snippet:-1, max-image-preview:large, max-video-preview:-1\" \/>\n<link rel=\"canonical\" href=\"https:\/\/seausasino.pl\/news\/pl\/2026\/08\/zachod-slonca-nad-polami-sasino-0808\/\" \/>\n<meta property=\"og:locale\" content=\"pl_PL\" \/>\n<meta property=\"og:type\" content=\"article\" \/>\n<meta property=\"og:title\" content=\"SEAUSASINO.PL \u2014 Zach\u00f3d s\u0142o\u0144ca \u2014 domy w Sasinie\" \/>\n<meta property=\"og:description\" content=\"Bele s\u0142omy, wiatrak i pomara\u0144czowe niebo tu\u017c przy domach w Sasinie. Cztery ca\u0142oroczne domy z kominkiem. Sprawd\u017a wolny termin nad morzem.\" \/>\n<meta property=\"og:url\" content=\"https:\/\/seausasino.pl\/news\/pl\/2026\/08\/zachod-slonca-nad-polami-sasino-0808\/\" \/>\n<meta property=\"og:site_name\" content=\"SeaUSasino\" \/>\n<meta property=\"article:publisher\" content=\"https:\/\/www.facebook.com\/sasinoapartments4rent\" \/>\n<meta property=\"article:published_time\" content=\"2026-08-08T10:15:56+00:00\" \/>\n<meta property=\"article:modified_time\" content=\"2026-08-10T10:42:56+00:00\" \/>\n<meta property=\"og:image\" content=\"https:\/\/seausasino.pl\/news\/wp-content\/uploads\/2026\/08\/seau-zachod-slonca-nad-polami-sasino-0808.jpg\" \/>\n\t<meta property=\"og:image:width\" content=\"1920\" \/>\n\t<meta property=\"og:image:height\" content=\"1280\" \/>\n\t<meta property=\"og:image:type\" content=\"image\/jpeg\" \/>\n<meta name=\"author\" content=\"admin\" \/>\n<meta name=\"twitter:card\" content=\"summary_large_image\" \/>\n<meta name=\"twitter:label1\" content=\"Napisane przez\" \/>\n\t<meta name=\"twitter:data1\" content=\"admin\" \/>\n\t<meta name=\"twitter:label2\" content=\"Szacowany czas czytania\" \/>\n\t<meta name=\"twitter:data2\" content=\"3 minuty\" \/>\n<script type=\"application\/ld+json\" class=\"yoast-schema-graph\">{\"@context\":\"https:\/\/schema.org\",\"@graph\":[{\"@type\":\"Article\",\"@id\":\"https:\/\/seausasino.pl\/news\/pl\/2026\/08\/zachod-slonca-nad-polami-sasino-0808\/#article\",\"isPartOf\":{\"@id\":\"https:\/\/seausasino.pl\/news\/pl\/2026\/08\/zachod-slonca-nad-polami-sasino-0808\/\"},\"author\":{\"name\":\"admin\",\"@id\":\"https:\/\/seausasino.pl\/news\/#\/schema\/person\/83768b5304ac25a7aec12584e5bafa66\"},\"headline\":\"Pomara\u0144czowe niebo nad polami ko\u0142o Sasina\",\"datePublished\":\"2026-08-08T10:15:56+00:00\",\"dateModified\":\"2026-08-10T10:42:56+00:00\",\"mainEntityOfPage\":{\"@id\":\"https:\/\/seausasino.pl\/news\/pl\/2026\/08\/zachod-slonca-nad-polami-sasino-0808\/\"},\"wordCount\":526,\"publisher\":{\"@id\":\"https:\/\/seausasino.pl\/news\/#organization\"},\"image\":{\"@id\":\"https:\/\/seausasino.pl\/news\/pl\/2026\/08\/zachod-slonca-nad-polami-sasino-0808\/#primaryimage\"},\"thumbnailUrl\":\"https:\/\/seausasino.pl\/news\/wp-content\/uploads\/2026\/08\/seau-zachod-slonca-nad-polami-sasino-0808.jpg\",\"inLanguage\":\"pl-PL\"},{\"@type\":\"WebPage\",\"@id\":\"https:\/\/seausasino.pl\/news\/pl\/2026\/08\/zachod-slonca-nad-polami-sasino-0808\/\",\"url\":\"https:\/\/seausasino.pl\/news\/pl\/2026\/08\/zachod-slonca-nad-polami-sasino-0808\/\",\"name\":\"SEAUSASINO.PL \u2014 Zach\u00f3d s\u0142o\u0144ca \u2014 domy w Sasinie\",\"isPartOf\":{\"@id\":\"https:\/\/seausasino.pl\/news\/#website\"},\"primaryImageOfPage\":{\"@id\":\"https:\/\/seausasino.pl\/news\/pl\/2026\/08\/zachod-slonca-nad-polami-sasino-0808\/#primaryimage\"},\"image\":{\"@id\":\"https:\/\/seausasino.pl\/news\/pl\/2026\/08\/zachod-slonca-nad-polami-sasino-0808\/#primaryimage\"},\"thumbnailUrl\":\"https:\/\/seausasino.pl\/news\/wp-content\/uploads\/2026\/08\/seau-zachod-slonca-nad-polami-sasino-0808.jpg\",\"datePublished\":\"2026-08-08T10:15:56+00:00\",\"dateModified\":\"2026-08-10T10:42:56+00:00\",\"description\":\"Bele s\u0142omy, wiatrak i pomara\u0144czowe niebo tu\u017c przy domach w Sasinie. Cztery ca\u0142oroczne domy z kominkiem. Sprawd\u017a wolny termin nad morzem.\",\"breadcrumb\":{\"@id\":\"https:\/\/seausasino.pl\/news\/pl\/2026\/08\/zachod-slonca-nad-polami-sasino-0808\/#breadcrumb\"},\"inLanguage\":\"pl-PL\",\"potentialAction\":[{\"@type\":\"ReadAction\",\"target\":[\"https:\/\/seausasino.pl\/news\/pl\/2026\/08\/zachod-slonca-nad-polami-sasino-0808\/\"]}]},{\"@type\":\"ImageObject\",\"inLanguage\":\"pl-PL\",\"@id\":\"https:\/\/seausasino.pl\/news\/pl\/2026\/08\/zachod-slonca-nad-polami-sasino-0808\/#primaryimage\",\"url\":\"https:\/\/seausasino.pl\/news\/wp-content\/uploads\/2026\/08\/seau-zachod-slonca-nad-polami-sasino-0808.jpg\",\"contentUrl\":\"https:\/\/seausasino.pl\/news\/wp-content\/uploads\/2026\/08\/seau-zachod-slonca-nad-polami-sasino-0808.jpg\",\"width\":1920,\"height\":1280},{\"@type\":\"BreadcrumbList\",\"@id\":\"https:\/\/seausasino.pl\/news\/pl\/2026\/08\/zachod-slonca-nad-polami-sasino-0808\/#breadcrumb\",\"itemListElement\":[{\"@type\":\"ListItem\",\"position\":1,\"name\":\"Strona g\u0142\u00f3wna\",\"item\":\"https:\/\/seausasino.pl\/news\/pl\/\"},{\"@type\":\"ListItem\",\"position\":2,\"name\":\"Pomara\u0144czowe niebo nad polami ko\u0142o Sasina\"}]},{\"@type\":\"WebSite\",\"@id\":\"https:\/\/seausasino.pl\/news\/#website\",\"url\":\"https:\/\/seausasino.pl\/news\/\",\"name\":\"SeaUSasino\",\"description\":\"Blog\",\"publisher\":{\"@id\":\"https:\/\/seausasino.pl\/news\/#organization\"},\"potentialAction\":[{\"@type\":\"SearchAction\",\"target\":{\"@type\":\"EntryPoint\",\"urlTemplate\":\"https:\/\/seausasino.pl\/news\/?s={search_term_string}\"},\"query-input\":\"required name=search_term_string\"}],\"inLanguage\":\"pl-PL\"},{\"@type\":\"Organization\",\"@id\":\"https:\/\/seausasino.pl\/news\/#organization\",\"name\":\"SeaUSasino\",\"url\":\"https:\/\/seausasino.pl\/news\/\",\"logo\":{\"@type\":\"ImageObject\",\"inLanguage\":\"pl-PL\",\"@id\":\"https:\/\/seausasino.pl\/news\/#\/schema\/logo\/image\/\",\"url\":\"https:\/\/seausasino.pl\/news\/wp-content\/uploads\/2022\/09\/06-2.jpg\",\"contentUrl\":\"https:\/\/seausasino.pl\/news\/wp-content\/uploads\/2022\/09\/06-2.jpg\",\"width\":853,\"height\":1280,\"caption\":\"SeaUSasino\"},\"image\":{\"@id\":\"https:\/\/seausasino.pl\/news\/#\/schema\/logo\/image\/\"},\"sameAs\":[\"https:\/\/www.facebook.com\/sasinoapartments4rent\",\"https:\/\/www.instagram.com\/seausasino\"]},{\"@type\":\"Person\",\"@id\":\"https:\/\/seausasino.pl\/news\/#\/schema\/person\/83768b5304ac25a7aec12584e5bafa66\",\"name\":\"admin\",\"image\":{\"@type\":\"ImageObject\",\"inLanguage\":\"pl-PL\",\"@id\":\"https:\/\/seausasino.pl\/news\/#\/schema\/person\/image\/\",\"url\":\"https:\/\/secure.gravatar.com\/avatar\/fc9bb3bac2b6959872cb274c84c62cf23e37f06526382b7da0d744fac7f387cb?s=96&d=mm&r=g\",\"contentUrl\":\"https:\/\/secure.gravatar.com\/avatar\/fc9bb3bac2b6959872cb274c84c62cf23e37f06526382b7da0d744fac7f387cb?s=96&d=mm&r=g\",\"caption\":\"admin\"},\"url\":\"https:\/\/seausasino.pl\/news\/author\/admin\/\"}]}<\/script>\n<!-- \/ Yoast SEO plugin. -->","yoast_head_json":{"title":"SEAUSASINO.PL \u2014 Zach\u00f3d s\u0142o\u0144ca \u2014 domy w Sasinie","description":"Bele s\u0142omy, wiatrak i pomara\u0144czowe niebo tu\u017c przy domach w Sasinie. Cztery ca\u0142oroczne domy z kominkiem. Sprawd\u017a wolny termin nad morzem.","robots":{"index":"index","follow":"follow","max-snippet":"max-snippet:-1","max-image-preview":"max-image-preview:large","max-video-preview":"max-video-preview:-1"},"canonical":"https:\/\/seausasino.pl\/news\/pl\/2026\/08\/zachod-slonca-nad-polami-sasino-0808\/","og_locale":"pl_PL","og_type":"article","og_title":"SEAUSASINO.PL \u2014 Zach\u00f3d s\u0142o\u0144ca \u2014 domy w Sasinie","og_description":"Bele s\u0142omy, wiatrak i pomara\u0144czowe niebo tu\u017c przy domach w Sasinie. Cztery ca\u0142oroczne domy z kominkiem. Sprawd\u017a wolny termin nad morzem.","og_url":"https:\/\/seausasino.pl\/news\/pl\/2026\/08\/zachod-slonca-nad-polami-sasino-0808\/","og_site_name":"SeaUSasino","article_publisher":"https:\/\/www.facebook.com\/sasinoapartments4rent","article_published_time":"2026-08-08T10:15:56+00:00","article_modified_time":"2026-08-10T10:42:56+00:00","og_image":[{"width":1920,"height":1280,"url":"https:\/\/seausasino.pl\/news\/wp-content\/uploads\/2026\/08\/seau-zachod-slonca-nad-polami-sasino-0808.jpg","type":"image\/jpeg"}],"author":"admin","twitter_card":"summary_large_image","twitter_misc":{"Napisane przez":"admin","Szacowany czas czytania":"3 minuty"},"schema":{"@context":"https:\/\/schema.org","@graph":[{"@type":"Article","@id":"https:\/\/seausasino.pl\/news\/pl\/2026\/08\/zachod-slonca-nad-polami-sasino-0808\/#article","isPartOf":{"@id":"https:\/\/seausasino.pl\/news\/pl\/2026\/08\/zachod-slonca-nad-polami-sasino-0808\/"},"author":{"name":"admin","@id":"https:\/\/seausasino.pl\/news\/#\/schema\/person\/83768b5304ac25a7aec12584e5bafa66"},"headline":"Pomara\u0144czowe niebo nad polami ko\u0142o Sasina","datePublished":"2026-08-08T10:15:56+00:00","dateModified":"2026-08-10T10:42:56+00:00","mainEntityOfPage":{"@id":"https:\/\/seausasino.pl\/news\/pl\/2026\/08\/zachod-slonca-nad-polami-sasino-0808\/"},"wordCount":526,"publisher":{"@id":"https:\/\/seausasino.pl\/news\/#organization"},"image":{"@id":"https:\/\/seausasino.pl\/news\/pl\/2026\/08\/zachod-slonca-nad-polami-sasino-0808\/#primaryimage"},"thumbnailUrl":"https:\/\/seausasino.pl\/news\/wp-content\/uploads\/2026\/08\/seau-zachod-slonca-nad-polami-sasino-0808.jpg","inLanguage":"pl-PL"},{"@type":"WebPage","@id":"https:\/\/seausasino.pl\/news\/pl\/2026\/08\/zachod-slonca-nad-polami-sasino-0808\/","url":"https:\/\/seausasino.pl\/news\/pl\/2026\/08\/zachod-slonca-nad-polami-sasino-0808\/","name":"SEAUSASINO.PL \u2014 Zach\u00f3d s\u0142o\u0144ca \u2014 domy w Sasinie","isPartOf":{"@id":"https:\/\/seausasino.pl\/news\/#website"},"primaryImageOfPage":{"@id":"https:\/\/seausasino.pl\/news\/pl\/2026\/08\/zachod-slonca-nad-polami-sasino-0808\/#primaryimage"},"image":{"@id":"https:\/\/seausasino.pl\/news\/pl\/2026\/08\/zachod-slonca-nad-polami-sasino-0808\/#primaryimage"},"thumbnailUrl":"https:\/\/seausasino.pl\/news\/wp-content\/uploads\/2026\/08\/seau-zachod-slonca-nad-polami-sasino-0808.jpg","datePublished":"2026-08-08T10:15:56+00:00","dateModified":"2026-08-10T10:42:56+00:00","description":"Bele s\u0142omy, wiatrak i pomara\u0144czowe niebo tu\u017c przy domach w Sasinie. Cztery ca\u0142oroczne domy z kominkiem. Sprawd\u017a wolny termin nad morzem.","breadcrumb":{"@id":"https:\/\/seausasino.pl\/news\/pl\/2026\/08\/zachod-slonca-nad-polami-sasino-0808\/#breadcrumb"},"inLanguage":"pl-PL","potentialAction":[{"@type":"ReadAction","target":["https:\/\/seausasino.pl\/news\/pl\/2026\/08\/zachod-slonca-nad-polami-sasino-0808\/"]}]},{"@type":"ImageObject","inLanguage":"pl-PL","@id":"https:\/\/seausasino.pl\/news\/pl\/2026\/08\/zachod-slonca-nad-polami-sasino-0808\/#primaryimage","url":"https:\/\/seausasino.pl\/news\/wp-content\/uploads\/2026\/08\/seau-zachod-slonca-nad-polami-sasino-0808.jpg","contentUrl":"https:\/\/seausasino.pl\/news\/wp-content\/uploads\/2026\/08\/seau-zachod-slonca-nad-polami-sasino-0808.jpg","width":1920,"height":1280},{"@type":"BreadcrumbList","@id":"https:\/\/seausasino.pl\/news\/pl\/2026\/08\/zachod-slonca-nad-polami-sasino-0808\/#breadcrumb","itemListElement":[{"@type":"ListItem","position":1,"name":"Strona g\u0142\u00f3wna","item":"https:\/\/seausasino.pl\/news\/pl\/"},{"@type":"ListItem","position":2,"name":"Pomara\u0144czowe niebo nad polami ko\u0142o Sasina"}]},{"@type":"WebSite","@id":"https:\/\/seausasino.pl\/news\/#website","url":"https:\/\/seausasino.pl\/news\/","name":"SeaUSasino","description":"Blog","publisher":{"@id":"https:\/\/seausasino.pl\/news\/#organization"},"potentialAction":[{"@type":"SearchAction","target":{"@type":"EntryPoint","urlTemplate":"https:\/\/seausasino.pl\/news\/?s={search_term_string}"},"query-input":"required name=search_term_string"}],"inLanguage":"pl-PL"},{"@type":"Organization","@id":"https:\/\/seausasino.pl\/news\/#organization","name":"SeaUSasino","url":"https:\/\/seausasino.pl\/news\/","logo":{"@type":"ImageObject","inLanguage":"pl-PL","@id":"https:\/\/seausasino.pl\/news\/#\/schema\/logo\/image\/","url":"https:\/\/seausasino.pl\/news\/wp-content\/uploads\/2022\/09\/06-2.jpg","contentUrl":"https:\/\/seausasino.pl\/news\/wp-content\/uploads\/2022\/09\/06-2.jpg","width":853,"height":1280,"caption":"SeaUSasino"},"image":{"@id":"https:\/\/seausasino.pl\/news\/#\/schema\/logo\/image\/"},"sameAs":["https:\/\/www.facebook.com\/sasinoapartments4rent","https:\/\/www.instagram.com\/seausasino"]},{"@type":"Person","@id":"https:\/\/seausasino.pl\/news\/#\/schema\/person\/83768b5304ac25a7aec12584e5bafa66","name":"admin","image":{"@type":"ImageObject","inLanguage":"pl-PL","@id":"https:\/\/seausasino.pl\/news\/#\/schema\/person\/image\/","url":"https:\/\/secure.gravatar.com\/avatar\/fc9bb3bac2b6959872cb274c84c62cf23e37f06526382b7da0d744fac7f387cb?s=96&d=mm&r=g","contentUrl":"https:\/\/secure.gravatar.com\/avatar\/fc9bb3bac2b6959872cb274c84c62cf23e37f06526382b7da0d744fac7f387cb?s=96&d=mm&r=g","caption":"admin"},"url":"https:\/\/seausasino.pl\/news\/author\/admin\/"}]}},"_links":{"self":[{"href":"https:\/\/seausasino.pl\/news\/wp-json\/wp\/v2\/posts\/4452","targetHints":{"allow":["GET"]}}],"collection":[{"href":"https:\/\/seausasino.pl\/news\/wp-json\/wp\/v2\/posts"}],"about":[{"href":"https:\/\/seausasino.pl\/news\/wp-json\/wp\/v2\/types\/post"}],"author":[{"embeddable":true,"href":"https:\/\/seausasino.pl\/news\/wp-json\/wp\/v2\/users\/1"}],"replies":[{"embeddable":true,"href":"https:\/\/seausasino.pl\/news\/wp-json\/wp\/v2\/comments?post=4452"}],"version-history":[{"count":1,"href":"https:\/\/seausasino.pl\/news\/wp-json\/wp\/v2\/posts\/4452\/revisions"}],"predecessor-version":[{"id":4473,"href":"https:\/\/seausasino.pl\/news\/wp-json\/wp\/v2\/posts\/4452\/revisions\/4473"}],"wp:featuredmedia":[{"embeddable":true,"href":"https:\/\/seausasino.pl\/news\/wp-json\/wp\/v2\/media\/4451"}],"wp:attachment":[{"href":"https:\/\/seausasino.pl\/news\/wp-json\/wp\/v2\/media?parent=4452"}],"wp:term":[{"taxonomy":"category","embeddable":true,"href":"https:\/\/seausasino.pl\/news\/wp-json\/wp\/v2\/categories?post=4452"},{"taxonomy":"post_tag","embeddable":true,"href":"https:\/\/seausasino.pl\/news\/wp-json\/wp\/v2\/tags?post=4452"}],"curies":[{"name":"wp","href":"https:\/\/api.w.org\/{rel}","templated":true}]}}