{"id":4448,"date":"2026-08-07T16:15:51","date_gmt":"2026-08-07T14:15:51","guid":{"rendered":"https:\/\/blog.seausasino.pl\/2026\/08\/nocny-ogrod-w-sasinie-0807\/"},"modified":"2026-08-10T12:42:56","modified_gmt":"2026-08-10T10:42:56","slug":"nocny-ogrod-w-sasinie-0807","status":"publish","type":"post","link":"https:\/\/seausasino.pl\/news\/pl\/2026\/08\/nocny-ogrod-w-sasinie-0807\/","title":{"rendered":"Ogr\u00f3d w kolorach nocy przed domem w Sasinie"},"content":{"rendered":"<figure style=\"margin:0 auto;max-width:720px;\"><img decoding=\"async\" src=\"https:\/\/riceayyncripijgnlhzv.supabase.co\/storage\/v1\/object\/public\/content-studio\/seausasino-biblioteka\/szuflada-20220623072052-CE84A8.jpg\" alt=\"Ogr\u00f3d w kolorach nocy przed domem w Sasinie\" style=\"width:100%;aspect-ratio:4\/5;object-fit:cover;display:block;\" \/><\/figure>\n<p>Gdy zapada zmrok, ogr\u00f3d przy jednym z naszych dom\u00f3w w Sasinie zmienia si\u0119 nie do poznania. Zielone krzewy i drzewa, kt\u00f3re za dnia tworz\u0105 zwyczajn\u0105, spokojn\u0105 ziele\u0144, po zachodzie s\u0142o\u0144ca zaczynaj\u0105 \u017cy\u0107 w\u0142asnym \u017cyciem. Delikatne pod\u015bwietlenie w czerwieni, granacie i \u017c\u00f3\u0142ci wydobywa z ga\u0142\u0119zi i igie\u0142 detale, kt\u00f3rych nie wida\u0107 w s\u0142o\u0144cu \u2013 ka\u017cdy listek, ka\u017cda sosnowa ig\u0142a nabiera g\u0142\u0119bi i koloru. \u015acie\u017cka prowadz\u0105ca w stron\u0119 drewnianego domu robi si\u0119 ciep\u0142a i zach\u0119caj\u0105ca, jakby sam ogr\u00f3d podpowiada\u0142, \u017ceby zwolni\u0107 krok.<\/p>\n<p>To jeden z tych moment\u00f3w, kt\u00f3re najlepiej opowiadaj\u0105, czym jest wiecz\u00f3r w Sasinie. Nie ma tu miejskiego zgie\u0142ku, nie ma \u015bwiate\u0142 ulicznych ani s\u0105siad\u00f3w za p\u0142otem odleg\u0142ym na wyci\u0105gni\u0119cie r\u0119ki. Jest kameralnie, jest cisza przerywana czasem szumem lasu, i jest ta odrobina magii, kt\u00f3r\u0105 daje dobrze zaprojektowane o\u015bwietlenie ogrodowe. Domy nad morzem do wynajecia cz\u0119sto kojarz\u0105 si\u0119 g\u0142\u00f3wnie z widokiem na wod\u0119 czy pla\u017c\u0119, a przecie\u017c to, co dzieje si\u0119 wok\u00f3\u0142 domu po zmroku, bywa r\u00f3wnie wa\u017cne dla atmosfery ca\u0142ego pobytu.<\/p>\n<h2>Dlaczego wiecz\u00f3r w ogrodzie ma znaczenie<\/h2>\n<p>Po ca\u0142ym dniu sp\u0119dzonym na pla\u017cy Stilo albo na spacerze sosnowym lasem, wiecz\u00f3r to czas na wytchnienie. W\u0142a\u015bnie wtedy najbardziej docenia si\u0119 prywatny ogr\u00f3d i taras przy domu \u2013 mo\u017cna wyj\u015b\u0107 na chwil\u0119, poczu\u0107 ch\u0142odne powietrze, popatrze\u0107 na pod\u015bwietlone drzewa i wr\u00f3ci\u0107 do ciep\u0142a wn\u0119trza, gdzie czeka dom z kominkiem. Ten kontrast mi\u0119dzy zimnym, kolorowym \u015bwiat\u0142em na zewn\u0105trz a ciep\u0142ym blaskiem ognia wewn\u0105trz to co\u015b, co dobrze zapada w pami\u0119\u0107 po wyje\u017adzie.<\/p>\n<h2>Sasino po zmroku \u2013 inny rytm dnia<\/h2>\n<p>W dzie\u0144 Sasino i okolice Kopalina \u017cyj\u0105 swoim tempem \u2013 las, pla\u017ca, spacery, cisza mi\u0119dzy pniami sosen. Wieczorem ten rytm zmienia si\u0119 jeszcze bardziej. Domy w Slajszewie i Sasinie chowaj\u0105 si\u0119 w ciemno\u015bci, a \u015bwiat\u0142o skupia si\u0119 tam, gdzie jest potrzebne \u2013 na \u015bcie\u017cce do drzwi, w ogrodzie, na tarasie. To dobry moment, \u017ceby usi\u0105\u015b\u0107 z herbat\u0105, pos\u0142ucha\u0107 nocnych odg\u0142os\u00f3w lasu i poczu\u0107, \u017ce to miejsce naprawd\u0119 odpoczywa razem z go\u015b\u0107mi.<\/p>\n<ul>\n<li>Prywatny ogr\u00f3d przy ka\u017cdym z czterech dom\u00f3w<\/li>\n<li>Spok\u00f3j i kameralno\u015b\u0107 bez s\u0105siad\u00f3w w zasi\u0119gu wzroku<\/li>\n<li>Blisko\u015b\u0107 pla\u017cy Stilo i sosnowego lasu<\/li>\n<li>Mo\u017cliwo\u015b\u0107 pobytu ca\u0142orocznego, tak\u017ce jesieni\u0105 i zim\u0105<\/li>\n<\/ul>\n<p>Je\u015bli szukacie domu do wynaj\u0119cia w Sasinie, kt\u00f3ry oferuje co\u015b wi\u0119cej ni\u017c tylko cztery \u015bciany blisko morza, warto pomy\u015ble\u0107 o takich wieczorach \u2013 kiedy ogr\u00f3d, las i cisza staj\u0105 si\u0119 cz\u0119\u015bci\u0105 wypoczynku r\u00f3wnie wa\u017cn\u0105 jak sama pla\u017ca.<\/p>\n<h2>Wolne terminy w SeaUSasino<\/h2>\n<p>\ud83d\udccd Najbli\u017cszy wolny termin: <strong>10.08.2026<\/strong><\/p>\n<p>Cztery ca\u0142oroczne, luksusowe domy z drewna w Sasinie \u2014 ka\u017cdy dla o\u015bmiu os\u00f3b, z kominkiem i prywatnym ogrodem, spacer sosnowym lasem od pla\u017cy Stilo. Sprawd\u017a dost\u0119pno\u015b\u0107 i <a href=\"https:\/\/seausasino.pl\">zarezerwuj na seausasino.pl<\/a>.<\/p>\n","protected":false},"excerpt":{"rendered":"<p>Wieczorem ogr\u00f3d przy domu w Sasinie zmienia barwy. Zobacz, jak wygl\u0105da kameralny wypoczynek nad morzem i zarezerwuj pobyt w SeaUSasino.<\/p>\n","protected":false},"author":1,"featured_media":4447,"comment_status":"closed","ping_status":"closed","sticky":false,"template":"","format":"standard","meta":{"_yoast_wpseo_focuskw":"","_yoast_wpseo_title":"SEAUSASINO.PL \u2014 Dom z prywatnym ogrodem, Sasino","_yoast_wpseo_metadesc":"Wieczorem ogr\u00f3d przy domu w Sasinie zmienia barwy. Kameralny wypoczynek nad morzem w czterech drewnianych domach. Sprawd\u017a terminy.","seau_keywords":"dom z ogrodem, Sasino noclegi, kameralny wypoczynek, domy nad morzem","footnotes":""},"categories":[12],"tags":[],"class_list":["post-4448","post","type-post","status-publish","format-standard","has-post-thumbnail","hentry","category-bez-kategorii-pl"],"yoast_head":"<!-- This site is optimized with the Yoast SEO plugin v22.6 - https:\/\/yoast.com\/wordpress\/plugins\/seo\/ -->\n<title>SEAUSASINO.PL \u2014 Dom z prywatnym ogrodem, Sasino<\/title>\n<meta name=\"description\" content=\"Wieczorem ogr\u00f3d przy domu w Sasinie zmienia barwy. Kameralny wypoczynek nad morzem w czterech drewnianych domach. Sprawd\u017a terminy.\" \/>\n<meta name=\"robots\" content=\"index, follow, max-snippet:-1, max-image-preview:large, max-video-preview:-1\" \/>\n<link rel=\"canonical\" href=\"https:\/\/seausasino.pl\/news\/pl\/2026\/08\/nocny-ogrod-w-sasinie-0807\/\" \/>\n<meta property=\"og:locale\" content=\"pl_PL\" \/>\n<meta property=\"og:type\" content=\"article\" \/>\n<meta property=\"og:title\" content=\"SEAUSASINO.PL \u2014 Dom z prywatnym ogrodem, Sasino\" \/>\n<meta property=\"og:description\" content=\"Wieczorem ogr\u00f3d przy domu w Sasinie zmienia barwy. Kameralny wypoczynek nad morzem w czterech drewnianych domach. Sprawd\u017a terminy.\" \/>\n<meta property=\"og:url\" content=\"https:\/\/seausasino.pl\/news\/pl\/2026\/08\/nocny-ogrod-w-sasinie-0807\/\" \/>\n<meta property=\"og:site_name\" content=\"SeaUSasino\" \/>\n<meta property=\"article:publisher\" content=\"https:\/\/www.facebook.com\/sasinoapartments4rent\" \/>\n<meta property=\"article:published_time\" content=\"2026-08-07T14:15:51+00:00\" \/>\n<meta property=\"article:modified_time\" content=\"2026-08-10T10:42:56+00:00\" \/>\n<meta property=\"og:image\" content=\"https:\/\/seausasino.pl\/news\/wp-content\/uploads\/2026\/08\/seau-nocny-ogrod-w-sasinie-0807.jpg\" \/>\n\t<meta property=\"og:image:width\" content=\"2048\" \/>\n\t<meta property=\"og:image:height\" content=\"1348\" \/>\n\t<meta property=\"og:image:type\" content=\"image\/jpeg\" \/>\n<meta name=\"author\" content=\"admin\" \/>\n<meta name=\"twitter:card\" content=\"summary_large_image\" \/>\n<meta name=\"twitter:label1\" content=\"Napisane przez\" \/>\n\t<meta name=\"twitter:data1\" content=\"admin\" \/>\n\t<meta name=\"twitter:label2\" content=\"Szacowany czas czytania\" \/>\n\t<meta name=\"twitter:data2\" content=\"3 minuty\" \/>\n<script type=\"application\/ld+json\" class=\"yoast-schema-graph\">{\"@context\":\"https:\/\/schema.org\",\"@graph\":[{\"@type\":\"Article\",\"@id\":\"https:\/\/seausasino.pl\/news\/pl\/2026\/08\/nocny-ogrod-w-sasinie-0807\/#article\",\"isPartOf\":{\"@id\":\"https:\/\/seausasino.pl\/news\/pl\/2026\/08\/nocny-ogrod-w-sasinie-0807\/\"},\"author\":{\"name\":\"admin\",\"@id\":\"https:\/\/seausasino.pl\/news\/#\/schema\/person\/83768b5304ac25a7aec12584e5bafa66\"},\"headline\":\"Ogr\u00f3d w kolorach nocy przed domem w Sasinie\",\"datePublished\":\"2026-08-07T14:15:51+00:00\",\"dateModified\":\"2026-08-10T10:42:56+00:00\",\"mainEntityOfPage\":{\"@id\":\"https:\/\/seausasino.pl\/news\/pl\/2026\/08\/nocny-ogrod-w-sasinie-0807\/\"},\"wordCount\":518,\"publisher\":{\"@id\":\"https:\/\/seausasino.pl\/news\/#organization\"},\"image\":{\"@id\":\"https:\/\/seausasino.pl\/news\/pl\/2026\/08\/nocny-ogrod-w-sasinie-0807\/#primaryimage\"},\"thumbnailUrl\":\"https:\/\/seausasino.pl\/news\/wp-content\/uploads\/2026\/08\/seau-nocny-ogrod-w-sasinie-0807.jpg\",\"inLanguage\":\"pl-PL\"},{\"@type\":\"WebPage\",\"@id\":\"https:\/\/seausasino.pl\/news\/pl\/2026\/08\/nocny-ogrod-w-sasinie-0807\/\",\"url\":\"https:\/\/seausasino.pl\/news\/pl\/2026\/08\/nocny-ogrod-w-sasinie-0807\/\",\"name\":\"SEAUSASINO.PL \u2014 Dom z prywatnym ogrodem, Sasino\",\"isPartOf\":{\"@id\":\"https:\/\/seausasino.pl\/news\/#website\"},\"primaryImageOfPage\":{\"@id\":\"https:\/\/seausasino.pl\/news\/pl\/2026\/08\/nocny-ogrod-w-sasinie-0807\/#primaryimage\"},\"image\":{\"@id\":\"https:\/\/seausasino.pl\/news\/pl\/2026\/08\/nocny-ogrod-w-sasinie-0807\/#primaryimage\"},\"thumbnailUrl\":\"https:\/\/seausasino.pl\/news\/wp-content\/uploads\/2026\/08\/seau-nocny-ogrod-w-sasinie-0807.jpg\",\"datePublished\":\"2026-08-07T14:15:51+00:00\",\"dateModified\":\"2026-08-10T10:42:56+00:00\",\"description\":\"Wieczorem ogr\u00f3d przy domu w Sasinie zmienia barwy. Kameralny wypoczynek nad morzem w czterech drewnianych domach. Sprawd\u017a terminy.\",\"breadcrumb\":{\"@id\":\"https:\/\/seausasino.pl\/news\/pl\/2026\/08\/nocny-ogrod-w-sasinie-0807\/#breadcrumb\"},\"inLanguage\":\"pl-PL\",\"potentialAction\":[{\"@type\":\"ReadAction\",\"target\":[\"https:\/\/seausasino.pl\/news\/pl\/2026\/08\/nocny-ogrod-w-sasinie-0807\/\"]}]},{\"@type\":\"ImageObject\",\"inLanguage\":\"pl-PL\",\"@id\":\"https:\/\/seausasino.pl\/news\/pl\/2026\/08\/nocny-ogrod-w-sasinie-0807\/#primaryimage\",\"url\":\"https:\/\/seausasino.pl\/news\/wp-content\/uploads\/2026\/08\/seau-nocny-ogrod-w-sasinie-0807.jpg\",\"contentUrl\":\"https:\/\/seausasino.pl\/news\/wp-content\/uploads\/2026\/08\/seau-nocny-ogrod-w-sasinie-0807.jpg\",\"width\":2048,\"height\":1348},{\"@type\":\"BreadcrumbList\",\"@id\":\"https:\/\/seausasino.pl\/news\/pl\/2026\/08\/nocny-ogrod-w-sasinie-0807\/#breadcrumb\",\"itemListElement\":[{\"@type\":\"ListItem\",\"position\":1,\"name\":\"Strona g\u0142\u00f3wna\",\"item\":\"https:\/\/seausasino.pl\/news\/pl\/\"},{\"@type\":\"ListItem\",\"position\":2,\"name\":\"Ogr\u00f3d w kolorach nocy przed domem w Sasinie\"}]},{\"@type\":\"WebSite\",\"@id\":\"https:\/\/seausasino.pl\/news\/#website\",\"url\":\"https:\/\/seausasino.pl\/news\/\",\"name\":\"SeaUSasino\",\"description\":\"Blog\",\"publisher\":{\"@id\":\"https:\/\/seausasino.pl\/news\/#organization\"},\"potentialAction\":[{\"@type\":\"SearchAction\",\"target\":{\"@type\":\"EntryPoint\",\"urlTemplate\":\"https:\/\/seausasino.pl\/news\/?s={search_term_string}\"},\"query-input\":\"required name=search_term_string\"}],\"inLanguage\":\"pl-PL\"},{\"@type\":\"Organization\",\"@id\":\"https:\/\/seausasino.pl\/news\/#organization\",\"name\":\"SeaUSasino\",\"url\":\"https:\/\/seausasino.pl\/news\/\",\"logo\":{\"@type\":\"ImageObject\",\"inLanguage\":\"pl-PL\",\"@id\":\"https:\/\/seausasino.pl\/news\/#\/schema\/logo\/image\/\",\"url\":\"https:\/\/seausasino.pl\/news\/wp-content\/uploads\/2022\/09\/06-2.jpg\",\"contentUrl\":\"https:\/\/seausasino.pl\/news\/wp-content\/uploads\/2022\/09\/06-2.jpg\",\"width\":853,\"height\":1280,\"caption\":\"SeaUSasino\"},\"image\":{\"@id\":\"https:\/\/seausasino.pl\/news\/#\/schema\/logo\/image\/\"},\"sameAs\":[\"https:\/\/www.facebook.com\/sasinoapartments4rent\",\"https:\/\/www.instagram.com\/seausasino\"]},{\"@type\":\"Person\",\"@id\":\"https:\/\/seausasino.pl\/news\/#\/schema\/person\/83768b5304ac25a7aec12584e5bafa66\",\"name\":\"admin\",\"image\":{\"@type\":\"ImageObject\",\"inLanguage\":\"pl-PL\",\"@id\":\"https:\/\/seausasino.pl\/news\/#\/schema\/person\/image\/\",\"url\":\"https:\/\/secure.gravatar.com\/avatar\/fc9bb3bac2b6959872cb274c84c62cf23e37f06526382b7da0d744fac7f387cb?s=96&d=mm&r=g\",\"contentUrl\":\"https:\/\/secure.gravatar.com\/avatar\/fc9bb3bac2b6959872cb274c84c62cf23e37f06526382b7da0d744fac7f387cb?s=96&d=mm&r=g\",\"caption\":\"admin\"},\"url\":\"https:\/\/seausasino.pl\/news\/author\/admin\/\"}]}<\/script>\n<!-- \/ Yoast SEO plugin. -->","yoast_head_json":{"title":"SEAUSASINO.PL \u2014 Dom z prywatnym ogrodem, Sasino","description":"Wieczorem ogr\u00f3d przy domu w Sasinie zmienia barwy. Kameralny wypoczynek nad morzem w czterech drewnianych domach. Sprawd\u017a terminy.","robots":{"index":"index","follow":"follow","max-snippet":"max-snippet:-1","max-image-preview":"max-image-preview:large","max-video-preview":"max-video-preview:-1"},"canonical":"https:\/\/seausasino.pl\/news\/pl\/2026\/08\/nocny-ogrod-w-sasinie-0807\/","og_locale":"pl_PL","og_type":"article","og_title":"SEAUSASINO.PL \u2014 Dom z prywatnym ogrodem, Sasino","og_description":"Wieczorem ogr\u00f3d przy domu w Sasinie zmienia barwy. Kameralny wypoczynek nad morzem w czterech drewnianych domach. Sprawd\u017a terminy.","og_url":"https:\/\/seausasino.pl\/news\/pl\/2026\/08\/nocny-ogrod-w-sasinie-0807\/","og_site_name":"SeaUSasino","article_publisher":"https:\/\/www.facebook.com\/sasinoapartments4rent","article_published_time":"2026-08-07T14:15:51+00:00","article_modified_time":"2026-08-10T10:42:56+00:00","og_image":[{"width":2048,"height":1348,"url":"https:\/\/seausasino.pl\/news\/wp-content\/uploads\/2026\/08\/seau-nocny-ogrod-w-sasinie-0807.jpg","type":"image\/jpeg"}],"author":"admin","twitter_card":"summary_large_image","twitter_misc":{"Napisane przez":"admin","Szacowany czas czytania":"3 minuty"},"schema":{"@context":"https:\/\/schema.org","@graph":[{"@type":"Article","@id":"https:\/\/seausasino.pl\/news\/pl\/2026\/08\/nocny-ogrod-w-sasinie-0807\/#article","isPartOf":{"@id":"https:\/\/seausasino.pl\/news\/pl\/2026\/08\/nocny-ogrod-w-sasinie-0807\/"},"author":{"name":"admin","@id":"https:\/\/seausasino.pl\/news\/#\/schema\/person\/83768b5304ac25a7aec12584e5bafa66"},"headline":"Ogr\u00f3d w kolorach nocy przed domem w Sasinie","datePublished":"2026-08-07T14:15:51+00:00","dateModified":"2026-08-10T10:42:56+00:00","mainEntityOfPage":{"@id":"https:\/\/seausasino.pl\/news\/pl\/2026\/08\/nocny-ogrod-w-sasinie-0807\/"},"wordCount":518,"publisher":{"@id":"https:\/\/seausasino.pl\/news\/#organization"},"image":{"@id":"https:\/\/seausasino.pl\/news\/pl\/2026\/08\/nocny-ogrod-w-sasinie-0807\/#primaryimage"},"thumbnailUrl":"https:\/\/seausasino.pl\/news\/wp-content\/uploads\/2026\/08\/seau-nocny-ogrod-w-sasinie-0807.jpg","inLanguage":"pl-PL"},{"@type":"WebPage","@id":"https:\/\/seausasino.pl\/news\/pl\/2026\/08\/nocny-ogrod-w-sasinie-0807\/","url":"https:\/\/seausasino.pl\/news\/pl\/2026\/08\/nocny-ogrod-w-sasinie-0807\/","name":"SEAUSASINO.PL \u2014 Dom z prywatnym ogrodem, Sasino","isPartOf":{"@id":"https:\/\/seausasino.pl\/news\/#website"},"primaryImageOfPage":{"@id":"https:\/\/seausasino.pl\/news\/pl\/2026\/08\/nocny-ogrod-w-sasinie-0807\/#primaryimage"},"image":{"@id":"https:\/\/seausasino.pl\/news\/pl\/2026\/08\/nocny-ogrod-w-sasinie-0807\/#primaryimage"},"thumbnailUrl":"https:\/\/seausasino.pl\/news\/wp-content\/uploads\/2026\/08\/seau-nocny-ogrod-w-sasinie-0807.jpg","datePublished":"2026-08-07T14:15:51+00:00","dateModified":"2026-08-10T10:42:56+00:00","description":"Wieczorem ogr\u00f3d przy domu w Sasinie zmienia barwy. Kameralny wypoczynek nad morzem w czterech drewnianych domach. Sprawd\u017a terminy.","breadcrumb":{"@id":"https:\/\/seausasino.pl\/news\/pl\/2026\/08\/nocny-ogrod-w-sasinie-0807\/#breadcrumb"},"inLanguage":"pl-PL","potentialAction":[{"@type":"ReadAction","target":["https:\/\/seausasino.pl\/news\/pl\/2026\/08\/nocny-ogrod-w-sasinie-0807\/"]}]},{"@type":"ImageObject","inLanguage":"pl-PL","@id":"https:\/\/seausasino.pl\/news\/pl\/2026\/08\/nocny-ogrod-w-sasinie-0807\/#primaryimage","url":"https:\/\/seausasino.pl\/news\/wp-content\/uploads\/2026\/08\/seau-nocny-ogrod-w-sasinie-0807.jpg","contentUrl":"https:\/\/seausasino.pl\/news\/wp-content\/uploads\/2026\/08\/seau-nocny-ogrod-w-sasinie-0807.jpg","width":2048,"height":1348},{"@type":"BreadcrumbList","@id":"https:\/\/seausasino.pl\/news\/pl\/2026\/08\/nocny-ogrod-w-sasinie-0807\/#breadcrumb","itemListElement":[{"@type":"ListItem","position":1,"name":"Strona g\u0142\u00f3wna","item":"https:\/\/seausasino.pl\/news\/pl\/"},{"@type":"ListItem","position":2,"name":"Ogr\u00f3d w kolorach nocy przed domem w Sasinie"}]},{"@type":"WebSite","@id":"https:\/\/seausasino.pl\/news\/#website","url":"https:\/\/seausasino.pl\/news\/","name":"SeaUSasino","description":"Blog","publisher":{"@id":"https:\/\/seausasino.pl\/news\/#organization"},"potentialAction":[{"@type":"SearchAction","target":{"@type":"EntryPoint","urlTemplate":"https:\/\/seausasino.pl\/news\/?s={search_term_string}"},"query-input":"required name=search_term_string"}],"inLanguage":"pl-PL"},{"@type":"Organization","@id":"https:\/\/seausasino.pl\/news\/#organization","name":"SeaUSasino","url":"https:\/\/seausasino.pl\/news\/","logo":{"@type":"ImageObject","inLanguage":"pl-PL","@id":"https:\/\/seausasino.pl\/news\/#\/schema\/logo\/image\/","url":"https:\/\/seausasino.pl\/news\/wp-content\/uploads\/2022\/09\/06-2.jpg","contentUrl":"https:\/\/seausasino.pl\/news\/wp-content\/uploads\/2022\/09\/06-2.jpg","width":853,"height":1280,"caption":"SeaUSasino"},"image":{"@id":"https:\/\/seausasino.pl\/news\/#\/schema\/logo\/image\/"},"sameAs":["https:\/\/www.facebook.com\/sasinoapartments4rent","https:\/\/www.instagram.com\/seausasino"]},{"@type":"Person","@id":"https:\/\/seausasino.pl\/news\/#\/schema\/person\/83768b5304ac25a7aec12584e5bafa66","name":"admin","image":{"@type":"ImageObject","inLanguage":"pl-PL","@id":"https:\/\/seausasino.pl\/news\/#\/schema\/person\/image\/","url":"https:\/\/secure.gravatar.com\/avatar\/fc9bb3bac2b6959872cb274c84c62cf23e37f06526382b7da0d744fac7f387cb?s=96&d=mm&r=g","contentUrl":"https:\/\/secure.gravatar.com\/avatar\/fc9bb3bac2b6959872cb274c84c62cf23e37f06526382b7da0d744fac7f387cb?s=96&d=mm&r=g","caption":"admin"},"url":"https:\/\/seausasino.pl\/news\/author\/admin\/"}]}},"_links":{"self":[{"href":"https:\/\/seausasino.pl\/news\/wp-json\/wp\/v2\/posts\/4448","targetHints":{"allow":["GET"]}}],"collection":[{"href":"https:\/\/seausasino.pl\/news\/wp-json\/wp\/v2\/posts"}],"about":[{"href":"https:\/\/seausasino.pl\/news\/wp-json\/wp\/v2\/types\/post"}],"author":[{"embeddable":true,"href":"https:\/\/seausasino.pl\/news\/wp-json\/wp\/v2\/users\/1"}],"replies":[{"embeddable":true,"href":"https:\/\/seausasino.pl\/news\/wp-json\/wp\/v2\/comments?post=4448"}],"version-history":[{"count":1,"href":"https:\/\/seausasino.pl\/news\/wp-json\/wp\/v2\/posts\/4448\/revisions"}],"predecessor-version":[{"id":4472,"href":"https:\/\/seausasino.pl\/news\/wp-json\/wp\/v2\/posts\/4448\/revisions\/4472"}],"wp:featuredmedia":[{"embeddable":true,"href":"https:\/\/seausasino.pl\/news\/wp-json\/wp\/v2\/media\/4447"}],"wp:attachment":[{"href":"https:\/\/seausasino.pl\/news\/wp-json\/wp\/v2\/media?parent=4448"}],"wp:term":[{"taxonomy":"category","embeddable":true,"href":"https:\/\/seausasino.pl\/news\/wp-json\/wp\/v2\/categories?post=4448"},{"taxonomy":"post_tag","embeddable":true,"href":"https:\/\/seausasino.pl\/news\/wp-json\/wp\/v2\/tags?post=4448"}],"curies":[{"name":"wp","href":"https:\/\/api.w.org\/{rel}","templated":true}]}}