{"id":4435,"date":"2026-08-06T08:16:05","date_gmt":"2026-08-06T06:16:05","guid":{"rendered":"https:\/\/blog.seausasino.pl\/2026\/08\/zachod-nad-polami-sasino-0806\/"},"modified":"2026-08-10T12:42:56","modified_gmt":"2026-08-10T10:42:56","slug":"zachod-nad-polami-sasino-0806","status":"publish","type":"post","link":"https:\/\/seausasino.pl\/news\/pl\/2026\/08\/zachod-nad-polami-sasino-0806\/","title":{"rendered":"Pola za lasem, gdy s\u0142o\u0144ce chowa si\u0119 w bele s\u0142omy"},"content":{"rendered":"<figure style=\"margin:0 auto;max-width:720px;\"><img decoding=\"async\" src=\"https:\/\/riceayyncripijgnlhzv.supabase.co\/storage\/v1\/object\/public\/content-studio\/seausasino-biblioteka\/szuflada-20220622202308-D95535.jpg\" alt=\"Pola za lasem, gdy s\u0142o\u0144ce chowa si\u0119 w bele s\u0142omy\" style=\"width:100%;aspect-ratio:4\/5;object-fit:cover;display:block;\" \/><\/figure>\n<p>Zanim las sosnowy zg\u0119stnieje i otworzy si\u0119 na piaszczyst\u0105 \u015bcie\u017ck\u0119 do Stilo, trzeba przejecha\u0107 przez pola. To w\u0142a\u015bnie tutaj, mi\u0119dzy \u0141eb\u0105 a Kopalinem, krajobraz zmienia charakter &#8211; z le\u015bnego w rolniczy, z cienistego w otwarty. Wczoraj wieczorem niebo nad tymi polami zrobi\u0142o si\u0119 pomara\u0144czowe, g\u0119ste, prawie p\u0142ynne. Bele s\u0142omy le\u017ca\u0142y porozrzucane po \u015bciernisku jak du\u017ce kamienie, a w tle, na horyzoncie, sta\u0142 samotny wiatrak &#8211; bia\u0142y s\u0142up z trzema \u0142opatami, nieruchomy w bezwietrznym powietrzu.<\/p>\n<p>S\u0142o\u0144ce schodzi\u0142o powoli, jakby nie mia\u0142o po\u015bpiechu. Mg\u0142a, kt\u00f3ra zwykle unosi si\u0119 nad tymi polami rano, tym razem zosta\u0142a na wiecz\u00f3r &#8211; zawis\u0142a niziutko, tu\u017c nad traw\u0105, zlewaj\u0105c si\u0119 z pomara\u0144czow\u0105 po\u015bwiat\u0105 nieba. Krajobraz wygl\u0105da\u0142 surowo i szeroko, bez \u017cadnych ozd\u00f3b &#8211; tylko ziemia, s\u0142o\u0144ce i cisza, jak\u0105 s\u0142yszy si\u0119 tylko na wsi, daleko od g\u0142\u00f3wnych dr\u00f3g.<\/p>\n<h2>Co wida\u0107 w drodze do Sasina<\/h2>\n<p>Ci, kt\u00f3rzy jad\u0105 do naszych <strong>DOM<\/strong>\u00f3w pierwszy raz, cz\u0119sto pytaj\u0105, czy okolica jest tak spokojna, jak wygl\u0105da na zdj\u0119ciach. Odpowied\u017a jest prosta &#8211; tak, i to wida\u0107 ju\u017c w drodze. Pola za Kopalinem, wiatraki stoj\u0105ce samotnie na horyzoncie, wsie rozsiane rzadko &#8211; to jest ten fragment Pomorza, kt\u00f3ry nie krzyczy o siebie, tylko czeka, a\u017c si\u0119 go zauwa\u017cy. S\u0142ajszewo, Sasino, Stilo &#8211; te nazwy nie s\u0105 przypadkowe, to ma\u0142e punkty na mapie, kt\u00f3re \u0142\u0105czy jedno: blisko\u015b\u0107 morza i oddalenie od zgie\u0142ku.<\/p>\n<p>Poni\u017cej mo\u017cecie zobaczy\u0107 kr\u00f3tki film z tego wieczoru &#8211; kolory nieba zmieniaj\u0105ce si\u0119 z minuty na minut\u0119, bele s\u0142omy w kontrze \u015bwiat\u0142a i wiatrak, kt\u00f3ry przez chwil\u0119 wygl\u0105da jak namalowany.<\/p>\n<h2>Dlaczego takie widoki s\u0105 cz\u0119\u015bci\u0105 pobytu<\/h2>\n<p>Nasze <strong>DOMY nad morzem do wynaj\u0119cia<\/strong> w Sasinie stoj\u0105 w lesie, blisko pla\u017cy, ale droga do nich prowadzi w\u0142a\u015bnie przez takie pola. To nie jest przypadek &#8211; to jest kontekst, w kt\u00f3rym trzeba zobaczy\u0107 ca\u0142y ten teren: <strong>domy nad morzem w okolicach \u0141eby<\/strong> nie istniej\u0105 w izolacji, s\u0105 cz\u0119\u015bci\u0105 wi\u0119kszego krajobrazu wsi, p\u00f3l i las\u00f3w, kt\u00f3re razem tworz\u0105 t\u0119 cisz\u0119, po kt\u00f3r\u0105 tu przyje\u017cd\u017camy.<\/p>\n<ul>\n<li>Wieczorne niebo nad polami zmienia kolor w kilka minut &#8211; od \u017c\u00f3\u0142tego przez pomara\u0144cz do g\u0142\u0119bokiej czerwieni.<\/li>\n<li>Bele s\u0142omy po \u017cniwach zostaj\u0105 na polach tygodniami, tworz\u0105c charakterystyczny letni pejza\u017c.<\/li>\n<li>Wiatraki widoczne z drogi do Sasina s\u0105 punktem orientacyjnym dla wielu go\u015bci wracaj\u0105cych z pla\u017cy.<\/li>\n<\/ul>\n<h2>Po dniu na polach &#8211; wiecz\u00f3r w domu z kominkiem<\/h2>\n<p>Po takim zachodzie s\u0142o\u0144ca dobrze wr\u00f3ci\u0107 do ciep\u0142ego wn\u0119trza &#8211; <strong>dom z kominkiem<\/strong> czeka z rozpalonym ogniem, prywatnym ogrodem i tarasem, gdzie mo\u017cna jeszcze chwil\u0119 patrze\u0107 na dogasaj\u0105ce niebo. To jest ten moment dnia, w kt\u00f3rym <strong>Sasino domki<\/strong> pokazuj\u0105 swoj\u0105 najlepsz\u0105 stron\u0119 &#8211; kameralnie, spokojnie, bez po\u015bpiechu.<\/p>\n<p style=\"text-align:center;\"><video controls preload=\"metadata\" style=\"width:100%;max-width:540px;aspect-ratio:9\/16;object-fit:cover;\" src=\"https:\/\/riceayyncripijgnlhzv.supabase.co\/storage\/v1\/object\/public\/content-studio\/seausasino-reels\/reel-zachod-01.mp4\"><\/video><\/p>\n<h2>Wolne terminy w SeaUSasino<\/h2>\n<p>\ud83d\udccd Najbli\u017cszy wolny termin: <strong>06.08.2026<\/strong><\/p>\n<p>Cztery ca\u0142oroczne, luksusowe domy z drewna w Sasinie \u2014 ka\u017cdy dla o\u015bmiu os\u00f3b, z kominkiem i prywatnym ogrodem, spacer sosnowym lasem od pla\u017cy Stilo. Sprawd\u017a dost\u0119pno\u015b\u0107 i <a href=\"https:\/\/seausasino.pl\">zarezerwuj na seausasino.pl<\/a>.<\/p>\n","protected":false},"excerpt":{"rendered":"<p>Wieczorny krajobraz p\u00f3l i wiatraka w drodze do Sasina. Zobacz film i zarezerwuj dom z kominkiem nad morzem w SeaUSasino.<\/p>\n","protected":false},"author":1,"featured_media":4434,"comment_status":"closed","ping_status":"closed","sticky":false,"template":"","format":"standard","meta":{"_yoast_wpseo_focuskw":"","_yoast_wpseo_title":"SEAUSASINO.PL \u2014 Domy nad morzem, okolice \u0141eby","_yoast_wpseo_metadesc":"Wieczorny krajobraz p\u00f3l i wiatraka w drodze do Sasina, dwadzie\u015bcia minut od \u0141eby. Sprawd\u017a wolne terminy w domach z kominkiem nad morzem.","seau_keywords":"domy nad morzem w okolicach \u0141eby, Sasino, dom z kominkiem, nocleg Ba\u0142tyk","footnotes":""},"categories":[12],"tags":[],"class_list":["post-4435","post","type-post","status-publish","format-standard","has-post-thumbnail","hentry","category-bez-kategorii-pl"],"yoast_head":"<!-- This site is optimized with the Yoast SEO plugin v22.6 - https:\/\/yoast.com\/wordpress\/plugins\/seo\/ -->\n<title>SEAUSASINO.PL \u2014 Domy nad morzem, okolice \u0141eby<\/title>\n<meta name=\"description\" content=\"Wieczorny krajobraz p\u00f3l i wiatraka w drodze do Sasina, dwadzie\u015bcia minut od \u0141eby. Sprawd\u017a wolne terminy w domach z kominkiem nad morzem.\" \/>\n<meta name=\"robots\" content=\"index, follow, max-snippet:-1, max-image-preview:large, max-video-preview:-1\" \/>\n<link rel=\"canonical\" href=\"https:\/\/seausasino.pl\/news\/pl\/2026\/08\/zachod-nad-polami-sasino-0806\/\" \/>\n<meta property=\"og:locale\" content=\"pl_PL\" \/>\n<meta property=\"og:type\" content=\"article\" \/>\n<meta property=\"og:title\" content=\"SEAUSASINO.PL \u2014 Domy nad morzem, okolice \u0141eby\" \/>\n<meta property=\"og:description\" content=\"Wieczorny krajobraz p\u00f3l i wiatraka w drodze do Sasina, dwadzie\u015bcia minut od \u0141eby. Sprawd\u017a wolne terminy w domach z kominkiem nad morzem.\" \/>\n<meta property=\"og:url\" content=\"https:\/\/seausasino.pl\/news\/pl\/2026\/08\/zachod-nad-polami-sasino-0806\/\" \/>\n<meta property=\"og:site_name\" content=\"SeaUSasino\" \/>\n<meta property=\"article:publisher\" content=\"https:\/\/www.facebook.com\/sasinoapartments4rent\" \/>\n<meta property=\"article:published_time\" content=\"2026-08-06T06:16:05+00:00\" \/>\n<meta property=\"article:modified_time\" content=\"2026-08-10T10:42:56+00:00\" \/>\n<meta property=\"og:image\" content=\"https:\/\/seausasino.pl\/news\/wp-content\/uploads\/2026\/08\/seau-zachod-nad-polami-sasino-0806.jpg\" \/>\n\t<meta property=\"og:image:width\" content=\"1920\" \/>\n\t<meta property=\"og:image:height\" content=\"1280\" \/>\n\t<meta property=\"og:image:type\" content=\"image\/jpeg\" \/>\n<meta name=\"author\" content=\"admin\" \/>\n<meta name=\"twitter:card\" content=\"summary_large_image\" \/>\n<meta name=\"twitter:label1\" content=\"Napisane przez\" \/>\n\t<meta name=\"twitter:data1\" content=\"admin\" \/>\n\t<meta name=\"twitter:label2\" content=\"Szacowany czas czytania\" \/>\n\t<meta name=\"twitter:data2\" content=\"3 minuty\" \/>\n<script type=\"application\/ld+json\" class=\"yoast-schema-graph\">{\"@context\":\"https:\/\/schema.org\",\"@graph\":[{\"@type\":\"Article\",\"@id\":\"https:\/\/seausasino.pl\/news\/pl\/2026\/08\/zachod-nad-polami-sasino-0806\/#article\",\"isPartOf\":{\"@id\":\"https:\/\/seausasino.pl\/news\/pl\/2026\/08\/zachod-nad-polami-sasino-0806\/\"},\"author\":{\"name\":\"admin\",\"@id\":\"https:\/\/seausasino.pl\/news\/#\/schema\/person\/83768b5304ac25a7aec12584e5bafa66\"},\"headline\":\"Pola za lasem, gdy s\u0142o\u0144ce chowa si\u0119 w bele s\u0142omy\",\"datePublished\":\"2026-08-06T06:16:05+00:00\",\"dateModified\":\"2026-08-10T10:42:56+00:00\",\"mainEntityOfPage\":{\"@id\":\"https:\/\/seausasino.pl\/news\/pl\/2026\/08\/zachod-nad-polami-sasino-0806\/\"},\"wordCount\":564,\"publisher\":{\"@id\":\"https:\/\/seausasino.pl\/news\/#organization\"},\"image\":{\"@id\":\"https:\/\/seausasino.pl\/news\/pl\/2026\/08\/zachod-nad-polami-sasino-0806\/#primaryimage\"},\"thumbnailUrl\":\"https:\/\/seausasino.pl\/news\/wp-content\/uploads\/2026\/08\/seau-zachod-nad-polami-sasino-0806.jpg\",\"inLanguage\":\"pl-PL\"},{\"@type\":\"WebPage\",\"@id\":\"https:\/\/seausasino.pl\/news\/pl\/2026\/08\/zachod-nad-polami-sasino-0806\/\",\"url\":\"https:\/\/seausasino.pl\/news\/pl\/2026\/08\/zachod-nad-polami-sasino-0806\/\",\"name\":\"SEAUSASINO.PL \u2014 Domy nad morzem, okolice \u0141eby\",\"isPartOf\":{\"@id\":\"https:\/\/seausasino.pl\/news\/#website\"},\"primaryImageOfPage\":{\"@id\":\"https:\/\/seausasino.pl\/news\/pl\/2026\/08\/zachod-nad-polami-sasino-0806\/#primaryimage\"},\"image\":{\"@id\":\"https:\/\/seausasino.pl\/news\/pl\/2026\/08\/zachod-nad-polami-sasino-0806\/#primaryimage\"},\"thumbnailUrl\":\"https:\/\/seausasino.pl\/news\/wp-content\/uploads\/2026\/08\/seau-zachod-nad-polami-sasino-0806.jpg\",\"datePublished\":\"2026-08-06T06:16:05+00:00\",\"dateModified\":\"2026-08-10T10:42:56+00:00\",\"description\":\"Wieczorny krajobraz p\u00f3l i wiatraka w drodze do Sasina, dwadzie\u015bcia minut od \u0141eby. Sprawd\u017a wolne terminy w domach z kominkiem nad morzem.\",\"breadcrumb\":{\"@id\":\"https:\/\/seausasino.pl\/news\/pl\/2026\/08\/zachod-nad-polami-sasino-0806\/#breadcrumb\"},\"inLanguage\":\"pl-PL\",\"potentialAction\":[{\"@type\":\"ReadAction\",\"target\":[\"https:\/\/seausasino.pl\/news\/pl\/2026\/08\/zachod-nad-polami-sasino-0806\/\"]}]},{\"@type\":\"ImageObject\",\"inLanguage\":\"pl-PL\",\"@id\":\"https:\/\/seausasino.pl\/news\/pl\/2026\/08\/zachod-nad-polami-sasino-0806\/#primaryimage\",\"url\":\"https:\/\/seausasino.pl\/news\/wp-content\/uploads\/2026\/08\/seau-zachod-nad-polami-sasino-0806.jpg\",\"contentUrl\":\"https:\/\/seausasino.pl\/news\/wp-content\/uploads\/2026\/08\/seau-zachod-nad-polami-sasino-0806.jpg\",\"width\":1920,\"height\":1280},{\"@type\":\"BreadcrumbList\",\"@id\":\"https:\/\/seausasino.pl\/news\/pl\/2026\/08\/zachod-nad-polami-sasino-0806\/#breadcrumb\",\"itemListElement\":[{\"@type\":\"ListItem\",\"position\":1,\"name\":\"Strona g\u0142\u00f3wna\",\"item\":\"https:\/\/seausasino.pl\/news\/pl\/\"},{\"@type\":\"ListItem\",\"position\":2,\"name\":\"Pola za lasem, gdy s\u0142o\u0144ce chowa si\u0119 w bele s\u0142omy\"}]},{\"@type\":\"WebSite\",\"@id\":\"https:\/\/seausasino.pl\/news\/#website\",\"url\":\"https:\/\/seausasino.pl\/news\/\",\"name\":\"SeaUSasino\",\"description\":\"Blog\",\"publisher\":{\"@id\":\"https:\/\/seausasino.pl\/news\/#organization\"},\"potentialAction\":[{\"@type\":\"SearchAction\",\"target\":{\"@type\":\"EntryPoint\",\"urlTemplate\":\"https:\/\/seausasino.pl\/news\/?s={search_term_string}\"},\"query-input\":\"required name=search_term_string\"}],\"inLanguage\":\"pl-PL\"},{\"@type\":\"Organization\",\"@id\":\"https:\/\/seausasino.pl\/news\/#organization\",\"name\":\"SeaUSasino\",\"url\":\"https:\/\/seausasino.pl\/news\/\",\"logo\":{\"@type\":\"ImageObject\",\"inLanguage\":\"pl-PL\",\"@id\":\"https:\/\/seausasino.pl\/news\/#\/schema\/logo\/image\/\",\"url\":\"https:\/\/seausasino.pl\/news\/wp-content\/uploads\/2022\/09\/06-2.jpg\",\"contentUrl\":\"https:\/\/seausasino.pl\/news\/wp-content\/uploads\/2022\/09\/06-2.jpg\",\"width\":853,\"height\":1280,\"caption\":\"SeaUSasino\"},\"image\":{\"@id\":\"https:\/\/seausasino.pl\/news\/#\/schema\/logo\/image\/\"},\"sameAs\":[\"https:\/\/www.facebook.com\/sasinoapartments4rent\",\"https:\/\/www.instagram.com\/seausasino\"]},{\"@type\":\"Person\",\"@id\":\"https:\/\/seausasino.pl\/news\/#\/schema\/person\/83768b5304ac25a7aec12584e5bafa66\",\"name\":\"admin\",\"image\":{\"@type\":\"ImageObject\",\"inLanguage\":\"pl-PL\",\"@id\":\"https:\/\/seausasino.pl\/news\/#\/schema\/person\/image\/\",\"url\":\"https:\/\/secure.gravatar.com\/avatar\/fc9bb3bac2b6959872cb274c84c62cf23e37f06526382b7da0d744fac7f387cb?s=96&d=mm&r=g\",\"contentUrl\":\"https:\/\/secure.gravatar.com\/avatar\/fc9bb3bac2b6959872cb274c84c62cf23e37f06526382b7da0d744fac7f387cb?s=96&d=mm&r=g\",\"caption\":\"admin\"},\"url\":\"https:\/\/seausasino.pl\/news\/author\/admin\/\"}]}<\/script>\n<!-- \/ Yoast SEO plugin. -->","yoast_head_json":{"title":"SEAUSASINO.PL \u2014 Domy nad morzem, okolice \u0141eby","description":"Wieczorny krajobraz p\u00f3l i wiatraka w drodze do Sasina, dwadzie\u015bcia minut od \u0141eby. Sprawd\u017a wolne terminy w domach z kominkiem nad morzem.","robots":{"index":"index","follow":"follow","max-snippet":"max-snippet:-1","max-image-preview":"max-image-preview:large","max-video-preview":"max-video-preview:-1"},"canonical":"https:\/\/seausasino.pl\/news\/pl\/2026\/08\/zachod-nad-polami-sasino-0806\/","og_locale":"pl_PL","og_type":"article","og_title":"SEAUSASINO.PL \u2014 Domy nad morzem, okolice \u0141eby","og_description":"Wieczorny krajobraz p\u00f3l i wiatraka w drodze do Sasina, dwadzie\u015bcia minut od \u0141eby. Sprawd\u017a wolne terminy w domach z kominkiem nad morzem.","og_url":"https:\/\/seausasino.pl\/news\/pl\/2026\/08\/zachod-nad-polami-sasino-0806\/","og_site_name":"SeaUSasino","article_publisher":"https:\/\/www.facebook.com\/sasinoapartments4rent","article_published_time":"2026-08-06T06:16:05+00:00","article_modified_time":"2026-08-10T10:42:56+00:00","og_image":[{"width":1920,"height":1280,"url":"https:\/\/seausasino.pl\/news\/wp-content\/uploads\/2026\/08\/seau-zachod-nad-polami-sasino-0806.jpg","type":"image\/jpeg"}],"author":"admin","twitter_card":"summary_large_image","twitter_misc":{"Napisane przez":"admin","Szacowany czas czytania":"3 minuty"},"schema":{"@context":"https:\/\/schema.org","@graph":[{"@type":"Article","@id":"https:\/\/seausasino.pl\/news\/pl\/2026\/08\/zachod-nad-polami-sasino-0806\/#article","isPartOf":{"@id":"https:\/\/seausasino.pl\/news\/pl\/2026\/08\/zachod-nad-polami-sasino-0806\/"},"author":{"name":"admin","@id":"https:\/\/seausasino.pl\/news\/#\/schema\/person\/83768b5304ac25a7aec12584e5bafa66"},"headline":"Pola za lasem, gdy s\u0142o\u0144ce chowa si\u0119 w bele s\u0142omy","datePublished":"2026-08-06T06:16:05+00:00","dateModified":"2026-08-10T10:42:56+00:00","mainEntityOfPage":{"@id":"https:\/\/seausasino.pl\/news\/pl\/2026\/08\/zachod-nad-polami-sasino-0806\/"},"wordCount":564,"publisher":{"@id":"https:\/\/seausasino.pl\/news\/#organization"},"image":{"@id":"https:\/\/seausasino.pl\/news\/pl\/2026\/08\/zachod-nad-polami-sasino-0806\/#primaryimage"},"thumbnailUrl":"https:\/\/seausasino.pl\/news\/wp-content\/uploads\/2026\/08\/seau-zachod-nad-polami-sasino-0806.jpg","inLanguage":"pl-PL"},{"@type":"WebPage","@id":"https:\/\/seausasino.pl\/news\/pl\/2026\/08\/zachod-nad-polami-sasino-0806\/","url":"https:\/\/seausasino.pl\/news\/pl\/2026\/08\/zachod-nad-polami-sasino-0806\/","name":"SEAUSASINO.PL \u2014 Domy nad morzem, okolice \u0141eby","isPartOf":{"@id":"https:\/\/seausasino.pl\/news\/#website"},"primaryImageOfPage":{"@id":"https:\/\/seausasino.pl\/news\/pl\/2026\/08\/zachod-nad-polami-sasino-0806\/#primaryimage"},"image":{"@id":"https:\/\/seausasino.pl\/news\/pl\/2026\/08\/zachod-nad-polami-sasino-0806\/#primaryimage"},"thumbnailUrl":"https:\/\/seausasino.pl\/news\/wp-content\/uploads\/2026\/08\/seau-zachod-nad-polami-sasino-0806.jpg","datePublished":"2026-08-06T06:16:05+00:00","dateModified":"2026-08-10T10:42:56+00:00","description":"Wieczorny krajobraz p\u00f3l i wiatraka w drodze do Sasina, dwadzie\u015bcia minut od \u0141eby. Sprawd\u017a wolne terminy w domach z kominkiem nad morzem.","breadcrumb":{"@id":"https:\/\/seausasino.pl\/news\/pl\/2026\/08\/zachod-nad-polami-sasino-0806\/#breadcrumb"},"inLanguage":"pl-PL","potentialAction":[{"@type":"ReadAction","target":["https:\/\/seausasino.pl\/news\/pl\/2026\/08\/zachod-nad-polami-sasino-0806\/"]}]},{"@type":"ImageObject","inLanguage":"pl-PL","@id":"https:\/\/seausasino.pl\/news\/pl\/2026\/08\/zachod-nad-polami-sasino-0806\/#primaryimage","url":"https:\/\/seausasino.pl\/news\/wp-content\/uploads\/2026\/08\/seau-zachod-nad-polami-sasino-0806.jpg","contentUrl":"https:\/\/seausasino.pl\/news\/wp-content\/uploads\/2026\/08\/seau-zachod-nad-polami-sasino-0806.jpg","width":1920,"height":1280},{"@type":"BreadcrumbList","@id":"https:\/\/seausasino.pl\/news\/pl\/2026\/08\/zachod-nad-polami-sasino-0806\/#breadcrumb","itemListElement":[{"@type":"ListItem","position":1,"name":"Strona g\u0142\u00f3wna","item":"https:\/\/seausasino.pl\/news\/pl\/"},{"@type":"ListItem","position":2,"name":"Pola za lasem, gdy s\u0142o\u0144ce chowa si\u0119 w bele s\u0142omy"}]},{"@type":"WebSite","@id":"https:\/\/seausasino.pl\/news\/#website","url":"https:\/\/seausasino.pl\/news\/","name":"SeaUSasino","description":"Blog","publisher":{"@id":"https:\/\/seausasino.pl\/news\/#organization"},"potentialAction":[{"@type":"SearchAction","target":{"@type":"EntryPoint","urlTemplate":"https:\/\/seausasino.pl\/news\/?s={search_term_string}"},"query-input":"required name=search_term_string"}],"inLanguage":"pl-PL"},{"@type":"Organization","@id":"https:\/\/seausasino.pl\/news\/#organization","name":"SeaUSasino","url":"https:\/\/seausasino.pl\/news\/","logo":{"@type":"ImageObject","inLanguage":"pl-PL","@id":"https:\/\/seausasino.pl\/news\/#\/schema\/logo\/image\/","url":"https:\/\/seausasino.pl\/news\/wp-content\/uploads\/2022\/09\/06-2.jpg","contentUrl":"https:\/\/seausasino.pl\/news\/wp-content\/uploads\/2022\/09\/06-2.jpg","width":853,"height":1280,"caption":"SeaUSasino"},"image":{"@id":"https:\/\/seausasino.pl\/news\/#\/schema\/logo\/image\/"},"sameAs":["https:\/\/www.facebook.com\/sasinoapartments4rent","https:\/\/www.instagram.com\/seausasino"]},{"@type":"Person","@id":"https:\/\/seausasino.pl\/news\/#\/schema\/person\/83768b5304ac25a7aec12584e5bafa66","name":"admin","image":{"@type":"ImageObject","inLanguage":"pl-PL","@id":"https:\/\/seausasino.pl\/news\/#\/schema\/person\/image\/","url":"https:\/\/secure.gravatar.com\/avatar\/fc9bb3bac2b6959872cb274c84c62cf23e37f06526382b7da0d744fac7f387cb?s=96&d=mm&r=g","contentUrl":"https:\/\/secure.gravatar.com\/avatar\/fc9bb3bac2b6959872cb274c84c62cf23e37f06526382b7da0d744fac7f387cb?s=96&d=mm&r=g","caption":"admin"},"url":"https:\/\/seausasino.pl\/news\/author\/admin\/"}]}},"_links":{"self":[{"href":"https:\/\/seausasino.pl\/news\/wp-json\/wp\/v2\/posts\/4435","targetHints":{"allow":["GET"]}}],"collection":[{"href":"https:\/\/seausasino.pl\/news\/wp-json\/wp\/v2\/posts"}],"about":[{"href":"https:\/\/seausasino.pl\/news\/wp-json\/wp\/v2\/types\/post"}],"author":[{"embeddable":true,"href":"https:\/\/seausasino.pl\/news\/wp-json\/wp\/v2\/users\/1"}],"replies":[{"embeddable":true,"href":"https:\/\/seausasino.pl\/news\/wp-json\/wp\/v2\/comments?post=4435"}],"version-history":[{"count":1,"href":"https:\/\/seausasino.pl\/news\/wp-json\/wp\/v2\/posts\/4435\/revisions"}],"predecessor-version":[{"id":4475,"href":"https:\/\/seausasino.pl\/news\/wp-json\/wp\/v2\/posts\/4435\/revisions\/4475"}],"wp:featuredmedia":[{"embeddable":true,"href":"https:\/\/seausasino.pl\/news\/wp-json\/wp\/v2\/media\/4434"}],"wp:attachment":[{"href":"https:\/\/seausasino.pl\/news\/wp-json\/wp\/v2\/media?parent=4435"}],"wp:term":[{"taxonomy":"category","embeddable":true,"href":"https:\/\/seausasino.pl\/news\/wp-json\/wp\/v2\/categories?post=4435"},{"taxonomy":"post_tag","embeddable":true,"href":"https:\/\/seausasino.pl\/news\/wp-json\/wp\/v2\/tags?post=4435"}],"curies":[{"name":"wp","href":"https:\/\/api.w.org\/{rel}","templated":true}]}}