{"id":4429,"date":"2026-08-05T08:00:46","date_gmt":"2026-08-05T06:00:46","guid":{"rendered":"https:\/\/blog.seausasino.pl\/2026\/08\/swit-nad-sasinem-zanim-las-sie-obudzi-0805\/"},"modified":"2026-08-10T12:42:56","modified_gmt":"2026-08-10T10:42:56","slug":"swit-nad-sasinem-zanim-las-sie-obudzi-0805","status":"publish","type":"post","link":"https:\/\/seausasino.pl\/news\/pl\/2026\/08\/swit-nad-sasinem-zanim-las-sie-obudzi-0805\/","title":{"rendered":"\u015awit nad Sasinem, zanim las si\u0119 obudzi"},"content":{"rendered":"<figure style=\"margin:0 auto;max-width:720px;\"><img decoding=\"async\" src=\"https:\/\/riceayyncripijgnlhzv.supabase.co\/storage\/v1\/object\/public\/content-studio\/seausasino-biblioteka\/dom-one-art-IMG_0020.jpg\" alt=\"\u015awit nad Sasinem, zanim las si\u0119 obudzi\" style=\"width:100%;aspect-ratio:4\/5;object-fit:cover;display:block;\" \/><\/figure>\n<p>Sz\u00f3sta rano, a niebo nad Sasinem ma jeszcze ten szary, niezdecydowany kolor, kt\u00f3ry zaraz zmieni si\u0119 w r\u00f3\u017c. Drewniana weranda jednego z DOM\u00d3W skrzypi lekko pod stopami, powietrze jest ch\u0142odne, pachnie sosn\u0105 i sol\u0105 naraz. To jest ta godzina, kiedy okolica nale\u017cy tylko do tych, kt\u00f3rzy wstali wcze\u015bniej ni\u017c budzik \u2013 do sarny na skraju lasu, do mew krzycz\u0105cych gdzie\u015b w stron\u0119 Kopalina i do nas, z kubkiem kawy w r\u0119ku, patrz\u0105cych jak \u015bwiat\u0142o wchodzi mi\u0119dzy drzewa.<\/p>\n<p>Droga do pla\u017cy Stilo o tej porze jest zupe\u0142nie inna ni\u017c w \u015brodku dnia. Piasek na \u015bcie\u017cce jeszcze wilgotny od nocnej rosy, korony sosen filtruj\u0105 pierwsze promienie na pasy jasno\u015bci i cienia. Nie trzeba si\u0119 z nikim mija\u0107, nie trzeba czeka\u0107 w kolejce do niczego \u2013 jest tylko ta kameralna, poranna cisza, w kt\u00f3rej s\u0142yszy si\u0119 w\u0142asne kroki i szum, kt\u00f3ry dopiero za chwil\u0119 oka\u017ce si\u0119 morzem.<\/p>\n<h2>Co wida\u0107 z tarasu o wschodzie s\u0142o\u0144ca<\/h2>\n<p>Ka\u017cdy z czterech dom\u00f3w SeaUSasino ma prywatny taras i ogr\u00f3d, wi\u0119c pierwsze \u015bwiat\u0142o mo\u017cna z\u0142apa\u0107 bez wychodzenia za bram\u0119. Rosa na trawie, mg\u0142a unosz\u0105ca si\u0119 nisko nad ziemi\u0105, czasem sarna przechodz\u0105ca przez s\u0105siedni\u0105 dzia\u0142k\u0119 \u2013 to s\u0105 obrazki, kt\u00f3re w Sasinie zdarzaj\u0105 si\u0119 prawie ka\u017cdego ranka, tylko trzeba je wypatrze\u0107. W ch\u0142odniejsze dni kominek, dopalaj\u0105cy si\u0119 jeszcze z wieczora, daje resztki ciep\u0142a, a kawa parzona w kuchni pachnie mocniej ni\u017c zwykle, mo\u017ce przez ten kontrast z ch\u0142odnym powietrzem za oknem.<\/p>\n<h2>Dlaczego warto wsta\u0107 przed wszystkimi<\/h2>\n<p>Pla\u017ca Stilo w pe\u0142nym s\u0142o\u0144cu po\u0142udnia to jedno, ale o \u015bwicie to zupe\u0142nie inne miejsce \u2013 dzikie, surowe, bez \u015bladu wczorajszych \u015blad\u00f3w na piasku, bo noc je zatar\u0142a. Fale maj\u0105 wtedy inny rytm, spokojniejszy, jakby morze te\u017c jeszcze si\u0119 budzi\u0142o. To w\u0142a\u015bnie ta godzina przekonuje wielu naszych go\u015bci, \u017ce domy nad morzem do wynajecia w tej cz\u0119\u015bci wybrze\u017ca, mi\u0119dzy \u0141eb\u0105 a Kopalinem, maj\u0105 sens nie tylko latem. Jesienny czy zimowy \u015bwit bywa jeszcze bardziej surowy i pi\u0119kny \u2013 mg\u0142a g\u0119stsza, kolory ch\u0142odniejsze, ale spok\u00f3j ten sam.<\/p>\n<h3>Poranny rytua\u0142, kt\u00f3ry si\u0119 sprawdza<\/h3>\n<ul>\n<li>Kawa albo herbata na tarasie, zanim ktokolwiek inny w domu si\u0119 obudzi<\/li>\n<li>Kr\u00f3tki spacer sosnowym lasem do pla\u017cy, bez po\u015bpiechu<\/li>\n<li>Powr\u00f3t do rozgrzanego wn\u0119trza, \u015bniadanie przy stole, przy kt\u00f3rym mie\u015bci si\u0119 ca\u0142a \u00f3semka<\/li>\n<\/ul>\n<p>Sasino noclegi w takim rytmie to nie tylko nocleg, to zmiana tempa \u2013 i chyba w\u0142a\u015bnie o to tutaj chodzi. Je\u015bli szukacie miejsca na dom do wynajecia Sasino, w kt\u00f3rym poranek jest cz\u0119\u015bci\u0105 wypoczynku, a nie tylko przerw\u0105 mi\u0119dzy snem i \u015bniadaniem, ten kawa\u0142ek wybrze\u017ca, blisko S\u0142ajszewa i Kopalina, wci\u0105\u017c ma wolne terminy warte sprawdzenia.<\/p>\n<h2>Wolne terminy w SeaUSasino<\/h2>\n<p>\ud83d\udccd Najbli\u017cszy wolny termin: <strong>05.08.2026<\/strong><\/p>\n<p>Cztery ca\u0142oroczne, luksusowe domy z drewna w Sasinie \u2014 ka\u017cdy dla o\u015bmiu os\u00f3b, z kominkiem i prywatnym ogrodem, spacer sosnowym lasem od pla\u017cy Stilo. Sprawd\u017a dost\u0119pno\u015b\u0107 i <a href=\"https:\/\/seausasino.pl\">zarezerwuj na seausasino.pl<\/a>.<\/p>\n","protected":false},"excerpt":{"rendered":"<p>Pierwsze \u015bwiat\u0142o nad Sasinem, mg\u0142a nad sosnami i cisza pla\u017cy Stilo. Zarezerwuj dom z kominkiem nad morzem i zacznij dzie\u0144 tak jak on.<\/p>\n","protected":false},"author":1,"featured_media":4428,"comment_status":"closed","ping_status":"closed","sticky":false,"template":"","format":"standard","meta":{"_yoast_wpseo_focuskw":"","_yoast_wpseo_title":"SEAUSASINO.PL \u2014 Poranek nad morzem \u2014 domy w Sasinie","_yoast_wpseo_metadesc":"Pierwsze \u015bwiat\u0142o nad Sasinem, mg\u0142a nad sosnami i cisza pla\u017cy Stilo. Dom z kominkiem nad morzem \u2014 sprawd\u017a najbli\u017csze wolne terminy.","seau_keywords":"poranek nad morzem, Sasino noclegi, dom z kominkiem, domy nad Ba\u0142tykiem","footnotes":""},"categories":[12],"tags":[],"class_list":["post-4429","post","type-post","status-publish","format-standard","has-post-thumbnail","hentry","category-bez-kategorii-pl"],"yoast_head":"<!-- This site is optimized with the Yoast SEO plugin v22.6 - https:\/\/yoast.com\/wordpress\/plugins\/seo\/ -->\n<title>SEAUSASINO.PL \u2014 Poranek nad morzem \u2014 domy w Sasinie<\/title>\n<meta name=\"description\" content=\"Pierwsze \u015bwiat\u0142o nad Sasinem, mg\u0142a nad sosnami i cisza pla\u017cy Stilo. Dom z kominkiem nad morzem \u2014 sprawd\u017a najbli\u017csze wolne terminy.\" \/>\n<meta name=\"robots\" content=\"index, follow, max-snippet:-1, max-image-preview:large, max-video-preview:-1\" \/>\n<link rel=\"canonical\" href=\"https:\/\/seausasino.pl\/news\/pl\/2026\/08\/swit-nad-sasinem-zanim-las-sie-obudzi-0805\/\" \/>\n<meta property=\"og:locale\" content=\"pl_PL\" \/>\n<meta property=\"og:type\" content=\"article\" \/>\n<meta property=\"og:title\" content=\"SEAUSASINO.PL \u2014 Poranek nad morzem \u2014 domy w Sasinie\" \/>\n<meta property=\"og:description\" content=\"Pierwsze \u015bwiat\u0142o nad Sasinem, mg\u0142a nad sosnami i cisza pla\u017cy Stilo. Dom z kominkiem nad morzem \u2014 sprawd\u017a najbli\u017csze wolne terminy.\" \/>\n<meta property=\"og:url\" content=\"https:\/\/seausasino.pl\/news\/pl\/2026\/08\/swit-nad-sasinem-zanim-las-sie-obudzi-0805\/\" \/>\n<meta property=\"og:site_name\" content=\"SeaUSasino\" \/>\n<meta property=\"article:publisher\" content=\"https:\/\/www.facebook.com\/sasinoapartments4rent\" \/>\n<meta property=\"article:published_time\" content=\"2026-08-05T06:00:46+00:00\" \/>\n<meta property=\"article:modified_time\" content=\"2026-08-10T10:42:56+00:00\" \/>\n<meta property=\"og:image\" content=\"https:\/\/seausasino.pl\/news\/wp-content\/uploads\/2026\/08\/seau-swit-nad-sasinem-zanim-las-sie-obudzi-0805.jpg\" \/>\n\t<meta property=\"og:image:width\" content=\"682\" \/>\n\t<meta property=\"og:image:height\" content=\"1024\" \/>\n\t<meta property=\"og:image:type\" content=\"image\/jpeg\" \/>\n<meta name=\"author\" content=\"admin\" \/>\n<meta name=\"twitter:card\" content=\"summary_large_image\" \/>\n<meta name=\"twitter:label1\" content=\"Napisane przez\" \/>\n\t<meta name=\"twitter:data1\" content=\"admin\" \/>\n\t<meta name=\"twitter:label2\" content=\"Szacowany czas czytania\" \/>\n\t<meta name=\"twitter:data2\" content=\"3 minuty\" \/>\n<script type=\"application\/ld+json\" class=\"yoast-schema-graph\">{\"@context\":\"https:\/\/schema.org\",\"@graph\":[{\"@type\":\"Article\",\"@id\":\"https:\/\/seausasino.pl\/news\/pl\/2026\/08\/swit-nad-sasinem-zanim-las-sie-obudzi-0805\/#article\",\"isPartOf\":{\"@id\":\"https:\/\/seausasino.pl\/news\/pl\/2026\/08\/swit-nad-sasinem-zanim-las-sie-obudzi-0805\/\"},\"author\":{\"name\":\"admin\",\"@id\":\"https:\/\/seausasino.pl\/news\/#\/schema\/person\/83768b5304ac25a7aec12584e5bafa66\"},\"headline\":\"\u015awit nad Sasinem, zanim las si\u0119 obudzi\",\"datePublished\":\"2026-08-05T06:00:46+00:00\",\"dateModified\":\"2026-08-10T10:42:56+00:00\",\"mainEntityOfPage\":{\"@id\":\"https:\/\/seausasino.pl\/news\/pl\/2026\/08\/swit-nad-sasinem-zanim-las-sie-obudzi-0805\/\"},\"wordCount\":540,\"publisher\":{\"@id\":\"https:\/\/seausasino.pl\/news\/#organization\"},\"image\":{\"@id\":\"https:\/\/seausasino.pl\/news\/pl\/2026\/08\/swit-nad-sasinem-zanim-las-sie-obudzi-0805\/#primaryimage\"},\"thumbnailUrl\":\"https:\/\/seausasino.pl\/news\/wp-content\/uploads\/2026\/08\/seau-swit-nad-sasinem-zanim-las-sie-obudzi-0805.jpg\",\"inLanguage\":\"pl-PL\"},{\"@type\":\"WebPage\",\"@id\":\"https:\/\/seausasino.pl\/news\/pl\/2026\/08\/swit-nad-sasinem-zanim-las-sie-obudzi-0805\/\",\"url\":\"https:\/\/seausasino.pl\/news\/pl\/2026\/08\/swit-nad-sasinem-zanim-las-sie-obudzi-0805\/\",\"name\":\"SEAUSASINO.PL \u2014 Poranek nad morzem \u2014 domy w Sasinie\",\"isPartOf\":{\"@id\":\"https:\/\/seausasino.pl\/news\/#website\"},\"primaryImageOfPage\":{\"@id\":\"https:\/\/seausasino.pl\/news\/pl\/2026\/08\/swit-nad-sasinem-zanim-las-sie-obudzi-0805\/#primaryimage\"},\"image\":{\"@id\":\"https:\/\/seausasino.pl\/news\/pl\/2026\/08\/swit-nad-sasinem-zanim-las-sie-obudzi-0805\/#primaryimage\"},\"thumbnailUrl\":\"https:\/\/seausasino.pl\/news\/wp-content\/uploads\/2026\/08\/seau-swit-nad-sasinem-zanim-las-sie-obudzi-0805.jpg\",\"datePublished\":\"2026-08-05T06:00:46+00:00\",\"dateModified\":\"2026-08-10T10:42:56+00:00\",\"description\":\"Pierwsze \u015bwiat\u0142o nad Sasinem, mg\u0142a nad sosnami i cisza pla\u017cy Stilo. Dom z kominkiem nad morzem \u2014 sprawd\u017a najbli\u017csze wolne terminy.\",\"breadcrumb\":{\"@id\":\"https:\/\/seausasino.pl\/news\/pl\/2026\/08\/swit-nad-sasinem-zanim-las-sie-obudzi-0805\/#breadcrumb\"},\"inLanguage\":\"pl-PL\",\"potentialAction\":[{\"@type\":\"ReadAction\",\"target\":[\"https:\/\/seausasino.pl\/news\/pl\/2026\/08\/swit-nad-sasinem-zanim-las-sie-obudzi-0805\/\"]}]},{\"@type\":\"ImageObject\",\"inLanguage\":\"pl-PL\",\"@id\":\"https:\/\/seausasino.pl\/news\/pl\/2026\/08\/swit-nad-sasinem-zanim-las-sie-obudzi-0805\/#primaryimage\",\"url\":\"https:\/\/seausasino.pl\/news\/wp-content\/uploads\/2026\/08\/seau-swit-nad-sasinem-zanim-las-sie-obudzi-0805.jpg\",\"contentUrl\":\"https:\/\/seausasino.pl\/news\/wp-content\/uploads\/2026\/08\/seau-swit-nad-sasinem-zanim-las-sie-obudzi-0805.jpg\",\"width\":682,\"height\":1024},{\"@type\":\"BreadcrumbList\",\"@id\":\"https:\/\/seausasino.pl\/news\/pl\/2026\/08\/swit-nad-sasinem-zanim-las-sie-obudzi-0805\/#breadcrumb\",\"itemListElement\":[{\"@type\":\"ListItem\",\"position\":1,\"name\":\"Strona g\u0142\u00f3wna\",\"item\":\"https:\/\/seausasino.pl\/news\/pl\/\"},{\"@type\":\"ListItem\",\"position\":2,\"name\":\"\u015awit nad Sasinem, zanim las si\u0119 obudzi\"}]},{\"@type\":\"WebSite\",\"@id\":\"https:\/\/seausasino.pl\/news\/#website\",\"url\":\"https:\/\/seausasino.pl\/news\/\",\"name\":\"SeaUSasino\",\"description\":\"Blog\",\"publisher\":{\"@id\":\"https:\/\/seausasino.pl\/news\/#organization\"},\"potentialAction\":[{\"@type\":\"SearchAction\",\"target\":{\"@type\":\"EntryPoint\",\"urlTemplate\":\"https:\/\/seausasino.pl\/news\/?s={search_term_string}\"},\"query-input\":\"required name=search_term_string\"}],\"inLanguage\":\"pl-PL\"},{\"@type\":\"Organization\",\"@id\":\"https:\/\/seausasino.pl\/news\/#organization\",\"name\":\"SeaUSasino\",\"url\":\"https:\/\/seausasino.pl\/news\/\",\"logo\":{\"@type\":\"ImageObject\",\"inLanguage\":\"pl-PL\",\"@id\":\"https:\/\/seausasino.pl\/news\/#\/schema\/logo\/image\/\",\"url\":\"https:\/\/seausasino.pl\/news\/wp-content\/uploads\/2022\/09\/06-2.jpg\",\"contentUrl\":\"https:\/\/seausasino.pl\/news\/wp-content\/uploads\/2022\/09\/06-2.jpg\",\"width\":853,\"height\":1280,\"caption\":\"SeaUSasino\"},\"image\":{\"@id\":\"https:\/\/seausasino.pl\/news\/#\/schema\/logo\/image\/\"},\"sameAs\":[\"https:\/\/www.facebook.com\/sasinoapartments4rent\",\"https:\/\/www.instagram.com\/seausasino\"]},{\"@type\":\"Person\",\"@id\":\"https:\/\/seausasino.pl\/news\/#\/schema\/person\/83768b5304ac25a7aec12584e5bafa66\",\"name\":\"admin\",\"image\":{\"@type\":\"ImageObject\",\"inLanguage\":\"pl-PL\",\"@id\":\"https:\/\/seausasino.pl\/news\/#\/schema\/person\/image\/\",\"url\":\"https:\/\/secure.gravatar.com\/avatar\/fc9bb3bac2b6959872cb274c84c62cf23e37f06526382b7da0d744fac7f387cb?s=96&d=mm&r=g\",\"contentUrl\":\"https:\/\/secure.gravatar.com\/avatar\/fc9bb3bac2b6959872cb274c84c62cf23e37f06526382b7da0d744fac7f387cb?s=96&d=mm&r=g\",\"caption\":\"admin\"},\"url\":\"https:\/\/seausasino.pl\/news\/author\/admin\/\"}]}<\/script>\n<!-- \/ Yoast SEO plugin. -->","yoast_head_json":{"title":"SEAUSASINO.PL \u2014 Poranek nad morzem \u2014 domy w Sasinie","description":"Pierwsze \u015bwiat\u0142o nad Sasinem, mg\u0142a nad sosnami i cisza pla\u017cy Stilo. Dom z kominkiem nad morzem \u2014 sprawd\u017a najbli\u017csze wolne terminy.","robots":{"index":"index","follow":"follow","max-snippet":"max-snippet:-1","max-image-preview":"max-image-preview:large","max-video-preview":"max-video-preview:-1"},"canonical":"https:\/\/seausasino.pl\/news\/pl\/2026\/08\/swit-nad-sasinem-zanim-las-sie-obudzi-0805\/","og_locale":"pl_PL","og_type":"article","og_title":"SEAUSASINO.PL \u2014 Poranek nad morzem \u2014 domy w Sasinie","og_description":"Pierwsze \u015bwiat\u0142o nad Sasinem, mg\u0142a nad sosnami i cisza pla\u017cy Stilo. Dom z kominkiem nad morzem \u2014 sprawd\u017a najbli\u017csze wolne terminy.","og_url":"https:\/\/seausasino.pl\/news\/pl\/2026\/08\/swit-nad-sasinem-zanim-las-sie-obudzi-0805\/","og_site_name":"SeaUSasino","article_publisher":"https:\/\/www.facebook.com\/sasinoapartments4rent","article_published_time":"2026-08-05T06:00:46+00:00","article_modified_time":"2026-08-10T10:42:56+00:00","og_image":[{"width":682,"height":1024,"url":"https:\/\/seausasino.pl\/news\/wp-content\/uploads\/2026\/08\/seau-swit-nad-sasinem-zanim-las-sie-obudzi-0805.jpg","type":"image\/jpeg"}],"author":"admin","twitter_card":"summary_large_image","twitter_misc":{"Napisane przez":"admin","Szacowany czas czytania":"3 minuty"},"schema":{"@context":"https:\/\/schema.org","@graph":[{"@type":"Article","@id":"https:\/\/seausasino.pl\/news\/pl\/2026\/08\/swit-nad-sasinem-zanim-las-sie-obudzi-0805\/#article","isPartOf":{"@id":"https:\/\/seausasino.pl\/news\/pl\/2026\/08\/swit-nad-sasinem-zanim-las-sie-obudzi-0805\/"},"author":{"name":"admin","@id":"https:\/\/seausasino.pl\/news\/#\/schema\/person\/83768b5304ac25a7aec12584e5bafa66"},"headline":"\u015awit nad Sasinem, zanim las si\u0119 obudzi","datePublished":"2026-08-05T06:00:46+00:00","dateModified":"2026-08-10T10:42:56+00:00","mainEntityOfPage":{"@id":"https:\/\/seausasino.pl\/news\/pl\/2026\/08\/swit-nad-sasinem-zanim-las-sie-obudzi-0805\/"},"wordCount":540,"publisher":{"@id":"https:\/\/seausasino.pl\/news\/#organization"},"image":{"@id":"https:\/\/seausasino.pl\/news\/pl\/2026\/08\/swit-nad-sasinem-zanim-las-sie-obudzi-0805\/#primaryimage"},"thumbnailUrl":"https:\/\/seausasino.pl\/news\/wp-content\/uploads\/2026\/08\/seau-swit-nad-sasinem-zanim-las-sie-obudzi-0805.jpg","inLanguage":"pl-PL"},{"@type":"WebPage","@id":"https:\/\/seausasino.pl\/news\/pl\/2026\/08\/swit-nad-sasinem-zanim-las-sie-obudzi-0805\/","url":"https:\/\/seausasino.pl\/news\/pl\/2026\/08\/swit-nad-sasinem-zanim-las-sie-obudzi-0805\/","name":"SEAUSASINO.PL \u2014 Poranek nad morzem \u2014 domy w Sasinie","isPartOf":{"@id":"https:\/\/seausasino.pl\/news\/#website"},"primaryImageOfPage":{"@id":"https:\/\/seausasino.pl\/news\/pl\/2026\/08\/swit-nad-sasinem-zanim-las-sie-obudzi-0805\/#primaryimage"},"image":{"@id":"https:\/\/seausasino.pl\/news\/pl\/2026\/08\/swit-nad-sasinem-zanim-las-sie-obudzi-0805\/#primaryimage"},"thumbnailUrl":"https:\/\/seausasino.pl\/news\/wp-content\/uploads\/2026\/08\/seau-swit-nad-sasinem-zanim-las-sie-obudzi-0805.jpg","datePublished":"2026-08-05T06:00:46+00:00","dateModified":"2026-08-10T10:42:56+00:00","description":"Pierwsze \u015bwiat\u0142o nad Sasinem, mg\u0142a nad sosnami i cisza pla\u017cy Stilo. Dom z kominkiem nad morzem \u2014 sprawd\u017a najbli\u017csze wolne terminy.","breadcrumb":{"@id":"https:\/\/seausasino.pl\/news\/pl\/2026\/08\/swit-nad-sasinem-zanim-las-sie-obudzi-0805\/#breadcrumb"},"inLanguage":"pl-PL","potentialAction":[{"@type":"ReadAction","target":["https:\/\/seausasino.pl\/news\/pl\/2026\/08\/swit-nad-sasinem-zanim-las-sie-obudzi-0805\/"]}]},{"@type":"ImageObject","inLanguage":"pl-PL","@id":"https:\/\/seausasino.pl\/news\/pl\/2026\/08\/swit-nad-sasinem-zanim-las-sie-obudzi-0805\/#primaryimage","url":"https:\/\/seausasino.pl\/news\/wp-content\/uploads\/2026\/08\/seau-swit-nad-sasinem-zanim-las-sie-obudzi-0805.jpg","contentUrl":"https:\/\/seausasino.pl\/news\/wp-content\/uploads\/2026\/08\/seau-swit-nad-sasinem-zanim-las-sie-obudzi-0805.jpg","width":682,"height":1024},{"@type":"BreadcrumbList","@id":"https:\/\/seausasino.pl\/news\/pl\/2026\/08\/swit-nad-sasinem-zanim-las-sie-obudzi-0805\/#breadcrumb","itemListElement":[{"@type":"ListItem","position":1,"name":"Strona g\u0142\u00f3wna","item":"https:\/\/seausasino.pl\/news\/pl\/"},{"@type":"ListItem","position":2,"name":"\u015awit nad Sasinem, zanim las si\u0119 obudzi"}]},{"@type":"WebSite","@id":"https:\/\/seausasino.pl\/news\/#website","url":"https:\/\/seausasino.pl\/news\/","name":"SeaUSasino","description":"Blog","publisher":{"@id":"https:\/\/seausasino.pl\/news\/#organization"},"potentialAction":[{"@type":"SearchAction","target":{"@type":"EntryPoint","urlTemplate":"https:\/\/seausasino.pl\/news\/?s={search_term_string}"},"query-input":"required name=search_term_string"}],"inLanguage":"pl-PL"},{"@type":"Organization","@id":"https:\/\/seausasino.pl\/news\/#organization","name":"SeaUSasino","url":"https:\/\/seausasino.pl\/news\/","logo":{"@type":"ImageObject","inLanguage":"pl-PL","@id":"https:\/\/seausasino.pl\/news\/#\/schema\/logo\/image\/","url":"https:\/\/seausasino.pl\/news\/wp-content\/uploads\/2022\/09\/06-2.jpg","contentUrl":"https:\/\/seausasino.pl\/news\/wp-content\/uploads\/2022\/09\/06-2.jpg","width":853,"height":1280,"caption":"SeaUSasino"},"image":{"@id":"https:\/\/seausasino.pl\/news\/#\/schema\/logo\/image\/"},"sameAs":["https:\/\/www.facebook.com\/sasinoapartments4rent","https:\/\/www.instagram.com\/seausasino"]},{"@type":"Person","@id":"https:\/\/seausasino.pl\/news\/#\/schema\/person\/83768b5304ac25a7aec12584e5bafa66","name":"admin","image":{"@type":"ImageObject","inLanguage":"pl-PL","@id":"https:\/\/seausasino.pl\/news\/#\/schema\/person\/image\/","url":"https:\/\/secure.gravatar.com\/avatar\/fc9bb3bac2b6959872cb274c84c62cf23e37f06526382b7da0d744fac7f387cb?s=96&d=mm&r=g","contentUrl":"https:\/\/secure.gravatar.com\/avatar\/fc9bb3bac2b6959872cb274c84c62cf23e37f06526382b7da0d744fac7f387cb?s=96&d=mm&r=g","caption":"admin"},"url":"https:\/\/seausasino.pl\/news\/author\/admin\/"}]}},"_links":{"self":[{"href":"https:\/\/seausasino.pl\/news\/wp-json\/wp\/v2\/posts\/4429","targetHints":{"allow":["GET"]}}],"collection":[{"href":"https:\/\/seausasino.pl\/news\/wp-json\/wp\/v2\/posts"}],"about":[{"href":"https:\/\/seausasino.pl\/news\/wp-json\/wp\/v2\/types\/post"}],"author":[{"embeddable":true,"href":"https:\/\/seausasino.pl\/news\/wp-json\/wp\/v2\/users\/1"}],"replies":[{"embeddable":true,"href":"https:\/\/seausasino.pl\/news\/wp-json\/wp\/v2\/comments?post=4429"}],"version-history":[{"count":1,"href":"https:\/\/seausasino.pl\/news\/wp-json\/wp\/v2\/posts\/4429\/revisions"}],"predecessor-version":[{"id":4470,"href":"https:\/\/seausasino.pl\/news\/wp-json\/wp\/v2\/posts\/4429\/revisions\/4470"}],"wp:featuredmedia":[{"embeddable":true,"href":"https:\/\/seausasino.pl\/news\/wp-json\/wp\/v2\/media\/4428"}],"wp:attachment":[{"href":"https:\/\/seausasino.pl\/news\/wp-json\/wp\/v2\/media?parent=4429"}],"wp:term":[{"taxonomy":"category","embeddable":true,"href":"https:\/\/seausasino.pl\/news\/wp-json\/wp\/v2\/categories?post=4429"},{"taxonomy":"post_tag","embeddable":true,"href":"https:\/\/seausasino.pl\/news\/wp-json\/wp\/v2\/tags?post=4429"}],"curies":[{"name":"wp","href":"https:\/\/api.w.org\/{rel}","templated":true}]}}