{"id":4425,"date":"2026-08-04T18:04:46","date_gmt":"2026-08-04T16:04:46","guid":{"rendered":"https:\/\/blog.seausasino.pl\/2026\/08\/pierwsze-swiatlo-nad-sasinem-0804\/"},"modified":"2026-08-10T12:42:55","modified_gmt":"2026-08-10T10:42:55","slug":"pierwsze-swiatlo-nad-sasinem-0804","status":"publish","type":"post","link":"https:\/\/seausasino.pl\/news\/pl\/2026\/08\/pierwsze-swiatlo-nad-sasinem-0804\/","title":{"rendered":"Pierwsze \u015bwiat\u0142o nad Sasinem"},"content":{"rendered":"<figure style=\"margin:0 auto;max-width:720px;\"><img decoding=\"async\" src=\"https:\/\/riceayyncripijgnlhzv.supabase.co\/storage\/v1\/object\/public\/content-studio\/seausasino-biblioteka\/dom-one-art-IMG_0020.jpg\" alt=\"Pierwsze \u015bwiat\u0142o nad Sasinem\" style=\"width:100%;aspect-ratio:4\/5;object-fit:cover;display:block;\" \/><\/figure>\n<p>Kwadrans po pi\u0105tej niebo nad Ba\u0142tykiem jest jeszcze szare, ale ju\u017c czu\u0107, \u017ce co\u015b si\u0119 zmienia. Nad lini\u0105 horyzontu pojawia si\u0119 w\u0105ska, r\u00f3\u017cowa smuga, kt\u00f3ra z minuty na minut\u0119 robi si\u0119 szersza i cieplejsza. W Sasinie, w domach SeaUSasino, to najlepszy moment doby &#8211; zanim ktokolwiek zd\u0105\u017cy wsta\u0107, zanim las si\u0119 obudzi, zanim pla\u017ca Stilo zape\u0142ni si\u0119 \u015bladami st\u00f3p.<\/p>\n<h2>Co wida\u0107 z tarasu, kiedy s\u0142o\u0144ce dopiero wschodzi?<\/h2>\n<p>Z tarasu jednego z dom\u00f3w wida\u0107 najpierw wierzcho\u0142ki sosen, a potem, w prze\u015bwitach mi\u0119dzy drzewami, coraz szerszy pas jasnego nieba nad wod\u0105. Powietrze jest ch\u0142odne, wilgotne od nocnej rosy, pachnie r\u00f3wnocze\u015bnie \u017cywic\u0105 i morsk\u0105 sol\u0105. Takie po\u0142\u0105czenie trudno znale\u017a\u0107 w wielu domach nad morzem w okolicach \u0141eby &#8211; tutaj sosnowy las dos\u0142ownie graniczy z pla\u017c\u0105, a Sasino le\u017cy dok\u0142adnie pomi\u0119dzy \u0141eb\u0105 i Kopalinem, w miejscu, kt\u00f3re o tej godzinie nale\u017cy w\u0142a\u015bciwie tylko do tych, kt\u00f3rzy zdecydowali si\u0119 wsta\u0107 wcze\u015bniej ni\u017c reszta wybrze\u017ca.<\/p>\n<h2>Droga przez las, zanim ktokolwiek inny j\u0105 przejdzie<\/h2>\n<p>\u015acie\u017cka do pla\u017cy Stilo prowadzi przez starodrzew, gdzie \u015bwiat\u0142o wpada w w\u0105skich pasmach mi\u0119dzy pniami. O tej porze nie s\u0142ycha\u0107 jeszcze g\u0142os\u00f3w, tylko ptaki i szum, kt\u00f3ry z ka\u017cdym krokiem staje si\u0119 coraz g\u0142o\u015bniejszy. Kiedy las si\u0119 ko\u0144czy, a przed oczami rozlewa si\u0119 szeroka pla\u017ca, panuje na niej spok\u00f3j, kt\u00f3ry trudno opisa\u0107 s\u0142owami &#8211; piasek jest jeszcze nieporuszony, a morze wygl\u0105da tak, jakby dopiero si\u0119 budzi\u0142o razem z nami. To kameralny moment, jeden z tych, dla kt\u00f3rych wielu go\u015bci wraca do Sasina raz po raz, mimo \u017ce w ci\u0105gu dnia okolica bywa znacznie bardziej o\u017cywiona.<\/p>\n<h2>Kawa na tarasie, zanim zbudzi si\u0119 dzie\u0144<\/h2>\n<p>W domu wci\u0105\u017c czu\u0107 lekkie ciep\u0142o po wczorajszym kominku &#8211; drewno dopala\u0142o si\u0119 jeszcze w nocy, a rano wystarczy dorzuci\u0107 jedno polano, \u017ceby ogie\u0144 zn\u00f3w zacz\u0105\u0142 trzaska\u0107. Kubek kawy na tarasie, drewniana balustrada wci\u0105\u017c ch\u0142odna od nocy, i widok, kt\u00f3ry zmienia kolor co kilka minut &#8211; od szaro\u015bci przez r\u00f3\u017c do z\u0142ota. To codzienno\u015b\u0107 w domach SeaUSasino, cztery ca\u0142oroczne domy z drewna, ka\u017cdy z prywatnym ogrodem, tarasem i kominkiem, w kt\u00f3rych ranek jest r\u00f3wnie wa\u017cn\u0105 cz\u0119\u015bci\u0105 pobytu jak wiecz\u00f3r.<\/p>\n<p>Nie ka\u017cdy zd\u0105\u017cy zobaczy\u0107 to pierwsze \u015bwiat\u0142o &#8211; wi\u0119kszo\u015b\u0107 go\u015bci budzi si\u0119 p\u00f3\u017aniej, kiedy s\u0142o\u0144ce jest ju\u017c wysoko, a pla\u017ca zaczyna \u017cy\u0107 swoim dziennym rytmem. Ale dla tych, kt\u00f3rzy wstaj\u0105 wcze\u015bnie, Sasino ma co\u015b, czego nie da si\u0119 opisa\u0107 w folderze &#8211; kilkadziesi\u0105t minut ciszy, kt\u00f3re warto prze\u017cy\u0107 cho\u0107 raz, siedz\u0105c na w\u0142asnym tarasie, z kaw\u0105 w r\u0119ku i lasem tu\u017c za oknem.<\/p>\n<h2>Wolne terminy w SeaUSasino<\/h2>\n<p>\ud83d\udccd Najbli\u017cszy wolny termin: <strong>04.08.2026<\/strong><\/p>\n<p>Cztery ca\u0142oroczne, luksusowe domy z drewna w Sasinie \u2014 ka\u017cdy dla o\u015bmiu os\u00f3b, z kominkiem i prywatnym ogrodem, spacer sosnowym lasem od pla\u017cy Stilo. Sprawd\u017a dost\u0119pno\u015b\u0107 i <a href=\"https:\/\/seausasino.pl\">zarezerwuj na seausasino.pl<\/a>.<\/p>\n","protected":false},"excerpt":{"rendered":"<p>Poranne \u015bwiat\u0142o nad Ba\u0142tykiem w Sasinie &#8211; opowie\u015b\u0107 o \u017cyciu dom\u00f3w SeaUSasino. Sprawd\u017a wolne terminy i zarezerwuj dom z kominkiem nad morzem.<\/p>\n","protected":false},"author":1,"featured_media":4424,"comment_status":"closed","ping_status":"closed","sticky":false,"template":"","format":"standard","meta":{"_yoast_wpseo_focuskw":"","_yoast_wpseo_title":"SEAUSASINO.PL \u2014 Domy nad Ba\u0142tykiem w Sasinie","_yoast_wpseo_metadesc":"Poranne \u015bwiat\u0142o nad Ba\u0142tykiem i \u017cycie czterech drewnianych dom\u00f3w w Sasinie. Sprawd\u017a wolne terminy i zarezerwuj dom z kominkiem nad morzem.","seau_keywords":"domy nad Ba\u0142tykiem, Sasino noclegi, dom z kominkiem, wakacje nad morzem","footnotes":""},"categories":[12],"tags":[],"class_list":["post-4425","post","type-post","status-publish","format-standard","has-post-thumbnail","hentry","category-bez-kategorii-pl"],"yoast_head":"<!-- This site is optimized with the Yoast SEO plugin v22.6 - https:\/\/yoast.com\/wordpress\/plugins\/seo\/ -->\n<title>SEAUSASINO.PL \u2014 Domy nad Ba\u0142tykiem w Sasinie<\/title>\n<meta name=\"description\" content=\"Poranne \u015bwiat\u0142o nad Ba\u0142tykiem i \u017cycie czterech drewnianych dom\u00f3w w Sasinie. Sprawd\u017a wolne terminy i zarezerwuj dom z kominkiem nad morzem.\" \/>\n<meta name=\"robots\" content=\"index, follow, max-snippet:-1, max-image-preview:large, max-video-preview:-1\" \/>\n<link rel=\"canonical\" href=\"https:\/\/seausasino.pl\/news\/pl\/2026\/08\/pierwsze-swiatlo-nad-sasinem-0804\/\" \/>\n<meta property=\"og:locale\" content=\"pl_PL\" \/>\n<meta property=\"og:type\" content=\"article\" \/>\n<meta property=\"og:title\" content=\"SEAUSASINO.PL \u2014 Domy nad Ba\u0142tykiem w Sasinie\" \/>\n<meta property=\"og:description\" content=\"Poranne \u015bwiat\u0142o nad Ba\u0142tykiem i \u017cycie czterech drewnianych dom\u00f3w w Sasinie. Sprawd\u017a wolne terminy i zarezerwuj dom z kominkiem nad morzem.\" \/>\n<meta property=\"og:url\" content=\"https:\/\/seausasino.pl\/news\/pl\/2026\/08\/pierwsze-swiatlo-nad-sasinem-0804\/\" \/>\n<meta property=\"og:site_name\" content=\"SeaUSasino\" \/>\n<meta property=\"article:publisher\" content=\"https:\/\/www.facebook.com\/sasinoapartments4rent\" \/>\n<meta property=\"article:published_time\" content=\"2026-08-04T16:04:46+00:00\" \/>\n<meta property=\"article:modified_time\" content=\"2026-08-10T10:42:55+00:00\" \/>\n<meta property=\"og:image\" content=\"https:\/\/seausasino.pl\/news\/wp-content\/uploads\/2026\/08\/seau-pierwsze-swiatlo-nad-sasinem-0804.jpg\" \/>\n\t<meta property=\"og:image:width\" content=\"682\" \/>\n\t<meta property=\"og:image:height\" content=\"1024\" \/>\n\t<meta property=\"og:image:type\" content=\"image\/jpeg\" \/>\n<meta name=\"author\" content=\"admin\" \/>\n<meta name=\"twitter:card\" content=\"summary_large_image\" \/>\n<meta name=\"twitter:label1\" content=\"Napisane przez\" \/>\n\t<meta name=\"twitter:data1\" content=\"admin\" \/>\n\t<meta name=\"twitter:label2\" content=\"Szacowany czas czytania\" \/>\n\t<meta name=\"twitter:data2\" content=\"3 minuty\" \/>\n<script type=\"application\/ld+json\" class=\"yoast-schema-graph\">{\"@context\":\"https:\/\/schema.org\",\"@graph\":[{\"@type\":\"Article\",\"@id\":\"https:\/\/seausasino.pl\/news\/pl\/2026\/08\/pierwsze-swiatlo-nad-sasinem-0804\/#article\",\"isPartOf\":{\"@id\":\"https:\/\/seausasino.pl\/news\/pl\/2026\/08\/pierwsze-swiatlo-nad-sasinem-0804\/\"},\"author\":{\"name\":\"admin\",\"@id\":\"https:\/\/seausasino.pl\/news\/#\/schema\/person\/83768b5304ac25a7aec12584e5bafa66\"},\"headline\":\"Pierwsze \u015bwiat\u0142o nad Sasinem\",\"datePublished\":\"2026-08-04T16:04:46+00:00\",\"dateModified\":\"2026-08-10T10:42:55+00:00\",\"mainEntityOfPage\":{\"@id\":\"https:\/\/seausasino.pl\/news\/pl\/2026\/08\/pierwsze-swiatlo-nad-sasinem-0804\/\"},\"wordCount\":534,\"publisher\":{\"@id\":\"https:\/\/seausasino.pl\/news\/#organization\"},\"image\":{\"@id\":\"https:\/\/seausasino.pl\/news\/pl\/2026\/08\/pierwsze-swiatlo-nad-sasinem-0804\/#primaryimage\"},\"thumbnailUrl\":\"https:\/\/seausasino.pl\/news\/wp-content\/uploads\/2026\/08\/seau-pierwsze-swiatlo-nad-sasinem-0804.jpg\",\"inLanguage\":\"pl-PL\"},{\"@type\":\"WebPage\",\"@id\":\"https:\/\/seausasino.pl\/news\/pl\/2026\/08\/pierwsze-swiatlo-nad-sasinem-0804\/\",\"url\":\"https:\/\/seausasino.pl\/news\/pl\/2026\/08\/pierwsze-swiatlo-nad-sasinem-0804\/\",\"name\":\"SEAUSASINO.PL \u2014 Domy nad Ba\u0142tykiem w Sasinie\",\"isPartOf\":{\"@id\":\"https:\/\/seausasino.pl\/news\/#website\"},\"primaryImageOfPage\":{\"@id\":\"https:\/\/seausasino.pl\/news\/pl\/2026\/08\/pierwsze-swiatlo-nad-sasinem-0804\/#primaryimage\"},\"image\":{\"@id\":\"https:\/\/seausasino.pl\/news\/pl\/2026\/08\/pierwsze-swiatlo-nad-sasinem-0804\/#primaryimage\"},\"thumbnailUrl\":\"https:\/\/seausasino.pl\/news\/wp-content\/uploads\/2026\/08\/seau-pierwsze-swiatlo-nad-sasinem-0804.jpg\",\"datePublished\":\"2026-08-04T16:04:46+00:00\",\"dateModified\":\"2026-08-10T10:42:55+00:00\",\"description\":\"Poranne \u015bwiat\u0142o nad Ba\u0142tykiem i \u017cycie czterech drewnianych dom\u00f3w w Sasinie. Sprawd\u017a wolne terminy i zarezerwuj dom z kominkiem nad morzem.\",\"breadcrumb\":{\"@id\":\"https:\/\/seausasino.pl\/news\/pl\/2026\/08\/pierwsze-swiatlo-nad-sasinem-0804\/#breadcrumb\"},\"inLanguage\":\"pl-PL\",\"potentialAction\":[{\"@type\":\"ReadAction\",\"target\":[\"https:\/\/seausasino.pl\/news\/pl\/2026\/08\/pierwsze-swiatlo-nad-sasinem-0804\/\"]}]},{\"@type\":\"ImageObject\",\"inLanguage\":\"pl-PL\",\"@id\":\"https:\/\/seausasino.pl\/news\/pl\/2026\/08\/pierwsze-swiatlo-nad-sasinem-0804\/#primaryimage\",\"url\":\"https:\/\/seausasino.pl\/news\/wp-content\/uploads\/2026\/08\/seau-pierwsze-swiatlo-nad-sasinem-0804.jpg\",\"contentUrl\":\"https:\/\/seausasino.pl\/news\/wp-content\/uploads\/2026\/08\/seau-pierwsze-swiatlo-nad-sasinem-0804.jpg\",\"width\":682,\"height\":1024},{\"@type\":\"BreadcrumbList\",\"@id\":\"https:\/\/seausasino.pl\/news\/pl\/2026\/08\/pierwsze-swiatlo-nad-sasinem-0804\/#breadcrumb\",\"itemListElement\":[{\"@type\":\"ListItem\",\"position\":1,\"name\":\"Strona g\u0142\u00f3wna\",\"item\":\"https:\/\/seausasino.pl\/news\/pl\/\"},{\"@type\":\"ListItem\",\"position\":2,\"name\":\"Pierwsze \u015bwiat\u0142o nad Sasinem\"}]},{\"@type\":\"WebSite\",\"@id\":\"https:\/\/seausasino.pl\/news\/#website\",\"url\":\"https:\/\/seausasino.pl\/news\/\",\"name\":\"SeaUSasino\",\"description\":\"Blog\",\"publisher\":{\"@id\":\"https:\/\/seausasino.pl\/news\/#organization\"},\"potentialAction\":[{\"@type\":\"SearchAction\",\"target\":{\"@type\":\"EntryPoint\",\"urlTemplate\":\"https:\/\/seausasino.pl\/news\/?s={search_term_string}\"},\"query-input\":\"required name=search_term_string\"}],\"inLanguage\":\"pl-PL\"},{\"@type\":\"Organization\",\"@id\":\"https:\/\/seausasino.pl\/news\/#organization\",\"name\":\"SeaUSasino\",\"url\":\"https:\/\/seausasino.pl\/news\/\",\"logo\":{\"@type\":\"ImageObject\",\"inLanguage\":\"pl-PL\",\"@id\":\"https:\/\/seausasino.pl\/news\/#\/schema\/logo\/image\/\",\"url\":\"https:\/\/seausasino.pl\/news\/wp-content\/uploads\/2022\/09\/06-2.jpg\",\"contentUrl\":\"https:\/\/seausasino.pl\/news\/wp-content\/uploads\/2022\/09\/06-2.jpg\",\"width\":853,\"height\":1280,\"caption\":\"SeaUSasino\"},\"image\":{\"@id\":\"https:\/\/seausasino.pl\/news\/#\/schema\/logo\/image\/\"},\"sameAs\":[\"https:\/\/www.facebook.com\/sasinoapartments4rent\",\"https:\/\/www.instagram.com\/seausasino\"]},{\"@type\":\"Person\",\"@id\":\"https:\/\/seausasino.pl\/news\/#\/schema\/person\/83768b5304ac25a7aec12584e5bafa66\",\"name\":\"admin\",\"image\":{\"@type\":\"ImageObject\",\"inLanguage\":\"pl-PL\",\"@id\":\"https:\/\/seausasino.pl\/news\/#\/schema\/person\/image\/\",\"url\":\"https:\/\/secure.gravatar.com\/avatar\/fc9bb3bac2b6959872cb274c84c62cf23e37f06526382b7da0d744fac7f387cb?s=96&d=mm&r=g\",\"contentUrl\":\"https:\/\/secure.gravatar.com\/avatar\/fc9bb3bac2b6959872cb274c84c62cf23e37f06526382b7da0d744fac7f387cb?s=96&d=mm&r=g\",\"caption\":\"admin\"},\"url\":\"https:\/\/seausasino.pl\/news\/author\/admin\/\"}]}<\/script>\n<!-- \/ Yoast SEO plugin. -->","yoast_head_json":{"title":"SEAUSASINO.PL \u2014 Domy nad Ba\u0142tykiem w Sasinie","description":"Poranne \u015bwiat\u0142o nad Ba\u0142tykiem i \u017cycie czterech drewnianych dom\u00f3w w Sasinie. Sprawd\u017a wolne terminy i zarezerwuj dom z kominkiem nad morzem.","robots":{"index":"index","follow":"follow","max-snippet":"max-snippet:-1","max-image-preview":"max-image-preview:large","max-video-preview":"max-video-preview:-1"},"canonical":"https:\/\/seausasino.pl\/news\/pl\/2026\/08\/pierwsze-swiatlo-nad-sasinem-0804\/","og_locale":"pl_PL","og_type":"article","og_title":"SEAUSASINO.PL \u2014 Domy nad Ba\u0142tykiem w Sasinie","og_description":"Poranne \u015bwiat\u0142o nad Ba\u0142tykiem i \u017cycie czterech drewnianych dom\u00f3w w Sasinie. Sprawd\u017a wolne terminy i zarezerwuj dom z kominkiem nad morzem.","og_url":"https:\/\/seausasino.pl\/news\/pl\/2026\/08\/pierwsze-swiatlo-nad-sasinem-0804\/","og_site_name":"SeaUSasino","article_publisher":"https:\/\/www.facebook.com\/sasinoapartments4rent","article_published_time":"2026-08-04T16:04:46+00:00","article_modified_time":"2026-08-10T10:42:55+00:00","og_image":[{"width":682,"height":1024,"url":"https:\/\/seausasino.pl\/news\/wp-content\/uploads\/2026\/08\/seau-pierwsze-swiatlo-nad-sasinem-0804.jpg","type":"image\/jpeg"}],"author":"admin","twitter_card":"summary_large_image","twitter_misc":{"Napisane przez":"admin","Szacowany czas czytania":"3 minuty"},"schema":{"@context":"https:\/\/schema.org","@graph":[{"@type":"Article","@id":"https:\/\/seausasino.pl\/news\/pl\/2026\/08\/pierwsze-swiatlo-nad-sasinem-0804\/#article","isPartOf":{"@id":"https:\/\/seausasino.pl\/news\/pl\/2026\/08\/pierwsze-swiatlo-nad-sasinem-0804\/"},"author":{"name":"admin","@id":"https:\/\/seausasino.pl\/news\/#\/schema\/person\/83768b5304ac25a7aec12584e5bafa66"},"headline":"Pierwsze \u015bwiat\u0142o nad Sasinem","datePublished":"2026-08-04T16:04:46+00:00","dateModified":"2026-08-10T10:42:55+00:00","mainEntityOfPage":{"@id":"https:\/\/seausasino.pl\/news\/pl\/2026\/08\/pierwsze-swiatlo-nad-sasinem-0804\/"},"wordCount":534,"publisher":{"@id":"https:\/\/seausasino.pl\/news\/#organization"},"image":{"@id":"https:\/\/seausasino.pl\/news\/pl\/2026\/08\/pierwsze-swiatlo-nad-sasinem-0804\/#primaryimage"},"thumbnailUrl":"https:\/\/seausasino.pl\/news\/wp-content\/uploads\/2026\/08\/seau-pierwsze-swiatlo-nad-sasinem-0804.jpg","inLanguage":"pl-PL"},{"@type":"WebPage","@id":"https:\/\/seausasino.pl\/news\/pl\/2026\/08\/pierwsze-swiatlo-nad-sasinem-0804\/","url":"https:\/\/seausasino.pl\/news\/pl\/2026\/08\/pierwsze-swiatlo-nad-sasinem-0804\/","name":"SEAUSASINO.PL \u2014 Domy nad Ba\u0142tykiem w Sasinie","isPartOf":{"@id":"https:\/\/seausasino.pl\/news\/#website"},"primaryImageOfPage":{"@id":"https:\/\/seausasino.pl\/news\/pl\/2026\/08\/pierwsze-swiatlo-nad-sasinem-0804\/#primaryimage"},"image":{"@id":"https:\/\/seausasino.pl\/news\/pl\/2026\/08\/pierwsze-swiatlo-nad-sasinem-0804\/#primaryimage"},"thumbnailUrl":"https:\/\/seausasino.pl\/news\/wp-content\/uploads\/2026\/08\/seau-pierwsze-swiatlo-nad-sasinem-0804.jpg","datePublished":"2026-08-04T16:04:46+00:00","dateModified":"2026-08-10T10:42:55+00:00","description":"Poranne \u015bwiat\u0142o nad Ba\u0142tykiem i \u017cycie czterech drewnianych dom\u00f3w w Sasinie. Sprawd\u017a wolne terminy i zarezerwuj dom z kominkiem nad morzem.","breadcrumb":{"@id":"https:\/\/seausasino.pl\/news\/pl\/2026\/08\/pierwsze-swiatlo-nad-sasinem-0804\/#breadcrumb"},"inLanguage":"pl-PL","potentialAction":[{"@type":"ReadAction","target":["https:\/\/seausasino.pl\/news\/pl\/2026\/08\/pierwsze-swiatlo-nad-sasinem-0804\/"]}]},{"@type":"ImageObject","inLanguage":"pl-PL","@id":"https:\/\/seausasino.pl\/news\/pl\/2026\/08\/pierwsze-swiatlo-nad-sasinem-0804\/#primaryimage","url":"https:\/\/seausasino.pl\/news\/wp-content\/uploads\/2026\/08\/seau-pierwsze-swiatlo-nad-sasinem-0804.jpg","contentUrl":"https:\/\/seausasino.pl\/news\/wp-content\/uploads\/2026\/08\/seau-pierwsze-swiatlo-nad-sasinem-0804.jpg","width":682,"height":1024},{"@type":"BreadcrumbList","@id":"https:\/\/seausasino.pl\/news\/pl\/2026\/08\/pierwsze-swiatlo-nad-sasinem-0804\/#breadcrumb","itemListElement":[{"@type":"ListItem","position":1,"name":"Strona g\u0142\u00f3wna","item":"https:\/\/seausasino.pl\/news\/pl\/"},{"@type":"ListItem","position":2,"name":"Pierwsze \u015bwiat\u0142o nad Sasinem"}]},{"@type":"WebSite","@id":"https:\/\/seausasino.pl\/news\/#website","url":"https:\/\/seausasino.pl\/news\/","name":"SeaUSasino","description":"Blog","publisher":{"@id":"https:\/\/seausasino.pl\/news\/#organization"},"potentialAction":[{"@type":"SearchAction","target":{"@type":"EntryPoint","urlTemplate":"https:\/\/seausasino.pl\/news\/?s={search_term_string}"},"query-input":"required name=search_term_string"}],"inLanguage":"pl-PL"},{"@type":"Organization","@id":"https:\/\/seausasino.pl\/news\/#organization","name":"SeaUSasino","url":"https:\/\/seausasino.pl\/news\/","logo":{"@type":"ImageObject","inLanguage":"pl-PL","@id":"https:\/\/seausasino.pl\/news\/#\/schema\/logo\/image\/","url":"https:\/\/seausasino.pl\/news\/wp-content\/uploads\/2022\/09\/06-2.jpg","contentUrl":"https:\/\/seausasino.pl\/news\/wp-content\/uploads\/2022\/09\/06-2.jpg","width":853,"height":1280,"caption":"SeaUSasino"},"image":{"@id":"https:\/\/seausasino.pl\/news\/#\/schema\/logo\/image\/"},"sameAs":["https:\/\/www.facebook.com\/sasinoapartments4rent","https:\/\/www.instagram.com\/seausasino"]},{"@type":"Person","@id":"https:\/\/seausasino.pl\/news\/#\/schema\/person\/83768b5304ac25a7aec12584e5bafa66","name":"admin","image":{"@type":"ImageObject","inLanguage":"pl-PL","@id":"https:\/\/seausasino.pl\/news\/#\/schema\/person\/image\/","url":"https:\/\/secure.gravatar.com\/avatar\/fc9bb3bac2b6959872cb274c84c62cf23e37f06526382b7da0d744fac7f387cb?s=96&d=mm&r=g","contentUrl":"https:\/\/secure.gravatar.com\/avatar\/fc9bb3bac2b6959872cb274c84c62cf23e37f06526382b7da0d744fac7f387cb?s=96&d=mm&r=g","caption":"admin"},"url":"https:\/\/seausasino.pl\/news\/author\/admin\/"}]}},"_links":{"self":[{"href":"https:\/\/seausasino.pl\/news\/wp-json\/wp\/v2\/posts\/4425","targetHints":{"allow":["GET"]}}],"collection":[{"href":"https:\/\/seausasino.pl\/news\/wp-json\/wp\/v2\/posts"}],"about":[{"href":"https:\/\/seausasino.pl\/news\/wp-json\/wp\/v2\/types\/post"}],"author":[{"embeddable":true,"href":"https:\/\/seausasino.pl\/news\/wp-json\/wp\/v2\/users\/1"}],"replies":[{"embeddable":true,"href":"https:\/\/seausasino.pl\/news\/wp-json\/wp\/v2\/comments?post=4425"}],"version-history":[{"count":1,"href":"https:\/\/seausasino.pl\/news\/wp-json\/wp\/v2\/posts\/4425\/revisions"}],"predecessor-version":[{"id":4426,"href":"https:\/\/seausasino.pl\/news\/wp-json\/wp\/v2\/posts\/4425\/revisions\/4426"}],"wp:featuredmedia":[{"embeddable":true,"href":"https:\/\/seausasino.pl\/news\/wp-json\/wp\/v2\/media\/4424"}],"wp:attachment":[{"href":"https:\/\/seausasino.pl\/news\/wp-json\/wp\/v2\/media?parent=4425"}],"wp:term":[{"taxonomy":"category","embeddable":true,"href":"https:\/\/seausasino.pl\/news\/wp-json\/wp\/v2\/categories?post=4425"},{"taxonomy":"post_tag","embeddable":true,"href":"https:\/\/seausasino.pl\/news\/wp-json\/wp\/v2\/tags?post=4425"}],"curies":[{"name":"wp","href":"https:\/\/api.w.org\/{rel}","templated":true}]}}