{"id":3356,"date":"2025-08-11T22:31:29","date_gmt":"2025-08-11T20:31:29","guid":{"rendered":"https:\/\/blog.seausasino.pl\/?p=3356"},"modified":"2026-08-10T12:42:56","modified_gmt":"2026-08-10T10:42:56","slug":"wakacje-2025-w-sasinie-nad-morzem","status":"publish","type":"post","link":"https:\/\/seausasino.pl\/news\/pl\/2025\/08\/wakacje-2025-w-sasinie-nad-morzem\/","title":{"rendered":"Wakacje 2025 w Sasinie nad Morzem !"},"content":{"rendered":"\n<hr class=\"wp-block-separator has-alpha-channel-opacity\"\/>\n\n\n\n<p class=\"wp-block-paragraph\">Chyba ka\u017cdy z nas st\u0119skniony jest pogody i wakacyjnego klimatu nad morzem. U nas na szcz\u0119\u015bcie znajdziecie kominki w ka\u017cdym z dom\u00f3w SeaUSasino. Nie mo\u017cemy doczeka\u0107 si\u0119 ka\u017cdego dnia sp\u0119dzonego na \u0142onie natury ! U nas znajdziecie wyj\u0105tkowy klimat nadmorski, specyficzn\u0105 kameraln\u0105 atmosfer\u0119, kt\u00f3r\u0105 od zawsze dawa\u0142o Sasino. Pami\u0119tajcie !!! Wrzesie\u0144 nad morzem potrafi by\u0107 wyj\u0105tkowo pi\u0119kny &#8211; i tego si\u0119 trzymajmy. Czekamy na Was w SeaUSasino<\/p>\n\n\n\n<figure class=\"wp-block-image size-large\"><img fetchpriority=\"high\" decoding=\"async\" width=\"1024\" height=\"740\" src=\"https:\/\/seausasino.pl\/news\/wp-content\/uploads\/2025\/08\/opinia_booking-1024x740.jpeg\" alt=\"\" class=\"wp-image-3357\" srcset=\"https:\/\/seausasino.pl\/news\/wp-content\/uploads\/2025\/08\/opinia_booking-1024x740.jpeg 1024w, https:\/\/seausasino.pl\/news\/wp-content\/uploads\/2025\/08\/opinia_booking-768x555.jpeg 768w, https:\/\/seausasino.pl\/news\/wp-content\/uploads\/2025\/08\/opinia_booking-1536x1109.jpeg 1536w, https:\/\/seausasino.pl\/news\/wp-content\/uploads\/2025\/08\/opinia_booking-2048x1479.jpeg 2048w\" sizes=\"(max-width: 1024px) 100vw, 1024px\" \/><figcaption class=\"wp-element-caption\">Wakacje nad morzem 2025 w Sasinie<\/figcaption><\/figure>\n\n\n\n<p class=\"wp-block-paragraph\"><\/p>\n\n\n\n<meta name=\"title\" content=\"Najlepsze Miejsce na Wakacje nad morzem 2025\">\n<meta name=\"description\" content=\"Szukasz wyj\u0105tkowego miejsca nad morzem w Polsce, kt\u00f3re na d\u0142ugo zago\u015bci w Twoim sercu. SeaUSasino jest odpowiedzi\u0105 na wszelkie Twoje oczekiwania\">\n<meta name=\"keywords\" content=\"sasino, Seausasino, wakacje, wakacje nad morzem, wakacje z dzie\u0107mi, wakacje z psem, domki, dom na wy\u0142\u0105czno\u015b\u0107\">\n<meta name=\"robots\" content=\"index, follow\">\n<meta http-equiv=\"Content-Type\" content=\"text\/html; charset=utf-8\">\n","protected":false},"excerpt":{"rendered":"<p>Chyba ka\u017cdy z nas st\u0119skniony jest pogody i wakacyjnego klimatu nad morzem. U nas na szcz\u0119\u015bcie znajdziecie kominki w ka\u017cdym z dom\u00f3w SeaUSasino. Nie mo\u017cemy doczeka\u0107 si\u0119 ka\u017cdego dnia sp\u0119dzonego na \u0142onie natury ! U nas znajdziecie wyj\u0105tkowy klimat nadmorski, specyficzn\u0105 kameraln\u0105 atmosfer\u0119, kt\u00f3r\u0105 od zawsze dawa\u0142o Sasino. Pami\u0119tajcie !!! Wrzesie\u0144 nad morzem potrafi by\u0107 [&hellip;]<\/p>\n","protected":false},"author":1,"featured_media":3357,"comment_status":"open","ping_status":"open","sticky":false,"template":"","format":"standard","meta":{"_yoast_wpseo_focuskw":"","_yoast_wpseo_title":"SEAUSASINO.PL \u2014 Wakacje nad morzem w Sasinie","_yoast_wpseo_metadesc":"Wakacyjny klimat nad Ba\u0142tykiem i kominek w ka\u017cdym z czterech drewnianych dom\u00f3w w Sasinie. Sprawd\u017a wolne terminy wakacyjne.","seau_keywords":"wakacje nad morzem, Sasino wakacje, domki z kominkiem, domy nad Ba\u0142tykiem","footnotes":""},"categories":[12],"tags":[],"class_list":["post-3356","post","type-post","status-publish","format-standard","has-post-thumbnail","hentry","category-bez-kategorii-pl"],"yoast_head":"<!-- This site is optimized with the Yoast SEO plugin v22.6 - https:\/\/yoast.com\/wordpress\/plugins\/seo\/ -->\n<title>SEAUSASINO.PL \u2014 Wakacje nad morzem w Sasinie<\/title>\n<meta name=\"description\" content=\"Wakacyjny klimat nad Ba\u0142tykiem i kominek w ka\u017cdym z czterech drewnianych dom\u00f3w w Sasinie. Sprawd\u017a wolne terminy wakacyjne.\" \/>\n<meta name=\"robots\" content=\"index, follow, max-snippet:-1, max-image-preview:large, max-video-preview:-1\" \/>\n<link rel=\"canonical\" href=\"https:\/\/seausasino.pl\/news\/pl\/2025\/08\/wakacje-2025-w-sasinie-nad-morzem\/\" \/>\n<meta property=\"og:locale\" content=\"pl_PL\" \/>\n<meta property=\"og:type\" content=\"article\" \/>\n<meta property=\"og:title\" content=\"SEAUSASINO.PL \u2014 Wakacje nad morzem w Sasinie\" \/>\n<meta property=\"og:description\" content=\"Wakacyjny klimat nad Ba\u0142tykiem i kominek w ka\u017cdym z czterech drewnianych dom\u00f3w w Sasinie. Sprawd\u017a wolne terminy wakacyjne.\" \/>\n<meta property=\"og:url\" content=\"https:\/\/seausasino.pl\/news\/pl\/2025\/08\/wakacje-2025-w-sasinie-nad-morzem\/\" \/>\n<meta property=\"og:site_name\" content=\"SeaUSasino\" \/>\n<meta property=\"article:publisher\" content=\"https:\/\/www.facebook.com\/sasinoapartments4rent\" \/>\n<meta property=\"article:published_time\" content=\"2025-08-11T20:31:29+00:00\" \/>\n<meta property=\"article:modified_time\" content=\"2026-08-10T10:42:56+00:00\" \/>\n<meta property=\"og:image\" content=\"https:\/\/seausasino.pl\/news\/wp-content\/uploads\/2025\/08\/opinia_booking.jpeg\" \/>\n\t<meta property=\"og:image:width\" content=\"3024\" \/>\n\t<meta property=\"og:image:height\" content=\"2184\" \/>\n\t<meta property=\"og:image:type\" content=\"image\/jpeg\" \/>\n<meta name=\"author\" content=\"admin\" \/>\n<meta name=\"twitter:card\" content=\"summary_large_image\" \/>\n<meta name=\"twitter:label1\" content=\"Napisane przez\" \/>\n\t<meta name=\"twitter:data1\" content=\"admin\" \/>\n\t<meta name=\"twitter:label2\" content=\"Szacowany czas czytania\" \/>\n\t<meta name=\"twitter:data2\" content=\"1 minuta\" \/>\n<script type=\"application\/ld+json\" class=\"yoast-schema-graph\">{\"@context\":\"https:\/\/schema.org\",\"@graph\":[{\"@type\":\"Article\",\"@id\":\"https:\/\/seausasino.pl\/news\/pl\/2025\/08\/wakacje-2025-w-sasinie-nad-morzem\/#article\",\"isPartOf\":{\"@id\":\"https:\/\/seausasino.pl\/news\/pl\/2025\/08\/wakacje-2025-w-sasinie-nad-morzem\/\"},\"author\":{\"name\":\"admin\",\"@id\":\"https:\/\/seausasino.pl\/news\/#\/schema\/person\/83768b5304ac25a7aec12584e5bafa66\"},\"headline\":\"Wakacje 2025 w Sasinie nad Morzem !\",\"datePublished\":\"2025-08-11T20:31:29+00:00\",\"dateModified\":\"2026-08-10T10:42:56+00:00\",\"mainEntityOfPage\":{\"@id\":\"https:\/\/seausasino.pl\/news\/pl\/2025\/08\/wakacje-2025-w-sasinie-nad-morzem\/\"},\"wordCount\":89,\"commentCount\":0,\"publisher\":{\"@id\":\"https:\/\/seausasino.pl\/news\/#organization\"},\"image\":{\"@id\":\"https:\/\/seausasino.pl\/news\/pl\/2025\/08\/wakacje-2025-w-sasinie-nad-morzem\/#primaryimage\"},\"thumbnailUrl\":\"https:\/\/seausasino.pl\/news\/wp-content\/uploads\/2025\/08\/opinia_booking.jpeg\",\"inLanguage\":\"pl-PL\",\"potentialAction\":[{\"@type\":\"CommentAction\",\"name\":\"Comment\",\"target\":[\"https:\/\/seausasino.pl\/news\/pl\/2025\/08\/wakacje-2025-w-sasinie-nad-morzem\/#respond\"]}]},{\"@type\":\"WebPage\",\"@id\":\"https:\/\/seausasino.pl\/news\/pl\/2025\/08\/wakacje-2025-w-sasinie-nad-morzem\/\",\"url\":\"https:\/\/seausasino.pl\/news\/pl\/2025\/08\/wakacje-2025-w-sasinie-nad-morzem\/\",\"name\":\"SEAUSASINO.PL \u2014 Wakacje nad morzem w Sasinie\",\"isPartOf\":{\"@id\":\"https:\/\/seausasino.pl\/news\/#website\"},\"primaryImageOfPage\":{\"@id\":\"https:\/\/seausasino.pl\/news\/pl\/2025\/08\/wakacje-2025-w-sasinie-nad-morzem\/#primaryimage\"},\"image\":{\"@id\":\"https:\/\/seausasino.pl\/news\/pl\/2025\/08\/wakacje-2025-w-sasinie-nad-morzem\/#primaryimage\"},\"thumbnailUrl\":\"https:\/\/seausasino.pl\/news\/wp-content\/uploads\/2025\/08\/opinia_booking.jpeg\",\"datePublished\":\"2025-08-11T20:31:29+00:00\",\"dateModified\":\"2026-08-10T10:42:56+00:00\",\"description\":\"Wakacyjny klimat nad Ba\u0142tykiem i kominek w ka\u017cdym z czterech drewnianych dom\u00f3w w Sasinie. Sprawd\u017a wolne terminy wakacyjne.\",\"breadcrumb\":{\"@id\":\"https:\/\/seausasino.pl\/news\/pl\/2025\/08\/wakacje-2025-w-sasinie-nad-morzem\/#breadcrumb\"},\"inLanguage\":\"pl-PL\",\"potentialAction\":[{\"@type\":\"ReadAction\",\"target\":[\"https:\/\/seausasino.pl\/news\/pl\/2025\/08\/wakacje-2025-w-sasinie-nad-morzem\/\"]}]},{\"@type\":\"ImageObject\",\"inLanguage\":\"pl-PL\",\"@id\":\"https:\/\/seausasino.pl\/news\/pl\/2025\/08\/wakacje-2025-w-sasinie-nad-morzem\/#primaryimage\",\"url\":\"https:\/\/seausasino.pl\/news\/wp-content\/uploads\/2025\/08\/opinia_booking.jpeg\",\"contentUrl\":\"https:\/\/seausasino.pl\/news\/wp-content\/uploads\/2025\/08\/opinia_booking.jpeg\",\"width\":3024,\"height\":2184,\"caption\":\"Wakacje nad morzem 2025 w Sasinie\"},{\"@type\":\"BreadcrumbList\",\"@id\":\"https:\/\/seausasino.pl\/news\/pl\/2025\/08\/wakacje-2025-w-sasinie-nad-morzem\/#breadcrumb\",\"itemListElement\":[{\"@type\":\"ListItem\",\"position\":1,\"name\":\"Strona g\u0142\u00f3wna\",\"item\":\"https:\/\/seausasino.pl\/news\/pl\/\"},{\"@type\":\"ListItem\",\"position\":2,\"name\":\"Wakacje 2025 w Sasinie nad Morzem !\"}]},{\"@type\":\"WebSite\",\"@id\":\"https:\/\/seausasino.pl\/news\/#website\",\"url\":\"https:\/\/seausasino.pl\/news\/\",\"name\":\"SeaUSasino\",\"description\":\"Blog\",\"publisher\":{\"@id\":\"https:\/\/seausasino.pl\/news\/#organization\"},\"potentialAction\":[{\"@type\":\"SearchAction\",\"target\":{\"@type\":\"EntryPoint\",\"urlTemplate\":\"https:\/\/seausasino.pl\/news\/?s={search_term_string}\"},\"query-input\":\"required name=search_term_string\"}],\"inLanguage\":\"pl-PL\"},{\"@type\":\"Organization\",\"@id\":\"https:\/\/seausasino.pl\/news\/#organization\",\"name\":\"SeaUSasino\",\"url\":\"https:\/\/seausasino.pl\/news\/\",\"logo\":{\"@type\":\"ImageObject\",\"inLanguage\":\"pl-PL\",\"@id\":\"https:\/\/seausasino.pl\/news\/#\/schema\/logo\/image\/\",\"url\":\"https:\/\/seausasino.pl\/news\/wp-content\/uploads\/2022\/09\/06-2.jpg\",\"contentUrl\":\"https:\/\/seausasino.pl\/news\/wp-content\/uploads\/2022\/09\/06-2.jpg\",\"width\":853,\"height\":1280,\"caption\":\"SeaUSasino\"},\"image\":{\"@id\":\"https:\/\/seausasino.pl\/news\/#\/schema\/logo\/image\/\"},\"sameAs\":[\"https:\/\/www.facebook.com\/sasinoapartments4rent\",\"https:\/\/www.instagram.com\/seausasino\"]},{\"@type\":\"Person\",\"@id\":\"https:\/\/seausasino.pl\/news\/#\/schema\/person\/83768b5304ac25a7aec12584e5bafa66\",\"name\":\"admin\",\"image\":{\"@type\":\"ImageObject\",\"inLanguage\":\"pl-PL\",\"@id\":\"https:\/\/seausasino.pl\/news\/#\/schema\/person\/image\/\",\"url\":\"https:\/\/secure.gravatar.com\/avatar\/fc9bb3bac2b6959872cb274c84c62cf23e37f06526382b7da0d744fac7f387cb?s=96&d=mm&r=g\",\"contentUrl\":\"https:\/\/secure.gravatar.com\/avatar\/fc9bb3bac2b6959872cb274c84c62cf23e37f06526382b7da0d744fac7f387cb?s=96&d=mm&r=g\",\"caption\":\"admin\"},\"url\":\"https:\/\/seausasino.pl\/news\/author\/admin\/\"}]}<\/script>\n<!-- \/ Yoast SEO plugin. -->","yoast_head_json":{"title":"SEAUSASINO.PL \u2014 Wakacje nad morzem w Sasinie","description":"Wakacyjny klimat nad Ba\u0142tykiem i kominek w ka\u017cdym z czterech drewnianych dom\u00f3w w Sasinie. Sprawd\u017a wolne terminy wakacyjne.","robots":{"index":"index","follow":"follow","max-snippet":"max-snippet:-1","max-image-preview":"max-image-preview:large","max-video-preview":"max-video-preview:-1"},"canonical":"https:\/\/seausasino.pl\/news\/pl\/2025\/08\/wakacje-2025-w-sasinie-nad-morzem\/","og_locale":"pl_PL","og_type":"article","og_title":"SEAUSASINO.PL \u2014 Wakacje nad morzem w Sasinie","og_description":"Wakacyjny klimat nad Ba\u0142tykiem i kominek w ka\u017cdym z czterech drewnianych dom\u00f3w w Sasinie. Sprawd\u017a wolne terminy wakacyjne.","og_url":"https:\/\/seausasino.pl\/news\/pl\/2025\/08\/wakacje-2025-w-sasinie-nad-morzem\/","og_site_name":"SeaUSasino","article_publisher":"https:\/\/www.facebook.com\/sasinoapartments4rent","article_published_time":"2025-08-11T20:31:29+00:00","article_modified_time":"2026-08-10T10:42:56+00:00","og_image":[{"width":3024,"height":2184,"url":"https:\/\/seausasino.pl\/news\/wp-content\/uploads\/2025\/08\/opinia_booking.jpeg","type":"image\/jpeg"}],"author":"admin","twitter_card":"summary_large_image","twitter_misc":{"Napisane przez":"admin","Szacowany czas czytania":"1 minuta"},"schema":{"@context":"https:\/\/schema.org","@graph":[{"@type":"Article","@id":"https:\/\/seausasino.pl\/news\/pl\/2025\/08\/wakacje-2025-w-sasinie-nad-morzem\/#article","isPartOf":{"@id":"https:\/\/seausasino.pl\/news\/pl\/2025\/08\/wakacje-2025-w-sasinie-nad-morzem\/"},"author":{"name":"admin","@id":"https:\/\/seausasino.pl\/news\/#\/schema\/person\/83768b5304ac25a7aec12584e5bafa66"},"headline":"Wakacje 2025 w Sasinie nad Morzem !","datePublished":"2025-08-11T20:31:29+00:00","dateModified":"2026-08-10T10:42:56+00:00","mainEntityOfPage":{"@id":"https:\/\/seausasino.pl\/news\/pl\/2025\/08\/wakacje-2025-w-sasinie-nad-morzem\/"},"wordCount":89,"commentCount":0,"publisher":{"@id":"https:\/\/seausasino.pl\/news\/#organization"},"image":{"@id":"https:\/\/seausasino.pl\/news\/pl\/2025\/08\/wakacje-2025-w-sasinie-nad-morzem\/#primaryimage"},"thumbnailUrl":"https:\/\/seausasino.pl\/news\/wp-content\/uploads\/2025\/08\/opinia_booking.jpeg","inLanguage":"pl-PL","potentialAction":[{"@type":"CommentAction","name":"Comment","target":["https:\/\/seausasino.pl\/news\/pl\/2025\/08\/wakacje-2025-w-sasinie-nad-morzem\/#respond"]}]},{"@type":"WebPage","@id":"https:\/\/seausasino.pl\/news\/pl\/2025\/08\/wakacje-2025-w-sasinie-nad-morzem\/","url":"https:\/\/seausasino.pl\/news\/pl\/2025\/08\/wakacje-2025-w-sasinie-nad-morzem\/","name":"SEAUSASINO.PL \u2014 Wakacje nad morzem w Sasinie","isPartOf":{"@id":"https:\/\/seausasino.pl\/news\/#website"},"primaryImageOfPage":{"@id":"https:\/\/seausasino.pl\/news\/pl\/2025\/08\/wakacje-2025-w-sasinie-nad-morzem\/#primaryimage"},"image":{"@id":"https:\/\/seausasino.pl\/news\/pl\/2025\/08\/wakacje-2025-w-sasinie-nad-morzem\/#primaryimage"},"thumbnailUrl":"https:\/\/seausasino.pl\/news\/wp-content\/uploads\/2025\/08\/opinia_booking.jpeg","datePublished":"2025-08-11T20:31:29+00:00","dateModified":"2026-08-10T10:42:56+00:00","description":"Wakacyjny klimat nad Ba\u0142tykiem i kominek w ka\u017cdym z czterech drewnianych dom\u00f3w w Sasinie. Sprawd\u017a wolne terminy wakacyjne.","breadcrumb":{"@id":"https:\/\/seausasino.pl\/news\/pl\/2025\/08\/wakacje-2025-w-sasinie-nad-morzem\/#breadcrumb"},"inLanguage":"pl-PL","potentialAction":[{"@type":"ReadAction","target":["https:\/\/seausasino.pl\/news\/pl\/2025\/08\/wakacje-2025-w-sasinie-nad-morzem\/"]}]},{"@type":"ImageObject","inLanguage":"pl-PL","@id":"https:\/\/seausasino.pl\/news\/pl\/2025\/08\/wakacje-2025-w-sasinie-nad-morzem\/#primaryimage","url":"https:\/\/seausasino.pl\/news\/wp-content\/uploads\/2025\/08\/opinia_booking.jpeg","contentUrl":"https:\/\/seausasino.pl\/news\/wp-content\/uploads\/2025\/08\/opinia_booking.jpeg","width":3024,"height":2184,"caption":"Wakacje nad morzem 2025 w Sasinie"},{"@type":"BreadcrumbList","@id":"https:\/\/seausasino.pl\/news\/pl\/2025\/08\/wakacje-2025-w-sasinie-nad-morzem\/#breadcrumb","itemListElement":[{"@type":"ListItem","position":1,"name":"Strona g\u0142\u00f3wna","item":"https:\/\/seausasino.pl\/news\/pl\/"},{"@type":"ListItem","position":2,"name":"Wakacje 2025 w Sasinie nad Morzem !"}]},{"@type":"WebSite","@id":"https:\/\/seausasino.pl\/news\/#website","url":"https:\/\/seausasino.pl\/news\/","name":"SeaUSasino","description":"Blog","publisher":{"@id":"https:\/\/seausasino.pl\/news\/#organization"},"potentialAction":[{"@type":"SearchAction","target":{"@type":"EntryPoint","urlTemplate":"https:\/\/seausasino.pl\/news\/?s={search_term_string}"},"query-input":"required name=search_term_string"}],"inLanguage":"pl-PL"},{"@type":"Organization","@id":"https:\/\/seausasino.pl\/news\/#organization","name":"SeaUSasino","url":"https:\/\/seausasino.pl\/news\/","logo":{"@type":"ImageObject","inLanguage":"pl-PL","@id":"https:\/\/seausasino.pl\/news\/#\/schema\/logo\/image\/","url":"https:\/\/seausasino.pl\/news\/wp-content\/uploads\/2022\/09\/06-2.jpg","contentUrl":"https:\/\/seausasino.pl\/news\/wp-content\/uploads\/2022\/09\/06-2.jpg","width":853,"height":1280,"caption":"SeaUSasino"},"image":{"@id":"https:\/\/seausasino.pl\/news\/#\/schema\/logo\/image\/"},"sameAs":["https:\/\/www.facebook.com\/sasinoapartments4rent","https:\/\/www.instagram.com\/seausasino"]},{"@type":"Person","@id":"https:\/\/seausasino.pl\/news\/#\/schema\/person\/83768b5304ac25a7aec12584e5bafa66","name":"admin","image":{"@type":"ImageObject","inLanguage":"pl-PL","@id":"https:\/\/seausasino.pl\/news\/#\/schema\/person\/image\/","url":"https:\/\/secure.gravatar.com\/avatar\/fc9bb3bac2b6959872cb274c84c62cf23e37f06526382b7da0d744fac7f387cb?s=96&d=mm&r=g","contentUrl":"https:\/\/secure.gravatar.com\/avatar\/fc9bb3bac2b6959872cb274c84c62cf23e37f06526382b7da0d744fac7f387cb?s=96&d=mm&r=g","caption":"admin"},"url":"https:\/\/seausasino.pl\/news\/author\/admin\/"}]}},"_links":{"self":[{"href":"https:\/\/seausasino.pl\/news\/wp-json\/wp\/v2\/posts\/3356","targetHints":{"allow":["GET"]}}],"collection":[{"href":"https:\/\/seausasino.pl\/news\/wp-json\/wp\/v2\/posts"}],"about":[{"href":"https:\/\/seausasino.pl\/news\/wp-json\/wp\/v2\/types\/post"}],"author":[{"embeddable":true,"href":"https:\/\/seausasino.pl\/news\/wp-json\/wp\/v2\/users\/1"}],"replies":[{"embeddable":true,"href":"https:\/\/seausasino.pl\/news\/wp-json\/wp\/v2\/comments?post=3356"}],"version-history":[{"count":2,"href":"https:\/\/seausasino.pl\/news\/wp-json\/wp\/v2\/posts\/3356\/revisions"}],"predecessor-version":[{"id":3359,"href":"https:\/\/seausasino.pl\/news\/wp-json\/wp\/v2\/posts\/3356\/revisions\/3359"}],"wp:featuredmedia":[{"embeddable":true,"href":"https:\/\/seausasino.pl\/news\/wp-json\/wp\/v2\/media\/3357"}],"wp:attachment":[{"href":"https:\/\/seausasino.pl\/news\/wp-json\/wp\/v2\/media?parent=3356"}],"wp:term":[{"taxonomy":"category","embeddable":true,"href":"https:\/\/seausasino.pl\/news\/wp-json\/wp\/v2\/categories?post=3356"},{"taxonomy":"post_tag","embeddable":true,"href":"https:\/\/seausasino.pl\/news\/wp-json\/wp\/v2\/tags?post=3356"}],"curies":[{"name":"wp","href":"https:\/\/api.w.org\/{rel}","templated":true}]}}