{"id":2543,"date":"2022-11-26T21:00:13","date_gmt":"2022-11-26T20:00:13","guid":{"rendered":"https:\/\/blog.seausasino.pl\/?p=2543"},"modified":"2026-09-01T15:15:13","modified_gmt":"2026-09-01T13:15:13","slug":"sasino-lato-2022-w-seausasino-wynajmij-dom","status":"publish","type":"post","link":"https:\/\/seausasino.pl\/news\/pl\/2022\/11\/sasino-lato-2022-w-seausasino-wynajmij-dom\/","title":{"rendered":"Sasino lato 2023. sprawd\u017a wolne terminy w SEAUSASINO"},"content":{"rendered":"\t\t<div data-elementor-type=\"wp-post\" data-elementor-id=\"2543\" class=\"elementor elementor-2543\">\n\t\t\t\t\t\t<section class=\"elementor-section elementor-top-section elementor-element elementor-element-f8ea121 elementor-section-boxed elementor-section-height-default elementor-section-height-default\" data-id=\"f8ea121\" data-element_type=\"section\" data-e-type=\"section\">\n\t\t\t\t\t\t<div class=\"elementor-container elementor-column-gap-default\">\n\t\t\t\t\t<div class=\"elementor-column elementor-col-100 elementor-top-column elementor-element elementor-element-327dcbf\" data-id=\"327dcbf\" data-element_type=\"column\" data-e-type=\"column\" data-settings=\"{&quot;background_background&quot;:&quot;slideshow&quot;,&quot;background_slideshow_gallery&quot;:[{&quot;id&quot;:2548,&quot;url&quot;:&quot;https:\\\/\\\/blog.seausasino.pl\\\/wp-content\\\/uploads\\\/2022\\\/11\\\/DJI_0761-scaled.jpg&quot;},{&quot;id&quot;:2547,&quot;url&quot;:&quot;https:\\\/\\\/blog.seausasino.pl\\\/wp-content\\\/uploads\\\/2022\\\/11\\\/DJI_0612-scaled.jpg&quot;},{&quot;id&quot;:2488,&quot;url&quot;:&quot;https:\\\/\\\/blog.seausasino.pl\\\/wp-content\\\/uploads\\\/2022\\\/11\\\/28-3.jpg&quot;},{&quot;id&quot;:2427,&quot;url&quot;:&quot;https:\\\/\\\/blog.seausasino.pl\\\/wp-content\\\/uploads\\\/2022\\\/11\\\/08-2.jpg&quot;},{&quot;id&quot;:2442,&quot;url&quot;:&quot;https:\\\/\\\/blog.seausasino.pl\\\/wp-content\\\/uploads\\\/2022\\\/11\\\/22-2.jpg&quot;},{&quot;id&quot;:2454,&quot;url&quot;:&quot;https:\\\/\\\/blog.seausasino.pl\\\/wp-content\\\/uploads\\\/2022\\\/11\\\/b-1.jpg&quot;}],&quot;background_slideshow_loop&quot;:&quot;yes&quot;,&quot;background_slideshow_slide_duration&quot;:5000,&quot;background_slideshow_slide_transition&quot;:&quot;fade&quot;,&quot;background_slideshow_transition_duration&quot;:500}\">\n\t\t\t<div class=\"elementor-widget-wrap elementor-element-populated\">\n\t\t\t\t\t\t<div class=\"elementor-element elementor-element-5634220 elementor-widget elementor-widget-heading\" data-id=\"5634220\" data-element_type=\"widget\" data-e-type=\"widget\" data-widget_type=\"heading.default\">\n\t\t\t\t<div class=\"elementor-widget-container\">\n\t\t\t\t\t<h2 class=\"elementor-heading-title elementor-size-default\"><br><br><br>Sasino lato 2023 - czas dokona\u0107 rezerwacji w SeaUSasino<br><br><br><\/h2>\t\t\t\t<\/div>\n\t\t\t\t<\/div>\n\t\t\t\t\t<\/div>\n\t\t<\/div>\n\t\t\t\t\t<\/div>\n\t\t<\/section>\n\t\t\t\t<section class=\"elementor-section elementor-top-section elementor-element elementor-element-e46f580 elementor-section-boxed elementor-section-height-default elementor-section-height-default\" data-id=\"e46f580\" data-element_type=\"section\" data-e-type=\"section\">\n\t\t\t\t\t\t<div class=\"elementor-container elementor-column-gap-default\">\n\t\t\t\t\t<div class=\"elementor-column elementor-col-100 elementor-top-column elementor-element elementor-element-9bafe7a\" data-id=\"9bafe7a\" data-element_type=\"column\" data-e-type=\"column\">\n\t\t\t<div class=\"elementor-widget-wrap elementor-element-populated\">\n\t\t\t\t\t\t<div class=\"elementor-element elementor-element-5fbe3aa7 elementor-widget elementor-widget-text-editor\" data-id=\"5fbe3aa7\" data-element_type=\"widget\" data-e-type=\"widget\" data-widget_type=\"text-editor.default\">\n\t\t\t\t<div class=\"elementor-widget-container\">\n\t\t\t\t\t\t\t\t\t\n<p class=\"wp-block-paragraph\">Sasino lato 2023. Wakacyjne terminy w <a href=\"http:\/\/seausasino.pl\">SEAUSASINO<\/a> powolutku si\u0119 kurcz\u0105. Prze\u0142om wakacyjny lipiec &#8211; Sierpie\u0144 jest najbardziej po\u017c\u0105danym przez Go\u015bci terminem. Nie przegap swojego czasu na wspania\u0142y wypoczynek u nas w bardzo komfortowych warunkach. W zak\u0142adce <a href=\"http:\/\/blog.seausasino.pl\">AKTUALNO\u015aCI<\/a> &#8211; \u015bledzi\u0107 mo\u017cesz nasze bie\u017c\u0105ce aktualno\u015bci, za\u015b pe\u0142ne kalendarze dost\u0119pno\u015bci znajdziesz na naszej stronie <a href=\"http:\/\/seausasino.pl\">seausasino.pl<\/a>.<\/p>\n\n\n\n<figure class=\"wp-block-image size-large\"><img fetchpriority=\"high\" decoding=\"async\" width=\"1024\" height=\"768\" src=\"https:\/\/blog.seausasino.pl\/wp-content\/uploads\/2022\/11\/lato2023seau-1024x768.jpg\" alt=\"Sasino lato 2023 - sprawd\u017a wolne terminy w SEAUSASINO\" class=\"wp-image-2551\" srcset=\"https:\/\/seausasino.pl\/news\/wp-content\/uploads\/2022\/11\/lato2023seau-1024x768.jpg 1024w, https:\/\/seausasino.pl\/news\/wp-content\/uploads\/2022\/11\/lato2023seau-768x575.jpg 768w, https:\/\/seausasino.pl\/news\/wp-content\/uploads\/2022\/11\/lato2023seau.jpg 1420w\" sizes=\"(max-width: 1024px) 100vw, 1024px\" \/><\/figure>\n\t\t\t\t\t\t\t\t<\/div>\n\t\t\t\t<\/div>\n\t\t\t\t<div class=\"elementor-element elementor-element-b9a4a08 elementor-widget elementor-widget-google_maps\" data-id=\"b9a4a08\" data-element_type=\"widget\" data-e-type=\"widget\" data-widget_type=\"google_maps.default\">\n\t\t\t\t<div class=\"elementor-widget-container\">\n\t\t\t\t\t\t\t<div class=\"elementor-custom-embed\">\n\t\t\t<iframe loading=\"lazy\"\n\t\t\t\t\tsrc=\"https:\/\/maps.google.com\/maps?q=sea%20u%20sasino&#038;t=m&#038;z=10&#038;output=embed&#038;iwloc=near\"\n\t\t\t\t\ttitle=\"sea u sasino\"\n\t\t\t\t\taria-label=\"sea u sasino\"\n\t\t\t><\/iframe>\n\t\t<\/div>\n\t\t\t\t\t\t<\/div>\n\t\t\t\t<\/div>\n\t\t\t\t\t<\/div>\n\t\t<\/div>\n\t\t\t\t\t<\/div>\n\t\t<\/section>\n\t\t\t\t<\/div>\n\t\t","protected":false},"excerpt":{"rendered":"<p>Sasino lato 2023 &#8211; czas dokona\u0107 rezerwacji w SeaUSasino Sasino lato 2023. Wakacyjne terminy w SEAUSASINO powolutku si\u0119 kurcz\u0105. Prze\u0142om wakacyjny lipiec &#8211; Sierpie\u0144 jest najbardziej po\u017c\u0105danym przez Go\u015bci terminem. Nie przegap swojego czasu na wspania\u0142y wypoczynek u nas w bardzo komfortowych warunkach. W zak\u0142adce AKTUALNO\u015aCI &#8211; \u015bledzi\u0107 mo\u017cesz nasze bie\u017c\u0105ce aktualno\u015bci, za\u015b pe\u0142ne kalendarze [&hellip;]<\/p>\n","protected":false},"author":1,"featured_media":2551,"comment_status":"open","ping_status":"open","sticky":false,"template":"","format":"standard","meta":{"_yoast_wpseo_focuskw":"Sasino lato 2022","_yoast_wpseo_title":"SEAUSASINO.PL \u2014 Wolne terminy latem w Sasinie","_yoast_wpseo_metadesc":"Wakacyjne terminy w drewnianych domach z kominkami w Sasinie kurcz\u0105 si\u0119 z ka\u017cdym tygodniem. Sprawd\u017a, co jeszcze jest wolne nad morzem.","seau_keywords":"wolne terminy lato, Sasino wakacje, domki z kominkami, domy nad morzem","footnotes":""},"categories":[12],"tags":[122,114,92,128,130,132,126,124,106,110,112,335,116,120,118,108,134],"class_list":["post-2543","post","type-post","status-publish","format-standard","has-post-thumbnail","hentry","category-bez-kategorii-pl","tag-dom-do-wynajecia-sasino","tag-ewa-zaprasza","tag-sasino-pl","tag-sasino-apartamenty","tag-sasino-apartamenty-do-wynajecia","tag-sasino-apartamenty-na-wynajem","tag-sasino-dom-do-wynajecia","tag-sasino-domki-do-wynajecia","tag-sasino-lato-2023","tag-sasino-wynajem-lipiec-2023","tag-sasino-wynajem-sierpien-2023","tag-stilo-pl","tag-swieta-2022","tag-swieta-nad-morzem","tag-swieta-w-sasinie","tag-wakacje-2023","tag-xmas"],"yoast_head":"<!-- This site is optimized with the Yoast SEO plugin v22.6 - https:\/\/yoast.com\/wordpress\/plugins\/seo\/ -->\n<title>SEAUSASINO.PL \u2014 Wolne terminy latem w Sasinie<\/title>\n<meta name=\"description\" content=\"Wakacyjne terminy w drewnianych domach z kominkami w Sasinie kurcz\u0105 si\u0119 z ka\u017cdym tygodniem. Sprawd\u017a, co jeszcze jest wolne nad morzem.\" \/>\n<meta name=\"robots\" content=\"index, follow, max-snippet:-1, max-image-preview:large, max-video-preview:-1\" \/>\n<link rel=\"canonical\" href=\"https:\/\/seausasino.pl\/news\/pl\/2022\/11\/sasino-lato-2022-w-seausasino-wynajmij-dom\/\" \/>\n<meta property=\"og:locale\" content=\"pl_PL\" \/>\n<meta property=\"og:type\" content=\"article\" \/>\n<meta property=\"og:title\" content=\"SEAUSASINO.PL \u2014 Wolne terminy latem w Sasinie\" \/>\n<meta property=\"og:description\" content=\"Wakacyjne terminy w drewnianych domach z kominkami w Sasinie kurcz\u0105 si\u0119 z ka\u017cdym tygodniem. Sprawd\u017a, co jeszcze jest wolne nad morzem.\" \/>\n<meta property=\"og:url\" content=\"https:\/\/seausasino.pl\/news\/pl\/2022\/11\/sasino-lato-2022-w-seausasino-wynajmij-dom\/\" \/>\n<meta property=\"og:site_name\" content=\"SeaUSasino\" \/>\n<meta property=\"article:publisher\" content=\"https:\/\/www.facebook.com\/sasinoapartments4rent\" \/>\n<meta property=\"article:published_time\" content=\"2022-11-26T20:00:13+00:00\" \/>\n<meta property=\"article:modified_time\" content=\"2026-09-01T13:15:13+00:00\" \/>\n<meta property=\"og:image\" content=\"https:\/\/seausasino.pl\/news\/wp-content\/uploads\/2022\/11\/lato2023seau.jpg\" \/>\n\t<meta property=\"og:image:width\" content=\"1420\" \/>\n\t<meta property=\"og:image:height\" content=\"1064\" \/>\n\t<meta property=\"og:image:type\" content=\"image\/jpeg\" \/>\n<meta name=\"author\" content=\"admin\" \/>\n<meta name=\"twitter:card\" content=\"summary_large_image\" \/>\n<meta name=\"twitter:label1\" content=\"Napisane przez\" \/>\n\t<meta name=\"twitter:data1\" content=\"admin\" \/>\n\t<meta name=\"twitter:label2\" content=\"Szacowany czas czytania\" \/>\n\t<meta name=\"twitter:data2\" content=\"1 minuta\" \/>\n<script type=\"application\/ld+json\" class=\"yoast-schema-graph\">{\"@context\":\"https:\/\/schema.org\",\"@graph\":[{\"@type\":\"Article\",\"@id\":\"https:\/\/seausasino.pl\/news\/pl\/2022\/11\/sasino-lato-2022-w-seausasino-wynajmij-dom\/#article\",\"isPartOf\":{\"@id\":\"https:\/\/seausasino.pl\/news\/pl\/2022\/11\/sasino-lato-2022-w-seausasino-wynajmij-dom\/\"},\"author\":{\"name\":\"admin\",\"@id\":\"https:\/\/seausasino.pl\/news\/#\/schema\/person\/83768b5304ac25a7aec12584e5bafa66\"},\"headline\":\"Sasino lato 2023. sprawd\u017a wolne terminy w SEAUSASINO\",\"datePublished\":\"2022-11-26T20:00:13+00:00\",\"dateModified\":\"2026-09-01T13:15:13+00:00\",\"mainEntityOfPage\":{\"@id\":\"https:\/\/seausasino.pl\/news\/pl\/2022\/11\/sasino-lato-2022-w-seausasino-wynajmij-dom\/\"},\"wordCount\":79,\"commentCount\":0,\"publisher\":{\"@id\":\"https:\/\/seausasino.pl\/news\/#organization\"},\"image\":{\"@id\":\"https:\/\/seausasino.pl\/news\/pl\/2022\/11\/sasino-lato-2022-w-seausasino-wynajmij-dom\/#primaryimage\"},\"thumbnailUrl\":\"https:\/\/seausasino.pl\/news\/wp-content\/uploads\/2022\/11\/lato2023seau.jpg\",\"keywords\":[\"dom do wynaj\u0119cia Sasino\",\"ewa zaprasza\",\"sasino\",\"Sasino apartamenty\",\"Sasino apartamenty do wynaj\u0119cia\",\"Sasino apartamenty na wynajem\",\"Sasino dom do wynaj\u0119cia\",\"Sasino domki do wynaj\u0119cia\",\"Sasino lato 2023\",\"Sasino wynajem lipiec 2023\",\"sasino wynajem sierpie\u0144 2023\",\"stilo\",\"\u015awi\u0119ta 2022\",\"\u015awi\u0119ta nad morzem\",\"\u015awi\u0119ta w Sasinie\",\"wakacje 2023\",\"Xmas\"],\"inLanguage\":\"pl-PL\",\"potentialAction\":[{\"@type\":\"CommentAction\",\"name\":\"Comment\",\"target\":[\"https:\/\/seausasino.pl\/news\/pl\/2022\/11\/sasino-lato-2022-w-seausasino-wynajmij-dom\/#respond\"]}]},{\"@type\":\"WebPage\",\"@id\":\"https:\/\/seausasino.pl\/news\/pl\/2022\/11\/sasino-lato-2022-w-seausasino-wynajmij-dom\/\",\"url\":\"https:\/\/seausasino.pl\/news\/pl\/2022\/11\/sasino-lato-2022-w-seausasino-wynajmij-dom\/\",\"name\":\"SEAUSASINO.PL \u2014 Wolne terminy latem w Sasinie\",\"isPartOf\":{\"@id\":\"https:\/\/seausasino.pl\/news\/#website\"},\"primaryImageOfPage\":{\"@id\":\"https:\/\/seausasino.pl\/news\/pl\/2022\/11\/sasino-lato-2022-w-seausasino-wynajmij-dom\/#primaryimage\"},\"image\":{\"@id\":\"https:\/\/seausasino.pl\/news\/pl\/2022\/11\/sasino-lato-2022-w-seausasino-wynajmij-dom\/#primaryimage\"},\"thumbnailUrl\":\"https:\/\/seausasino.pl\/news\/wp-content\/uploads\/2022\/11\/lato2023seau.jpg\",\"datePublished\":\"2022-11-26T20:00:13+00:00\",\"dateModified\":\"2026-09-01T13:15:13+00:00\",\"description\":\"Wakacyjne terminy w drewnianych domach z kominkami w Sasinie kurcz\u0105 si\u0119 z ka\u017cdym tygodniem. Sprawd\u017a, co jeszcze jest wolne nad morzem.\",\"breadcrumb\":{\"@id\":\"https:\/\/seausasino.pl\/news\/pl\/2022\/11\/sasino-lato-2022-w-seausasino-wynajmij-dom\/#breadcrumb\"},\"inLanguage\":\"pl-PL\",\"potentialAction\":[{\"@type\":\"ReadAction\",\"target\":[\"https:\/\/seausasino.pl\/news\/pl\/2022\/11\/sasino-lato-2022-w-seausasino-wynajmij-dom\/\"]}]},{\"@type\":\"ImageObject\",\"inLanguage\":\"pl-PL\",\"@id\":\"https:\/\/seausasino.pl\/news\/pl\/2022\/11\/sasino-lato-2022-w-seausasino-wynajmij-dom\/#primaryimage\",\"url\":\"https:\/\/seausasino.pl\/news\/wp-content\/uploads\/2022\/11\/lato2023seau.jpg\",\"contentUrl\":\"https:\/\/seausasino.pl\/news\/wp-content\/uploads\/2022\/11\/lato2023seau.jpg\",\"width\":1420,\"height\":1064},{\"@type\":\"BreadcrumbList\",\"@id\":\"https:\/\/seausasino.pl\/news\/pl\/2022\/11\/sasino-lato-2022-w-seausasino-wynajmij-dom\/#breadcrumb\",\"itemListElement\":[{\"@type\":\"ListItem\",\"position\":1,\"name\":\"Strona g\u0142\u00f3wna\",\"item\":\"https:\/\/seausasino.pl\/news\/pl\/\"},{\"@type\":\"ListItem\",\"position\":2,\"name\":\"Sasino lato 2023. sprawd\u017a wolne terminy w SEAUSASINO\"}]},{\"@type\":\"WebSite\",\"@id\":\"https:\/\/seausasino.pl\/news\/#website\",\"url\":\"https:\/\/seausasino.pl\/news\/\",\"name\":\"SeaUSasino\",\"description\":\"Blog\",\"publisher\":{\"@id\":\"https:\/\/seausasino.pl\/news\/#organization\"},\"potentialAction\":[{\"@type\":\"SearchAction\",\"target\":{\"@type\":\"EntryPoint\",\"urlTemplate\":\"https:\/\/seausasino.pl\/news\/?s={search_term_string}\"},\"query-input\":\"required name=search_term_string\"}],\"inLanguage\":\"pl-PL\"},{\"@type\":\"Organization\",\"@id\":\"https:\/\/seausasino.pl\/news\/#organization\",\"name\":\"SeaUSasino\",\"url\":\"https:\/\/seausasino.pl\/news\/\",\"logo\":{\"@type\":\"ImageObject\",\"inLanguage\":\"pl-PL\",\"@id\":\"https:\/\/seausasino.pl\/news\/#\/schema\/logo\/image\/\",\"url\":\"https:\/\/seausasino.pl\/news\/wp-content\/uploads\/2022\/09\/06-2.jpg\",\"contentUrl\":\"https:\/\/seausasino.pl\/news\/wp-content\/uploads\/2022\/09\/06-2.jpg\",\"width\":853,\"height\":1280,\"caption\":\"SeaUSasino\"},\"image\":{\"@id\":\"https:\/\/seausasino.pl\/news\/#\/schema\/logo\/image\/\"},\"sameAs\":[\"https:\/\/www.facebook.com\/sasinoapartments4rent\",\"https:\/\/www.instagram.com\/seausasino\"]},{\"@type\":\"Person\",\"@id\":\"https:\/\/seausasino.pl\/news\/#\/schema\/person\/83768b5304ac25a7aec12584e5bafa66\",\"name\":\"admin\",\"image\":{\"@type\":\"ImageObject\",\"inLanguage\":\"pl-PL\",\"@id\":\"https:\/\/seausasino.pl\/news\/#\/schema\/person\/image\/\",\"url\":\"https:\/\/secure.gravatar.com\/avatar\/fc9bb3bac2b6959872cb274c84c62cf23e37f06526382b7da0d744fac7f387cb?s=96&d=mm&r=g\",\"contentUrl\":\"https:\/\/secure.gravatar.com\/avatar\/fc9bb3bac2b6959872cb274c84c62cf23e37f06526382b7da0d744fac7f387cb?s=96&d=mm&r=g\",\"caption\":\"admin\"},\"url\":\"https:\/\/seausasino.pl\/news\/author\/admin\/\"}]}<\/script>\n<!-- \/ Yoast SEO plugin. -->","yoast_head_json":{"title":"SEAUSASINO.PL \u2014 Wolne terminy latem w Sasinie","description":"Wakacyjne terminy w drewnianych domach z kominkami w Sasinie kurcz\u0105 si\u0119 z ka\u017cdym tygodniem. Sprawd\u017a, co jeszcze jest wolne nad morzem.","robots":{"index":"index","follow":"follow","max-snippet":"max-snippet:-1","max-image-preview":"max-image-preview:large","max-video-preview":"max-video-preview:-1"},"canonical":"https:\/\/seausasino.pl\/news\/pl\/2022\/11\/sasino-lato-2022-w-seausasino-wynajmij-dom\/","og_locale":"pl_PL","og_type":"article","og_title":"SEAUSASINO.PL \u2014 Wolne terminy latem w Sasinie","og_description":"Wakacyjne terminy w drewnianych domach z kominkami w Sasinie kurcz\u0105 si\u0119 z ka\u017cdym tygodniem. Sprawd\u017a, co jeszcze jest wolne nad morzem.","og_url":"https:\/\/seausasino.pl\/news\/pl\/2022\/11\/sasino-lato-2022-w-seausasino-wynajmij-dom\/","og_site_name":"SeaUSasino","article_publisher":"https:\/\/www.facebook.com\/sasinoapartments4rent","article_published_time":"2022-11-26T20:00:13+00:00","article_modified_time":"2026-09-01T13:15:13+00:00","og_image":[{"width":1420,"height":1064,"url":"https:\/\/seausasino.pl\/news\/wp-content\/uploads\/2022\/11\/lato2023seau.jpg","type":"image\/jpeg"}],"author":"admin","twitter_card":"summary_large_image","twitter_misc":{"Napisane przez":"admin","Szacowany czas czytania":"1 minuta"},"schema":{"@context":"https:\/\/schema.org","@graph":[{"@type":"Article","@id":"https:\/\/seausasino.pl\/news\/pl\/2022\/11\/sasino-lato-2022-w-seausasino-wynajmij-dom\/#article","isPartOf":{"@id":"https:\/\/seausasino.pl\/news\/pl\/2022\/11\/sasino-lato-2022-w-seausasino-wynajmij-dom\/"},"author":{"name":"admin","@id":"https:\/\/seausasino.pl\/news\/#\/schema\/person\/83768b5304ac25a7aec12584e5bafa66"},"headline":"Sasino lato 2023. sprawd\u017a wolne terminy w SEAUSASINO","datePublished":"2022-11-26T20:00:13+00:00","dateModified":"2026-09-01T13:15:13+00:00","mainEntityOfPage":{"@id":"https:\/\/seausasino.pl\/news\/pl\/2022\/11\/sasino-lato-2022-w-seausasino-wynajmij-dom\/"},"wordCount":79,"commentCount":0,"publisher":{"@id":"https:\/\/seausasino.pl\/news\/#organization"},"image":{"@id":"https:\/\/seausasino.pl\/news\/pl\/2022\/11\/sasino-lato-2022-w-seausasino-wynajmij-dom\/#primaryimage"},"thumbnailUrl":"https:\/\/seausasino.pl\/news\/wp-content\/uploads\/2022\/11\/lato2023seau.jpg","keywords":["dom do wynaj\u0119cia Sasino","ewa zaprasza","sasino","Sasino apartamenty","Sasino apartamenty do wynaj\u0119cia","Sasino apartamenty na wynajem","Sasino dom do wynaj\u0119cia","Sasino domki do wynaj\u0119cia","Sasino lato 2023","Sasino wynajem lipiec 2023","sasino wynajem sierpie\u0144 2023","stilo","\u015awi\u0119ta 2022","\u015awi\u0119ta nad morzem","\u015awi\u0119ta w Sasinie","wakacje 2023","Xmas"],"inLanguage":"pl-PL","potentialAction":[{"@type":"CommentAction","name":"Comment","target":["https:\/\/seausasino.pl\/news\/pl\/2022\/11\/sasino-lato-2022-w-seausasino-wynajmij-dom\/#respond"]}]},{"@type":"WebPage","@id":"https:\/\/seausasino.pl\/news\/pl\/2022\/11\/sasino-lato-2022-w-seausasino-wynajmij-dom\/","url":"https:\/\/seausasino.pl\/news\/pl\/2022\/11\/sasino-lato-2022-w-seausasino-wynajmij-dom\/","name":"SEAUSASINO.PL \u2014 Wolne terminy latem w Sasinie","isPartOf":{"@id":"https:\/\/seausasino.pl\/news\/#website"},"primaryImageOfPage":{"@id":"https:\/\/seausasino.pl\/news\/pl\/2022\/11\/sasino-lato-2022-w-seausasino-wynajmij-dom\/#primaryimage"},"image":{"@id":"https:\/\/seausasino.pl\/news\/pl\/2022\/11\/sasino-lato-2022-w-seausasino-wynajmij-dom\/#primaryimage"},"thumbnailUrl":"https:\/\/seausasino.pl\/news\/wp-content\/uploads\/2022\/11\/lato2023seau.jpg","datePublished":"2022-11-26T20:00:13+00:00","dateModified":"2026-09-01T13:15:13+00:00","description":"Wakacyjne terminy w drewnianych domach z kominkami w Sasinie kurcz\u0105 si\u0119 z ka\u017cdym tygodniem. Sprawd\u017a, co jeszcze jest wolne nad morzem.","breadcrumb":{"@id":"https:\/\/seausasino.pl\/news\/pl\/2022\/11\/sasino-lato-2022-w-seausasino-wynajmij-dom\/#breadcrumb"},"inLanguage":"pl-PL","potentialAction":[{"@type":"ReadAction","target":["https:\/\/seausasino.pl\/news\/pl\/2022\/11\/sasino-lato-2022-w-seausasino-wynajmij-dom\/"]}]},{"@type":"ImageObject","inLanguage":"pl-PL","@id":"https:\/\/seausasino.pl\/news\/pl\/2022\/11\/sasino-lato-2022-w-seausasino-wynajmij-dom\/#primaryimage","url":"https:\/\/seausasino.pl\/news\/wp-content\/uploads\/2022\/11\/lato2023seau.jpg","contentUrl":"https:\/\/seausasino.pl\/news\/wp-content\/uploads\/2022\/11\/lato2023seau.jpg","width":1420,"height":1064},{"@type":"BreadcrumbList","@id":"https:\/\/seausasino.pl\/news\/pl\/2022\/11\/sasino-lato-2022-w-seausasino-wynajmij-dom\/#breadcrumb","itemListElement":[{"@type":"ListItem","position":1,"name":"Strona g\u0142\u00f3wna","item":"https:\/\/seausasino.pl\/news\/pl\/"},{"@type":"ListItem","position":2,"name":"Sasino lato 2023. sprawd\u017a wolne terminy w SEAUSASINO"}]},{"@type":"WebSite","@id":"https:\/\/seausasino.pl\/news\/#website","url":"https:\/\/seausasino.pl\/news\/","name":"SeaUSasino","description":"Blog","publisher":{"@id":"https:\/\/seausasino.pl\/news\/#organization"},"potentialAction":[{"@type":"SearchAction","target":{"@type":"EntryPoint","urlTemplate":"https:\/\/seausasino.pl\/news\/?s={search_term_string}"},"query-input":"required name=search_term_string"}],"inLanguage":"pl-PL"},{"@type":"Organization","@id":"https:\/\/seausasino.pl\/news\/#organization","name":"SeaUSasino","url":"https:\/\/seausasino.pl\/news\/","logo":{"@type":"ImageObject","inLanguage":"pl-PL","@id":"https:\/\/seausasino.pl\/news\/#\/schema\/logo\/image\/","url":"https:\/\/seausasino.pl\/news\/wp-content\/uploads\/2022\/09\/06-2.jpg","contentUrl":"https:\/\/seausasino.pl\/news\/wp-content\/uploads\/2022\/09\/06-2.jpg","width":853,"height":1280,"caption":"SeaUSasino"},"image":{"@id":"https:\/\/seausasino.pl\/news\/#\/schema\/logo\/image\/"},"sameAs":["https:\/\/www.facebook.com\/sasinoapartments4rent","https:\/\/www.instagram.com\/seausasino"]},{"@type":"Person","@id":"https:\/\/seausasino.pl\/news\/#\/schema\/person\/83768b5304ac25a7aec12584e5bafa66","name":"admin","image":{"@type":"ImageObject","inLanguage":"pl-PL","@id":"https:\/\/seausasino.pl\/news\/#\/schema\/person\/image\/","url":"https:\/\/secure.gravatar.com\/avatar\/fc9bb3bac2b6959872cb274c84c62cf23e37f06526382b7da0d744fac7f387cb?s=96&d=mm&r=g","contentUrl":"https:\/\/secure.gravatar.com\/avatar\/fc9bb3bac2b6959872cb274c84c62cf23e37f06526382b7da0d744fac7f387cb?s=96&d=mm&r=g","caption":"admin"},"url":"https:\/\/seausasino.pl\/news\/author\/admin\/"}]}},"_links":{"self":[{"href":"https:\/\/seausasino.pl\/news\/wp-json\/wp\/v2\/posts\/2543","targetHints":{"allow":["GET"]}}],"collection":[{"href":"https:\/\/seausasino.pl\/news\/wp-json\/wp\/v2\/posts"}],"about":[{"href":"https:\/\/seausasino.pl\/news\/wp-json\/wp\/v2\/types\/post"}],"author":[{"embeddable":true,"href":"https:\/\/seausasino.pl\/news\/wp-json\/wp\/v2\/users\/1"}],"replies":[{"embeddable":true,"href":"https:\/\/seausasino.pl\/news\/wp-json\/wp\/v2\/comments?post=2543"}],"version-history":[{"count":14,"href":"https:\/\/seausasino.pl\/news\/wp-json\/wp\/v2\/posts\/2543\/revisions"}],"predecessor-version":[{"id":4604,"href":"https:\/\/seausasino.pl\/news\/wp-json\/wp\/v2\/posts\/2543\/revisions\/4604"}],"wp:featuredmedia":[{"embeddable":true,"href":"https:\/\/seausasino.pl\/news\/wp-json\/wp\/v2\/media\/2551"}],"wp:attachment":[{"href":"https:\/\/seausasino.pl\/news\/wp-json\/wp\/v2\/media?parent=2543"}],"wp:term":[{"taxonomy":"category","embeddable":true,"href":"https:\/\/seausasino.pl\/news\/wp-json\/wp\/v2\/categories?post=2543"},{"taxonomy":"post_tag","embeddable":true,"href":"https:\/\/seausasino.pl\/news\/wp-json\/wp\/v2\/tags?post=2543"}],"curies":[{"name":"wp","href":"https:\/\/api.w.org\/{rel}","templated":true}]}}